{"id":16983,"date":"2012-02-18T22:56:48","date_gmt":"2012-02-18T21:56:48","guid":{"rendered":"http:\/\/www.schiebener.net\/wordpress\/?p=16983"},"modified":"2012-02-18T22:56:48","modified_gmt":"2012-02-18T21:56:48","slug":"umleitung-wulffwulff-und-dann-noch-die-soziologie-und-ein-stinkender-bahnhof-in-meschede","status":"publish","type":"post","link":"https:\/\/www.schiebener.net\/wordpress\/umleitung-wulffwulff-und-dann-noch-die-soziologie-und-ein-stinkender-bahnhof-in-meschede\/","title":{"rendered":"Umleitung: Wulff^Wulff und dann noch die Soziologie und ein stinkender Bahnhof in Meschede."},"content":{"rendered":"<figure id=\"attachment_16984\" aria-describedby=\"caption-attachment-16984\" style=\"width: 224px\" class=\"wp-caption alignleft\"><img loading=\"lazy\" decoding=\"async\" class=\"size-full wp-image-16984\" title=\"paderborn2012021802\" src=\"http:\/\/www.schiebener.net\/wordpress\/wp-content\/uploads\/2012\/02\/paderborn2012021802.jpg\" alt=\"paderborn2012021802\" width=\"224\" height=\"447\" srcset=\"https:\/\/www.schiebener.net\/wordpress\/wp-content\/uploads\/2012\/02\/paderborn2012021802.jpg 320w, https:\/\/www.schiebener.net\/wordpress\/wp-content\/uploads\/2012\/02\/paderborn2012021802-150x300.jpg 150w\" sizes=\"auto, (max-width: 224px) 85vw, 224px\" \/><figcaption id=\"caption-attachment-16984\" class=\"wp-caption-text\">Was Friseure k\u00f6nnen, k\u00f6nnen nur Friseure - auch in Paderborn (foto: zoom)<\/figcaption><\/figure>\n<p><em>&#8222;Internet an: Wulff, Radio an: Wulff, Fernseher an: Wulff. Ehrlich, ich hab grad bissel Angst den K\u00fchlschrank aufzumachen.&#8220;\u00a0 &#8230; <a href=\"https:\/\/twitter.com\/#!\/tobowahuhu\/status\/170550714374946816\" target=\"_blank\">Rainer Zufall<\/a><\/em><\/p>\n<p><strong>Politische Botanik:<\/strong> Die R\u00fccktrittsrede Christian Wulffs illustriert ein letztes Mal seine schr\u00e4ge Rhetorik &#8230; <a href=\"http:\/\/www.wiesaussieht.de\/2012\/02\/17\/politische-botanik\/\" target=\"_blank\">wiesaussieht<\/a><\/p>\n<p><strong>Wulff, Grolsch, das Zacher und ein Streit mit einem Freund:<\/strong> Soll Wulff seinen Ehrensold erhalten? Mir ist das vollkommen egal. Einem Freund von mir nicht, schreibt Stefan Laurin &#8230; <a href=\"http:\/\/www.ruhrbarone.de\/wulff-grolsch-das-zacher-und-ein-streit-mit-einem-freund\/\" target=\"_blank\">ruhrbarone<\/a><\/p>\n<p><strong>Wulff &#8211; ein Fernsehtag:<\/strong> G\u00fcnther Jauchs Sondersendung zum R\u00fccktritt des Bundespr\u00e4sidenten pl\u00e4tscherte dahin wie ein Pool auf Ibiza, empfindet Frank L\u00fcbberding &#8230; <a href=\"http:\/\/www.faz.net\/aktuell\/feuilleton\/medien\/faz-net-fruehkritik-guenther-jauch-wulff-ein-fernsehtag-11654134.html\" target=\"_blank\">faznet<\/a><\/p>\n<p><strong>Die Oma und der b\u00f6se Wulff:<\/strong> \u00e2\u20ac\u017eSag mal, warum ist denn der Wulff zur\u00fcckgetreten?\u00e2\u20ac\u0153, fragte sie mich pl\u00f6tzlich. Immerhin: diese Meldung hatte sie gestern Nachmittag noch nicht auf dem Schirm &#8230; <a href=\"http:\/\/www.jurga.de\/230.html\" target=\"_blank\">jurga<\/a><\/p>\n<p><strong>Satire:<\/strong> Wortlaut der R\u00fccktrittserkl\u00e4rung des Bundespr\u00e4sidenten &#8230; <a href=\"http:\/\/wutzeline.wordpress.com\/2012\/02\/17\/wortlaut-der-rucktrittserklarung-des-bundesprasidentensatire\/\" target=\"_blank\">wutzeline<\/a><\/p>\n<p><strong>Der bleiche Abschied des Christian Wulff:<\/strong> &#8222;F\u00fcr Sekunden habe ich es f\u00fcr m\u00f6glich gehalten (f\u00fcr m\u00f6glich halten wollen), dass Wulff \u00e2\u20ac\u201c mitten im Satz \u00e2\u20ac\u201c bitterlich weinend zusammenbricht und sich bebend an seine Frau klammert. Doch so etwas geschieht nicht im Staatstheater&#8220;, schreibt Bernd Berke &#8230; <a href=\"http:\/\/www.revierpassagen.de\/7609\/der-bleiche-abschied-des-christian-wulff\/20120217_1152\" target=\"_blank\">revierpassagen<\/a><\/p>\n<p><strong>Wulffs R\u00fccktritt ist Merkels Debakel:<\/strong> Der zweite Pr\u00e4sident von Angela Merkel ist weg. Der zweite, den sie dem Land im Alleingang aufs Auge gedr\u00fcckt hat &#8230; <a href=\"http:\/\/www.wir-in-nrw-blog.de\/2012\/02\/wulffs-rucktritt-ist-merkels-debakel\/\" target=\"_blank\">WirInNRW<\/a><\/p>\n<p><strong>Umbruchsbew\u00e4ltigung \u00e2\u20ac\u201c Soziologie: eine Wissenschaft (be-)sucht die Gesellschaft:<\/strong> &#8222;Seit geraumer Zeit ist zu beobachten, dass Soziologen in Frankfurt, Kassel oder Jena ihre Rolle in der Gesellschaft und ihren \u00f6ffentlichen Auftrag \u00fcberpr\u00fcfen, um nicht zuletzt aus dem \u00fcberm\u00e4chtigen Schatten des J\u00fcrgen Habermas heraus zu treten, der zur Zeit der einzige, \u00f6ffentlich wahrgenommene Intellektuelle in Deutschland ist, auch wenn er in keiner Talkshow auftaucht&#8220;, beobachtet Jutta Roitsch &#8230; <a href=\"http:\/\/www.nachdenkseiten.de\/?p=12244#more-12244\" target=\"_blank\">nachdenkseiten <\/a><\/p>\n<p><strong>Bahnhof Meschede:<\/strong> Nase zu und durch. Ekelhaft, meint Daniel K\u00f6hne &#8230; <a href=\"http:\/\/daniel-koehne.de\/mixtape\/bahnhof-meschede-nase-zu-und-durch\/\" target=\"_blank\">mixtape<\/a><\/p>\n<p><strong>Wir war\u00e2\u20ac\u2122ns, wir war\u00e2\u20ac\u2122ns \u00e2\u20ac\u00a6<\/strong> Die Zielgruppe der \u00e2\u20ac\u0153Politiker\u00e2\u20ac\u009d rekrutiert sich ja zuerst aus der gemeinen Gesellschaft. Dass da heute ein Grossteil der Leute vom \u00e2\u20ac\u0153Stamme Nimm\u00e2\u20ac\u009d sind, ist ein Ph\u00e4nomen, welches seit vielen Jahren wahrgenommen werden kann &#8230; <a href=\"http:\/\/www.wiemeringhausen-blog.com\/wordpress\/?p=3663\" target=\"_blank\">wiemeringhauser<\/a><\/p>\n","protected":false},"excerpt":{"rendered":"<p>&#8222;Internet an: Wulff, Radio an: Wulff, Fernseher an: Wulff. Ehrlich, ich hab grad bissel Angst den K\u00fchlschrank aufzumachen.&#8220;\u00a0 &#8230; Rainer Zufall Politische Botanik: Die R\u00fccktrittsrede Christian Wulffs illustriert ein letztes &hellip; <a href=\"https:\/\/www.schiebener.net\/wordpress\/umleitung-wulffwulff-und-dann-noch-die-soziologie-und-ein-stinkender-bahnhof-in-meschede\/\" class=\"more-link\"><span class=\"screen-reader-text\">\u201eUmleitung: Wulff^Wulff und dann noch die Soziologie und ein stinkender Bahnhof in Meschede.\u201c <\/span>weiterlesen<\/a><\/p>\n","protected":false},"author":3,"featured_media":0,"comment_status":"open","ping_status":"open","sticky":false,"template":"","format":"standard","meta":{"footnotes":""},"categories":[80,24,2782,379],"tags":[3273,264],"class_list":["post-16983","post","type-post","status-publish","format-standard","hentry","category-lokales","category-politik","category-satire","category-umleitung","tag-christian-wulff","tag-meschede"],"_links":{"self":[{"href":"https:\/\/www.schiebener.net\/wordpress\/wp-json\/wp\/v2\/posts\/16983","targetHints":{"allow":["GET"]}}],"collection":[{"href":"https:\/\/www.schiebener.net\/wordpress\/wp-json\/wp\/v2\/posts"}],"about":[{"href":"https:\/\/www.schiebener.net\/wordpress\/wp-json\/wp\/v2\/types\/post"}],"author":[{"embeddable":true,"href":"https:\/\/www.schiebener.net\/wordpress\/wp-json\/wp\/v2\/users\/3"}],"replies":[{"embeddable":true,"href":"https:\/\/www.schiebener.net\/wordpress\/wp-json\/wp\/v2\/comments?post=16983"}],"version-history":[{"count":0,"href":"https:\/\/www.schiebener.net\/wordpress\/wp-json\/wp\/v2\/posts\/16983\/revisions"}],"wp:attachment":[{"href":"https:\/\/www.schiebener.net\/wordpress\/wp-json\/wp\/v2\/media?parent=16983"}],"wp:term":[{"taxonomy":"category","embeddable":true,"href":"https:\/\/www.schiebener.net\/wordpress\/wp-json\/wp\/v2\/categories?post=16983"},{"taxonomy":"post_tag","embeddable":true,"href":"https:\/\/www.schiebener.net\/wordpress\/wp-json\/wp\/v2\/tags?post=16983"}],"curies":[{"name":"wp","href":"https:\/\/api.w.org\/{rel}","templated":true}]}}