{"id":16960,"date":"2012-02-16T22:26:20","date_gmt":"2012-02-16T21:26:20","guid":{"rendered":"http:\/\/www.schiebener.net\/wordpress\/?p=16960"},"modified":"2013-10-27T19:43:24","modified_gmt":"2013-10-27T17:43:24","slug":"zuschen-hat-probleme-ein-fall-fur-die-westfalenpost-leider-ungelost","status":"publish","type":"post","link":"https:\/\/www.schiebener.net\/wordpress\/zuschen-hat-probleme-ein-fall-fur-die-westfalenpost-leider-ungelost\/","title":{"rendered":"Z\u00fcschen hat Probleme &#8211; ein Fall f\u00fcr die Westfalenpost: leider ungel\u00f6st."},"content":{"rendered":"<figure id=\"attachment_16968\" aria-describedby=\"caption-attachment-16968\" style=\"width: 512px\" class=\"wp-caption aligncenter\"><a href=\"http:\/\/www.schiebener.net\/wordpress\/wp-content\/uploads\/2012\/02\/zueschenradweg.jpg\"><img loading=\"lazy\" decoding=\"async\" class=\"size-full wp-image-16968\" title=\"zueschenradweg\" alt=\"Ein Plus f\u00fcr Z\u00fcschen: hier beginnt der Radweg nach Hallenberg auf der (leider) stillgelegten Bahntrasse nach Hallenberg\/Frankenberg. (foto: zoom)\" src=\"http:\/\/www.schiebener.net\/wordpress\/wp-content\/uploads\/2012\/02\/zueschenradweg.jpg\" width=\"512\" height=\"384\" srcset=\"https:\/\/www.schiebener.net\/wordpress\/wp-content\/uploads\/2012\/02\/zueschenradweg.jpg 512w, https:\/\/www.schiebener.net\/wordpress\/wp-content\/uploads\/2012\/02\/zueschenradweg-300x225.jpg 300w\" sizes=\"auto, (max-width: 512px) 85vw, 512px\" \/><\/a><figcaption id=\"caption-attachment-16968\" class=\"wp-caption-text\">Ein Plus f\u00fcr Z\u00fcschen: hier beginnt der Radweg nach Hallenberg auf der (leider) stillgelegten Bahntrasse nach Hallenberg\/Frankenberg. (foto: zoom)<\/figcaption><\/figure>\n<p><strong>In der gestrigen Ausgabe der <a href=\"http:\/\/www.derwesten.de\/staedte\/nachrichten-aus-winterberg-medebach-und-hallenberg\/ihr-dorf-liegt-den-zueschern-am-herzen-id6348652.html\" target=\"_blank\">Westfalenpost<\/a> lese ich einen langen Artikel mit dem Titel &#8222;Ihr Dorf liegt den Z\u00fcschern am Herzen&#8220;\u009d. Aufh\u00e4nger ist eine B\u00fcrgerbefragung, die im vergangenen Jahr im Winterberger Stadtteil Z\u00fcschen durchgef\u00fchrt wurde. Gefragt hat eine &#8218;Arbeitsgruppe engagierter B\u00fcrger&#8216; in Zusammenarbeit mit dem Stadtmarketingverein.<br \/>\n<\/strong><\/p>\n<p><em>Gastbeitrag: Unser Autor m\u00f6chte nicht genannt werden, da er im eng gewebten Sozialraum des Hochsauerlandes Nachteile bef\u00fcrchtet. Das Foto hat ihm der Herausgeber spendiert.<\/em><\/p>\n<p><strong>Z\u00fcschen hat Probleme<\/strong><\/p>\n<p>Im Artikel werden gravierende Problem Z\u00fcschens wie zunehmende Leerst\u00e4nde von Wohnh\u00e4usern, ein Bev\u00f6lkerungsr\u00fcckgang um 10% in den vergangenen Jahren und die daraus resultierenden Schwierigkeiten bei der Aufrechterhaltung der Infrastruktur genannt. Ziel soll es sein, die &#8222;Menschen f\u00fcr das Leben in den D\u00f6rfern (zu) begeistern und (zu) versuchen, neue Menschen f\u00fcr das Leben in der Region zu gewinnen.&#8220;<\/p>\n<p><strong>Wege aus der Krise?<\/strong><\/p>\n<p>Folgende Wege will Z\u00fcschen gehen, um die Menschen f\u00fcr das Leben im Dorf zu begeistern: Die Weiterentwicklung des Tourismus, denn G\u00e4ste bringen Kaufkraft. Die Profilierung Z\u00fcschens als &#8222;Dorf der Sinne&#8220;. Die bessere Information \u00fcber Angebote im Dorf und schlie\u00dflich die Vermittlung eines positiv besetzten Heimatgef\u00fchls bei der Jugend, um diese an die Region zu binden.<\/p>\n<p><strong>Wer hat den Text geschrieben?<\/strong><\/p>\n<p>Bei dem Text scheint es sich nicht um einen redaktionellen Artikel der WP zu handeln. Er ist weder namentlich gezeichnet, noch wird der Fotograf genannt. Kann ich also daraus schlie\u00dfen, dass der Verein f\u00fcr Stadtmarketing den Artikel selbst schrieb und der WP au\u00dferdem das Bild zur Verf\u00fcgung stellte? Eine redaktionelle Sicht auf die Auslassungen des Winterberger Vereins finden sich im Text jedenfalls nicht.<\/p>\n<p><strong>Was fehlt: Arbeit, Frauen, Gleichberechtigung<br \/>\n<\/strong><\/p>\n<p>Die \u00dcberlegungen des Vereins f\u00fcr Stadtmarketing greifen meines Erachtens zu kurz: Die Menschen w\u00e4hlen ihren Wohnsitz doch meist dort, wo sie Arbeit finden. Ohne Arbeit gen\u00fcgt keine Identifikation, kein Wohlf\u00fchlen und kein &#8222;Dorf der Sinne&#8220;, um sich in Z\u00fcschen anzusiedeln.<\/p>\n<p>Die Landflucht insbesondere von gut ausgebildeten jungen Frauen erw\u00e4hnt der Stadtmarketingverein ebenfalls mit keinem Wort. Bisher wird diese Entwicklung in der Region kaum thematisiert. Dabei k\u00f6nnte das Sauerland an Ausstrahlung gewinnen, wenn es sich die gleichberechtigte Einbeziehung von Frauen in allen gesellschaftlichen Bereichen zur Aufgabe machen w\u00fcrde.<\/p>\n<p><strong>Fazit:<\/strong> ein im Grunde genommen spannendes lokalpolitisches Thema wird leider nicht professionell &#8211; journalistisch, sondern als billige Abschreibe verschenkt.<\/p>\n","protected":false},"excerpt":{"rendered":"<p>In der gestrigen Ausgabe der Westfalenpost lese ich einen langen Artikel mit dem Titel &#8222;Ihr Dorf liegt den Z\u00fcschern am Herzen&#8220;\u009d. Aufh\u00e4nger ist eine B\u00fcrgerbefragung, die im vergangenen Jahr im &hellip; <a href=\"https:\/\/www.schiebener.net\/wordpress\/zuschen-hat-probleme-ein-fall-fur-die-westfalenpost-leider-ungelost\/\" class=\"more-link\"><span class=\"screen-reader-text\">\u201eZ\u00fcschen hat Probleme &#8211; ein Fall f\u00fcr die Westfalenpost: leider ungel\u00f6st.\u201c <\/span>weiterlesen<\/a><\/p>\n","protected":false},"author":18,"featured_media":0,"comment_status":"open","ping_status":"open","sticky":false,"template":"","format":"standard","meta":{"footnotes":""},"categories":[80,32,24],"tags":[340,1680],"class_list":["post-16960","post","type-post","status-publish","format-standard","hentry","category-lokales","category-medien","category-politik","tag-westfalenpost","tag-zuschen"],"_links":{"self":[{"href":"https:\/\/www.schiebener.net\/wordpress\/wp-json\/wp\/v2\/posts\/16960","targetHints":{"allow":["GET"]}}],"collection":[{"href":"https:\/\/www.schiebener.net\/wordpress\/wp-json\/wp\/v2\/posts"}],"about":[{"href":"https:\/\/www.schiebener.net\/wordpress\/wp-json\/wp\/v2\/types\/post"}],"author":[{"embeddable":true,"href":"https:\/\/www.schiebener.net\/wordpress\/wp-json\/wp\/v2\/users\/18"}],"replies":[{"embeddable":true,"href":"https:\/\/www.schiebener.net\/wordpress\/wp-json\/wp\/v2\/comments?post=16960"}],"version-history":[{"count":0,"href":"https:\/\/www.schiebener.net\/wordpress\/wp-json\/wp\/v2\/posts\/16960\/revisions"}],"wp:attachment":[{"href":"https:\/\/www.schiebener.net\/wordpress\/wp-json\/wp\/v2\/media?parent=16960"}],"wp:term":[{"taxonomy":"category","embeddable":true,"href":"https:\/\/www.schiebener.net\/wordpress\/wp-json\/wp\/v2\/categories?post=16960"},{"taxonomy":"post_tag","embeddable":true,"href":"https:\/\/www.schiebener.net\/wordpress\/wp-json\/wp\/v2\/tags?post=16960"}],"curies":[{"name":"wp","href":"https:\/\/api.w.org\/{rel}","templated":true}]}}