{"id":1681,"date":"2009-01-02T23:11:49","date_gmt":"2009-01-02T22:11:49","guid":{"rendered":"http:\/\/www.schiebener.net\/wordpress\/?p=1681"},"modified":"2009-01-02T23:13:24","modified_gmt":"2009-01-02T22:13:24","slug":"deutsche-geschichte-satt-satt-satt","status":"publish","type":"post","link":"https:\/\/www.schiebener.net\/wordpress\/deutsche-geschichte-satt-satt-satt\/","title":{"rendered":"Deutsche Geschichte satt, satt, satt &#8230;"},"content":{"rendered":"<p>Ich habe heute fast das Magazin der S\u00fcddeutschen Zeitung \u00fcbersehen. Aber gerade, kurz vor dem Schlafen gehen, noch ein K\u00e4sebrot in der K\u00fcche, ein Bier, WDR5, das Magazin durchgebl\u00e4ttert und den Artikel von Georg Diez gelesen.<\/p>\n<p><a href=\"http:\/\/sz-magazin.sueddeutsche.de\/drucken\/text\/27608\" target=\"_blank\">Den lest bitte <\/a>bevor 2009 so richtig ins Rollen kommt:<\/p>\n<blockquote><p>&#8222;&#8230; 2009 wird das Krisenjahr. 2009 wird das Jubeljahr. 2009 wird das Jahr der Deutschen.<\/p>\n<p>Es wird furchtbar werden. Schrecklich. L\u00e4hmend. Peinlich. Es wird Serien geben in <em>Spiegel<\/em> und <em>Stern<\/em>, es werden deutsche Helden gesucht werden in ARD und ZDF, es wird bunte B\u00fccher geben und Talkshows mit all den Schorlemmers dieses Landes, es werden zur Volkserziehung Schautafeln aufgestellt werden in \u00f6ffentlichen Geb\u00e4uden, und ein Geschichtsgrundkurs nach dem anderen wird sich belehren lassen, wie es kam, dass aus ein paar Studenten, die sich zum Singen trafen, \u00fcber den Umweg von Kaiserreich, Weimarer Republik und sechs Millionen toten Juden unsere sch\u00f6ne kleine Wohlstandsdemokratie wurde. Es wird ein einziges rauschendes Selbstbespiegelungsfest unserer Nation sein, die mal wieder vor lauter Historie die Gegenwart vergessen wird oder vergessen will. Aber sagt mal, Geschichte ist doch kein W\u00e4rmeofen!<\/p>\n<p>Davor wird es 2009 kein Entrinnen geben. 20 Jahre Mauerfall, 60 Jahre BRD, 70 Jahre Zweiter Weltkrieg, 2000 Jahre Varusschlacht, das ist der absolute Erinnerungsernstfall, da sind Reflexion und Sinnstiftung erste B\u00fcrgerpflicht, jedes Datum wird da zum Symbol und Geschichte zum Volkssport &#8230;&#8220;<\/p><\/blockquote>\n<p>Und jetzt ab ins Bett \ud83d\ude09<\/p>\n","protected":false},"excerpt":{"rendered":"<p>Ich habe heute fast das Magazin der S\u00fcddeutschen Zeitung \u00fcbersehen. Aber gerade, kurz vor dem Schlafen gehen, noch ein K\u00e4sebrot in der K\u00fcche, ein Bier, WDR5, das Magazin durchgebl\u00e4ttert und &hellip; <a href=\"https:\/\/www.schiebener.net\/wordpress\/deutsche-geschichte-satt-satt-satt\/\" class=\"more-link\"><span class=\"screen-reader-text\">\u201eDeutsche Geschichte satt, satt, satt &#8230;\u201c <\/span>weiterlesen<\/a><\/p>\n","protected":false},"author":3,"featured_media":0,"comment_status":"open","ping_status":"open","sticky":false,"template":"","format":"standard","meta":{"footnotes":""},"categories":[1,174,319],"tags":[320,5863],"class_list":["post-1681","post","type-post","status-publish","format-standard","hentry","category-allgemein","category-dit-und-dat","category-geschichte","tag-deutschland","tag-geschichte"],"_links":{"self":[{"href":"https:\/\/www.schiebener.net\/wordpress\/wp-json\/wp\/v2\/posts\/1681","targetHints":{"allow":["GET"]}}],"collection":[{"href":"https:\/\/www.schiebener.net\/wordpress\/wp-json\/wp\/v2\/posts"}],"about":[{"href":"https:\/\/www.schiebener.net\/wordpress\/wp-json\/wp\/v2\/types\/post"}],"author":[{"embeddable":true,"href":"https:\/\/www.schiebener.net\/wordpress\/wp-json\/wp\/v2\/users\/3"}],"replies":[{"embeddable":true,"href":"https:\/\/www.schiebener.net\/wordpress\/wp-json\/wp\/v2\/comments?post=1681"}],"version-history":[{"count":0,"href":"https:\/\/www.schiebener.net\/wordpress\/wp-json\/wp\/v2\/posts\/1681\/revisions"}],"wp:attachment":[{"href":"https:\/\/www.schiebener.net\/wordpress\/wp-json\/wp\/v2\/media?parent=1681"}],"wp:term":[{"taxonomy":"category","embeddable":true,"href":"https:\/\/www.schiebener.net\/wordpress\/wp-json\/wp\/v2\/categories?post=1681"},{"taxonomy":"post_tag","embeddable":true,"href":"https:\/\/www.schiebener.net\/wordpress\/wp-json\/wp\/v2\/tags?post=1681"}],"curies":[{"name":"wp","href":"https:\/\/api.w.org\/{rel}","templated":true}]}}