{"id":16100,"date":"2012-01-05T17:17:36","date_gmt":"2012-01-05T16:17:36","guid":{"rendered":"http:\/\/www.schiebener.net\/wordpress\/?p=16100"},"modified":"2012-01-06T11:08:10","modified_gmt":"2012-01-06T10:08:10","slug":"orkantief-andrea-in-brilon-viel-arbeit-fur-die-feuerwehr","status":"publish","type":"post","link":"https:\/\/www.schiebener.net\/wordpress\/orkantief-andrea-in-brilon-viel-arbeit-fur-die-feuerwehr\/","title":{"rendered":"Orkantief &#8222;Andrea&#8220; in Brilon: viel Arbeit f\u00fcr die Feuerwehr."},"content":{"rendered":"<figure id=\"attachment_16101\" aria-describedby=\"caption-attachment-16101\" style=\"width: 512px\" class=\"wp-caption aligncenter\"><img loading=\"lazy\" decoding=\"async\" class=\"size-full wp-image-16101\" title=\"lt_hangeberg-baum-auf-dach\" src=\"http:\/\/www.schiebener.net\/wordpress\/wp-content\/uploads\/2012\/01\/lt_hangeberg-baum-auf-dach.jpg\" alt=\"Am H\u00e4ngeberg st\u00fcrzte eine Fichte auf das Dach eines Wohnhauses (fotos: Feuerwehr Brilon)\" width=\"512\" height=\"384\" srcset=\"https:\/\/www.schiebener.net\/wordpress\/wp-content\/uploads\/2012\/01\/lt_hangeberg-baum-auf-dach.jpg 512w, https:\/\/www.schiebener.net\/wordpress\/wp-content\/uploads\/2012\/01\/lt_hangeberg-baum-auf-dach-300x225.jpg 300w\" sizes=\"auto, (max-width: 512px) 85vw, 512px\" \/><figcaption id=\"caption-attachment-16101\" class=\"wp-caption-text\">Am H\u00e4ngeberg st\u00fcrzte eine Fichte auf das Dach eines Wohnhauses (fotos: Feuerwehr Brilon)<\/figcaption><\/figure>\n<p><strong>Die <a href=\"http:\/\/www.feuerwehr-brilon.de\/?p=6092\" target=\"_blank\">Feuerwehr Brilon<\/a> wurde durch das Orkantief &#8222;Andrea&#8220; am Donnerstagmorgen zu vier Eins\u00e4tzen gerufen. <\/strong><\/p>\n<p>Kurz vor 5.00 Uhr war zun\u00e4chst die <strong>L\u00f6schgruppe Alme<\/strong> im Einsatz. Sie beseitigte auf der Kreisstra\u00dfe zwischen Alme und Nehden einen gr\u00f6\u00dferen Ast.<\/p>\n<p><strong>Fichte auf Wohnhaus gest\u00fcrzt. B\u00e4ume blockieren Zufahrtsstra\u00dfe<\/strong><br \/>\nUm 9.00 Uhr wurden die <strong>L\u00f6schgruppe Hoppecke<\/strong> und die Drehleiter des <strong>L\u00f6schzuges Brilon<\/strong> zum H\u00e4ngeberg am Freibad alarmiert. Dort war eine Fichte auf ein Wohnhaus gest\u00fcrzt. Der Baum konnte in Zusammenarbeit mit dem Briloner Forstbetrieb entfernt werden. Daneben war die Zufahrtsstra\u00dfe durch einige B\u00e4ume blockiert. Sie wurde vom Forstbetrieb ger\u00e4umt. Zur Schadensh\u00f6he liegen hier keine Angaben vor. Zehn Feuerwehrleute waren \u00fcber eine Stunde im Einsatz.<\/p>\n<figure id=\"attachment_16102\" aria-describedby=\"caption-attachment-16102\" style=\"width: 512px\" class=\"wp-caption aligncenter\"><img loading=\"lazy\" decoding=\"async\" class=\"size-full wp-image-16102\" title=\"lt_dachstuhlbrand-georgstrase-001\" src=\"http:\/\/www.schiebener.net\/wordpress\/wp-content\/uploads\/2012\/01\/lt_dachstuhlbrand-georgstrase-001.jpg\" alt=\"Schnell gel\u00f6scht: Dachstuhlbrand in der Georgstra\u00dfe.\" width=\"512\" height=\"384\" srcset=\"https:\/\/www.schiebener.net\/wordpress\/wp-content\/uploads\/2012\/01\/lt_dachstuhlbrand-georgstrase-001.jpg 512w, https:\/\/www.schiebener.net\/wordpress\/wp-content\/uploads\/2012\/01\/lt_dachstuhlbrand-georgstrase-001-300x225.jpg 300w\" sizes=\"auto, (max-width: 512px) 85vw, 512px\" \/><figcaption id=\"caption-attachment-16102\" class=\"wp-caption-text\">Schnell gel\u00f6scht: Dachstuhlbrand in der Georgstra\u00dfe.<\/figcaption><\/figure>\n<p><strong>Blitzschlag: Dachstuhlbrand in der Georgstra\u00dfe.<\/strong><br \/>\nNoch w\u00e4hrend des Einsatzes am H\u00e4ngeberg wurde der <strong>L\u00f6schzug Brilon<\/strong> um 10.10 Uhr zu einem Dachstuhlbrand in die Georgstra\u00dfe alarmiert. Die Dachfirst eines Wohnhauses hatte Feuer gefangen. Das Feuer konnte durch den schnellen Einsatz der Drehleiter einged\u00e4mmt und abgel\u00f6scht werden. Ein \u00dcbergreifen des Brandes auf die innen liegenden R\u00e4ume wurde verhindert, es entstand  Sachschaden an Dach und W\u00e4rmed\u00e4mmung.<\/p>\n<p>24 Feuerwehrleute waren rund eine Stunde im Einsatz. Nach Aussagen des Brandermittlers der Polizei kann als Brandursache von einem Blitzschlag ausgegangen werden. Personen wurden nicht verletzt, zur Schadensh\u00f6he liegen der Feuerwehr keine Angaben vor.<\/p>\n<p><strong>Falscher Alarm: Moosbewuchs<\/strong><br \/>\nNachdem die Feuerwehr wieder im Gr\u00e4tehaus eingetroffen war, erfolgte eine erneute Alarmierung zur Georgstra\u00dfe. Der Nachbar unterhalb des Brandgeb\u00e4udes hatte an seinem Dach eine dunkle Verf\u00e4rbung festgestellt und ebenfalls einen Blitzeinschlag vermutet. Nach Kontrolle mit Drehleiter und W\u00e4rmebildkamera konnte Entwarnung gegeben werden: Bei den dunklen Stellen handelte es sich um Moosbewuchs.<\/p>\n<p><strong>Update (6.1.12): F\u00fcnf weitere Eins\u00e4tze am Donnerstagabend<\/strong><!--more--><br \/>\nDie Briloner Feuerwehr wurde am Donnerstagabend zu f\u00fcnf weiteren Eins\u00e4tzen alarmiert. Zun\u00e4chst wurde der <strong>L\u00f6schzug Brilon <\/strong>nach Ausl\u00f6sung einer Brandmeldeanlage ins Gewerbegebiet gerufen (18.20 Uhr). Ursache war jedoch ein Fehlalarm, vermutlich durch einen technischen Defekt.<\/p>\n<p>Die <strong>L\u00f6schgruppe Alme<\/strong> beseitigte nachfolgend einen umgest\u00fcrzten Baum auf der L 637 Richtung B\u00fcren, die <strong>L\u00f6schgruppe Bontkirchen<\/strong> einen Baum auf der L 800 in Richtung Diemelsee.<\/p>\n<p>Gegen 21.45 Uhr wurde die <strong>L\u00f6schgruppen Th\u00fclen<\/strong> und R\u00f6senbeck zu einem Verkehrsunfall auf der B 7 Richtung Marsberg alarmiert. Die Feuerwehr sollte mit Warnschildern rund 50 m besch\u00e4digten Leitplanke absichern. Bei dem Unfall gab es einen Verletzten.<\/p>\n<p>Um 22.00 Uhr wurde der <strong>L\u00f6schzug Brilon<\/strong> zu einem brennenden Fahrzeug auf der Altenb\u00fcrener Stra\u00dfe gerufen. Dort war ein Kleintransporter hinter dem Sportplatz von der Fahrbahn abgekommen und gegen einen Baum geprallt. Der Brand konnte vor Eintreffen des L\u00f6schzuges mit einem Feuerl\u00f6scher gel\u00f6scht werden. Die Feuerwehr r\u00e4umte die Unfallstelle und fing auslaufende Betriebsmittel auf. Eine Person wurde vom Rettungsdienst verletzt ins Krankenhaus eingeliefert. Zu den jeweiligen Unfallursachen und den Schadensh\u00f6hen liegen der Feuerwehr keine Angaben vor.<\/p>\n<p><strong>Insgesamt war die Freiwillige Feuerwehr der Stadt Brilon damit an diesem Tag neunmal im Einsatz.<\/strong><\/p>\n","protected":false},"excerpt":{"rendered":"<p>Die Feuerwehr Brilon wurde durch das Orkantief &#8222;Andrea&#8220; am Donnerstagmorgen zu vier Eins\u00e4tzen gerufen. Kurz vor 5.00 Uhr war zun\u00e4chst die L\u00f6schgruppe Alme im Einsatz. Sie beseitigte auf der Kreisstra\u00dfe &hellip; <a href=\"https:\/\/www.schiebener.net\/wordpress\/orkantief-andrea-in-brilon-viel-arbeit-fur-die-feuerwehr\/\" class=\"more-link\"><span class=\"screen-reader-text\">\u201eOrkantief &#8222;Andrea&#8220; in Brilon: viel Arbeit f\u00fcr die Feuerwehr.\u201c <\/span>weiterlesen<\/a><\/p>\n","protected":false},"author":17,"featured_media":0,"comment_status":"open","ping_status":"open","sticky":false,"template":"","format":"standard","meta":{"footnotes":""},"categories":[80,1043],"tags":[2258,3346],"class_list":["post-16100","post","type-post","status-publish","format-standard","hentry","category-lokales","category-pressemitteilungen","tag-freiwillige-feuerwehr-brilon","tag-orkan-andrea"],"_links":{"self":[{"href":"https:\/\/www.schiebener.net\/wordpress\/wp-json\/wp\/v2\/posts\/16100","targetHints":{"allow":["GET"]}}],"collection":[{"href":"https:\/\/www.schiebener.net\/wordpress\/wp-json\/wp\/v2\/posts"}],"about":[{"href":"https:\/\/www.schiebener.net\/wordpress\/wp-json\/wp\/v2\/types\/post"}],"author":[{"embeddable":true,"href":"https:\/\/www.schiebener.net\/wordpress\/wp-json\/wp\/v2\/users\/17"}],"replies":[{"embeddable":true,"href":"https:\/\/www.schiebener.net\/wordpress\/wp-json\/wp\/v2\/comments?post=16100"}],"version-history":[{"count":0,"href":"https:\/\/www.schiebener.net\/wordpress\/wp-json\/wp\/v2\/posts\/16100\/revisions"}],"wp:attachment":[{"href":"https:\/\/www.schiebener.net\/wordpress\/wp-json\/wp\/v2\/media?parent=16100"}],"wp:term":[{"taxonomy":"category","embeddable":true,"href":"https:\/\/www.schiebener.net\/wordpress\/wp-json\/wp\/v2\/categories?post=16100"},{"taxonomy":"post_tag","embeddable":true,"href":"https:\/\/www.schiebener.net\/wordpress\/wp-json\/wp\/v2\/tags?post=16100"}],"curies":[{"name":"wp","href":"https:\/\/api.w.org\/{rel}","templated":true}]}}