{"id":16042,"date":"2012-01-03T21:20:57","date_gmt":"2012-01-03T20:20:57","guid":{"rendered":"http:\/\/www.schiebener.net\/wordpress\/?p=16042"},"modified":"2012-01-03T21:20:57","modified_gmt":"2012-01-03T20:20:57","slug":"viele-neue-gesamtschulen-in-nrw-%e2%80%93-ausnahme-hochsauerlandkreis","status":"publish","type":"post","link":"https:\/\/www.schiebener.net\/wordpress\/viele-neue-gesamtschulen-in-nrw-%e2%80%93-ausnahme-hochsauerlandkreis\/","title":{"rendered":"Viele neue Gesamtschulen in NRW \u00e2\u20ac\u201c Ausnahme: Hochsauerlandkreis"},"content":{"rendered":"<p><h1>Aktuelle Pressemeldungen<\/h1>\n<\/p>\n<p><strong>Brakel im Dez. 2011:<\/strong><br \/>\n\u00e2\u20ac\u0153Mit einstimmigem Beschluss des Rates der Stadt Brakel vom 8. Dezember 2011 wurde die Verwaltung beauftragt, das Verfahren zur Errichtung einer integrierten Gesamtschule mit gymnasialer Oberstufe in Brakel in die Wege zu leiten.\u00e2\u20ac\u009d<\/p>\n<p><strong>Ennigerloh 29.11.11:<\/strong><br \/>\n\u00e2\u20ac\u0153Nach dem jetzigen Stand der Dinge wird in Ennigerloh die Gesamtschule im Sommer 2012 ihren Betrieb aufnehmen. In Beckum befassen sich in den kommen Tagen die politischen Gremien mit dem Thema und in Ennigerloh laufen die Planungen f\u00fcr diese Schulform auf Hochtouren.\u00e2\u20ac\u009d<\/p>\n<p><strong>Ibbenb\u00fcren 17.12.11:<\/strong><br \/>\n\u00e2\u20ac\u0153Am Dienstag kamen rund 300 interessierte Eltern, um sich \u00fcber die neue Gesamtschule in Ibbenb\u00fcren zu informieren. \u00e2\u20ac\u02dcDie Stimmung war sehr nett\u00e2\u20ac\u2122, freut sich die kommissarische Schulleiterin der k\u00fcnftigen Gesamtschule.\u00e2\u20ac\u009d<\/p>\n<p><strong>Menden 16.12.2011:<\/strong><br \/>\n\u00e2\u20ac\u017eEltern machen Gesamtschule \u00e2\u20ac\u201c Mit eigenen Ideen k\u00f6nnen sich die Eltern der k\u00fcnftigen Gesamtsch\u00fcler jetzt an der Planung beteiligen. Welche Arbeitsgemeinschaften soll es an der k\u00fcnftigen Gesamtschule Menden geben, welche Kooperationen mit Firmen, und wie soll das Ganztagsangebot aussehen? Mit eigenen Ideen k\u00f6nnen sich die Eltern der k\u00fcnftigen Gesamtsch\u00fcler jetzt an der Planung beteiligen.\u00e2\u20ac\u0153<\/p>\n<p><strong>Paderborn 19.12.2011<\/strong><br \/>\n\u00e2\u20ac\u017eDeutliches Signal f\u00fcr dritte Gesamtschule \u00e2\u20ac\u201c Gr\u00fcne fordern Konzept f\u00fcr Hauptschulschlie\u00dfungen<br \/>\nDie Gr\u00fcne Ratsfraktion begr\u00fc\u00dft das eindeutige Signal des Paderborner Stadtrates f\u00fcr die dritte Gesamtschule in Paderborn (die NW berichtete). Damit werde \u00e2\u20ac\u02dcendlich eine langj\u00e4hrige Gr\u00fcne Forderung umgesetzt\u00e2\u20ac\u2122. In den Vorjahren mussten Sch\u00fclerinnen und Sch\u00fcler wegen mangelnder Pl\u00e4tze in einem Umfang einer Gesamtschule abgelehnt werden. Der Trend zeige aber: \u00e2\u20ac\u02dcDie Eltern wollen ihre Kinder l\u00e4nger gemeinsam lernen lassen. An einer Gesamtschule m\u00f6chten sie die Chancen auf einen guten Schulabschluss durch das Offenhalten des Bildungsgangs nutzen.\u00e2\u20ac\u2122\u00e2\u20ac\u0153<\/p>\n<p><strong>Und was machen unsere Kommunen im Hochsauerlandkreis?<\/strong> Sie planen \u00e2\u20ac\u00a6, sie planen \u00e2\u20ac\u201c an den Eltern vorbei \u00e2\u20ac\u201c entweder alles beim alten zu belassen (wie in Bestwig) oder \u00e2\u20ac\u201c bestenfalls \u00e2\u20ac\u201c die Einrichtung von Sekundarschulen (wie z.B. in Arnsberg, Meschede und Olsberg).<\/p>\n<p>An die Einrichtung einer Gesamtschule vergeuden sie aber offenbar keinen einzigen Gedanken. <strong>Damit bleibt der HSK einer der nur drei von insgesamt 53 Kreisen in NRW, in denen es keine einzige Gesamtschule gibt.<\/strong><\/p>\n","protected":false},"excerpt":{"rendered":"<p>Aktuelle Pressemeldungen Brakel im Dez. 2011: \u00e2\u20ac\u0153Mit einstimmigem Beschluss des Rates der Stadt Brakel vom 8. Dezember 2011 wurde die Verwaltung beauftragt, das Verfahren zur Errichtung einer integrierten Gesamtschule mit &hellip; <a href=\"https:\/\/www.schiebener.net\/wordpress\/viele-neue-gesamtschulen-in-nrw-%e2%80%93-ausnahme-hochsauerlandkreis\/\" class=\"more-link\"><span class=\"screen-reader-text\">\u201eViele neue Gesamtschulen in NRW \u00e2\u20ac\u201c Ausnahme: Hochsauerlandkreis\u201c <\/span>weiterlesen<\/a><\/p>\n","protected":false},"author":25,"featured_media":0,"comment_status":"open","ping_status":"open","sticky":false,"template":"","format":"standard","meta":{"footnotes":""},"categories":[3,80],"tags":[293,835,229],"class_list":["post-16042","post","type-post","status-publish","format-standard","hentry","category-bildung-und-schule","category-lokales","tag-gesamtschulen","tag-hochsauerlandkreis","tag-nrw"],"_links":{"self":[{"href":"https:\/\/www.schiebener.net\/wordpress\/wp-json\/wp\/v2\/posts\/16042","targetHints":{"allow":["GET"]}}],"collection":[{"href":"https:\/\/www.schiebener.net\/wordpress\/wp-json\/wp\/v2\/posts"}],"about":[{"href":"https:\/\/www.schiebener.net\/wordpress\/wp-json\/wp\/v2\/types\/post"}],"author":[{"embeddable":true,"href":"https:\/\/www.schiebener.net\/wordpress\/wp-json\/wp\/v2\/users\/25"}],"replies":[{"embeddable":true,"href":"https:\/\/www.schiebener.net\/wordpress\/wp-json\/wp\/v2\/comments?post=16042"}],"version-history":[{"count":0,"href":"https:\/\/www.schiebener.net\/wordpress\/wp-json\/wp\/v2\/posts\/16042\/revisions"}],"wp:attachment":[{"href":"https:\/\/www.schiebener.net\/wordpress\/wp-json\/wp\/v2\/media?parent=16042"}],"wp:term":[{"taxonomy":"category","embeddable":true,"href":"https:\/\/www.schiebener.net\/wordpress\/wp-json\/wp\/v2\/categories?post=16042"},{"taxonomy":"post_tag","embeddable":true,"href":"https:\/\/www.schiebener.net\/wordpress\/wp-json\/wp\/v2\/tags?post=16042"}],"curies":[{"name":"wp","href":"https:\/\/api.w.org\/{rel}","templated":true}]}}