{"id":15834,"date":"2011-12-29T02:26:39","date_gmt":"2011-12-29T01:26:39","guid":{"rendered":"http:\/\/www.schiebener.net\/wordpress\/?p=15834"},"modified":"2011-12-29T14:20:46","modified_gmt":"2011-12-29T13:20:46","slug":"the-ides-of-march-den-rock-der-macht-gelupft","status":"publish","type":"post","link":"https:\/\/www.schiebener.net\/wordpress\/the-ides-of-march-den-rock-der-macht-gelupft\/","title":{"rendered":"The Ides of March &#8211; den Rock der Macht gelupft"},"content":{"rendered":"<figure id=\"attachment_15835\" aria-describedby=\"caption-attachment-15835\" style=\"width: 205px\" class=\"wp-caption alignleft\"><img loading=\"lazy\" decoding=\"async\" class=\"size-full wp-image-15835   \" title=\"abaton20111228\" src=\"http:\/\/www.schiebener.net\/wordpress\/wp-content\/uploads\/2011\/12\/abaton20111228.jpg\" alt=\"Ein Programmkino mit Flair und Kultur: das Abaton in Hambutg (foto: zoom)\" width=\"205\" height=\"274\" srcset=\"https:\/\/www.schiebener.net\/wordpress\/wp-content\/uploads\/2011\/12\/abaton20111228.jpg 320w, https:\/\/www.schiebener.net\/wordpress\/wp-content\/uploads\/2011\/12\/abaton20111228-224x300.jpg 224w\" sizes=\"auto, (max-width: 205px) 85vw, 205px\" \/><figcaption id=\"caption-attachment-15835\" class=\"wp-caption-text\">Ein Programmkino mit Flair und Kultur: das Abaton in Hamburg (foto: zoom)<\/figcaption><\/figure>\n<p><strong>Meine G\u00fcte ist das ein guter Film*, den der 50-j\u00e4hrige George Clooney als Regisseur und Darsteller abliefert.<\/strong><\/p>\n<p><a href=\"http:\/\/en.wikipedia.org\/wiki\/The_Ides_of_March_%28film%29\" target=\"_blank\">&#8222;The Ides of March&#8220;<\/a> hat mir den heutigen Abend <span style=\"text-decoration: line-through;\">den Atem verschlagen<\/span> gerettet.<\/p>\n<p>Oberfl\u00e4chlich wird der Vorwahlkampf zweier US-amerikanischer Pr\u00e4sidentschafts- kandidaten der Demokraten in den USA gezeigt.<\/p>\n<p>Mit sympathischen, scheinbar idealistischen M\u00e4nnern und Frauen startet das &#8222;Unternehmen Kandidatur&#8220;, zum Schluss bleibt der leere Zynismus der Macht als offenes Ende.<\/p>\n<p>Der Film ist gro\u00dfartig, und zwar nicht, weil er die Funktionen der gesellshaftlichen Macht enth\u00fcllt. Denn dar\u00fcber habe ich heute Abend <a href=\"http:\/\/www.abaton.de\/\" target=\"_blank\">im Abaton Kino<\/a> wenig erfahren: die Wirtschaft, die Industrie, die Bosse, das Geld &#8211; kein Thema f\u00fcr Clooney.<\/p>\n<p>Aber gerade weil sich Clooney auf die Oberfl\u00e4che, die Funktion\u00e4re des Systems konzentriert, gelingt es ihm eine Ahnung der darunter liegenden Tiefen zu vermitteln.<\/p>\n<p><strong>Clooney seziert den Schaum des Kapitalismus.<\/strong> Wer nach dem Besuch des Films nicht fragt, woher dieser Schaum stammt, h\u00e4tte sein Geld besser f\u00fcr andere Freizeitvergn\u00fcgungen ausgegeben.<\/p>\n<p>&#8222;The Ides of March&#8220; zeigt uns Europ\u00e4ern, dass das aufgekl\u00e4rte, moderne Amerika immer wieder in der Lage ist, gro\u00dfe Kultur aus dem \u00c4rmel zu sch\u00fctteln.<\/p>\n<p>Meine Empfehlung: unbedingt gucken, wenn m\u00f6glich im Original oder O.m.U.<\/p>\n<p><em>* Bitte alle Unzul\u00e4nglichkeiten des Artikel verzeihen. Habe ihn (fast) direkt nach dem Film in die Tasten gehauen. <\/em><\/p>\n","protected":false},"excerpt":{"rendered":"<p>Meine G\u00fcte ist das ein guter Film*, den der 50-j\u00e4hrige George Clooney als Regisseur und Darsteller abliefert. &#8222;The Ides of March&#8220; hat mir den heutigen Abend den Atem verschlagen gerettet. &hellip; <a href=\"https:\/\/www.schiebener.net\/wordpress\/the-ides-of-march-den-rock-der-macht-gelupft\/\" class=\"more-link\"><span class=\"screen-reader-text\">\u201eThe Ides of March &#8211; den Rock der Macht gelupft\u201c <\/span>weiterlesen<\/a><\/p>\n","protected":false},"author":3,"featured_media":0,"comment_status":"open","ping_status":"open","sticky":false,"template":"","format":"standard","meta":{"footnotes":""},"categories":[1732,83,674,24],"tags":[570,3311,61,3310,659,367],"class_list":["post-15834","post","type-post","status-publish","format-standard","hentry","category-freizeit","category-hamburg-allgemein","category-kultur","category-politik","tag-abaton","tag-george-clooney","tag-hamburg","tag-the-ides-of-march","tag-veranstaltungshinweis","tag-woche-des-gedenkens"],"_links":{"self":[{"href":"https:\/\/www.schiebener.net\/wordpress\/wp-json\/wp\/v2\/posts\/15834","targetHints":{"allow":["GET"]}}],"collection":[{"href":"https:\/\/www.schiebener.net\/wordpress\/wp-json\/wp\/v2\/posts"}],"about":[{"href":"https:\/\/www.schiebener.net\/wordpress\/wp-json\/wp\/v2\/types\/post"}],"author":[{"embeddable":true,"href":"https:\/\/www.schiebener.net\/wordpress\/wp-json\/wp\/v2\/users\/3"}],"replies":[{"embeddable":true,"href":"https:\/\/www.schiebener.net\/wordpress\/wp-json\/wp\/v2\/comments?post=15834"}],"version-history":[{"count":0,"href":"https:\/\/www.schiebener.net\/wordpress\/wp-json\/wp\/v2\/posts\/15834\/revisions"}],"wp:attachment":[{"href":"https:\/\/www.schiebener.net\/wordpress\/wp-json\/wp\/v2\/media?parent=15834"}],"wp:term":[{"taxonomy":"category","embeddable":true,"href":"https:\/\/www.schiebener.net\/wordpress\/wp-json\/wp\/v2\/categories?post=15834"},{"taxonomy":"post_tag","embeddable":true,"href":"https:\/\/www.schiebener.net\/wordpress\/wp-json\/wp\/v2\/tags?post=15834"}],"curies":[{"name":"wp","href":"https:\/\/api.w.org\/{rel}","templated":true}]}}