{"id":15829,"date":"2011-12-28T18:11:05","date_gmt":"2011-12-28T17:11:05","guid":{"rendered":"http:\/\/www.schiebener.net\/wordpress\/?p=15829"},"modified":"2011-12-29T00:50:53","modified_gmt":"2011-12-28T23:50:53","slug":"bild-hat-die-schlagzeile-wir-haben-das-bild","status":"publish","type":"post","link":"https:\/\/www.schiebener.net\/wordpress\/bild-hat-die-schlagzeile-wir-haben-das-bild\/","title":{"rendered":"BILD hat die Schlagzeile &#8211; wir haben das Bild."},"content":{"rendered":"<figure id=\"attachment_15830\" aria-describedby=\"caption-attachment-15830\" style=\"width: 512px\" class=\"wp-caption aligncenter\"><img loading=\"lazy\" decoding=\"async\" class=\"size-full wp-image-15830\" title=\"elbphilharmonie01\" src=\"http:\/\/www.schiebener.net\/wordpress\/wp-content\/uploads\/2011\/12\/elbphilharmonie01.jpg\" alt=\"Hinein in die U-Bahn. Bild-Werbung bei Fahrtantritt. (foto: zoom)\" width=\"512\" height=\"384\" srcset=\"https:\/\/www.schiebener.net\/wordpress\/wp-content\/uploads\/2011\/12\/elbphilharmonie01.jpg 512w, https:\/\/www.schiebener.net\/wordpress\/wp-content\/uploads\/2011\/12\/elbphilharmonie01-300x225.jpg 300w\" sizes=\"auto, (max-width: 512px) 85vw, 512px\" \/><figcaption id=\"caption-attachment-15830\" class=\"wp-caption-text\">Hinein in die U-Bahn. Bild-Werbung bei Fahrtantritt. (foto: zoom)<\/figcaption><\/figure>\n<p>Heute Morgen sprang mich diese Schlagzeile der Bild-Zeitung am Eingang zur Hamburger U-Bahn an. Irgendwann habe ich mich dann erbarmt und bin aus der U-Bahn wieder ausgestiegen, um die Elbphilharmonie zeitnah in Augenschein zu nehmen.<\/p>\n<p>Nur keine Aufregung, wenn das nicht sofort was wird, mit Ole von Beusts gro\u00dfem Plan. Als n\u00e4chster Er\u00f6ffnungstermin wird heute das Jahr 2014 genannt. Wir halten das mal f\u00fcr unsere Chronik fest.<\/p>\n<p>Beust ist inzwischen zur\u00fcckgetreten und f\u00fcr den K\u00f6lner Dom hat&#8217;s auch ein paar Jahrhunderte gebraucht.<\/p>\n<p>Vor mehr als einem Jahr hatte unser Autor Chris Klein das Hamburger Bauwerk unter dem Titel &#8222;<a href=\"http:\/\/www.schiebener.net\/wordpress\/?p=9139\" target=\"_blank\">Der Hamburger Haushalt und das Elend der Kultur&#8220;<\/a> schon einmal gew\u00fcrdigt.<\/p>\n<p>Diese Bild bot sich mir heute:<\/p>\n<figure id=\"attachment_15831\" aria-describedby=\"caption-attachment-15831\" style=\"width: 512px\" class=\"wp-caption aligncenter\"><img loading=\"lazy\" decoding=\"async\" class=\"size-full wp-image-15831\" title=\"elbphilharmonie02\" src=\"http:\/\/www.schiebener.net\/wordpress\/wp-content\/uploads\/2011\/12\/elbphilharmonie02.jpg\" alt=\"Raus aus der U-Bahn und bei tr\u00fcben (Licht-) Verh\u00e4ltnissen das Bild zur &quot;Bild&quot; aufgenommen. (foto: zoom)\" width=\"512\" height=\"384\" srcset=\"https:\/\/www.schiebener.net\/wordpress\/wp-content\/uploads\/2011\/12\/elbphilharmonie02.jpg 512w, https:\/\/www.schiebener.net\/wordpress\/wp-content\/uploads\/2011\/12\/elbphilharmonie02-300x225.jpg 300w\" sizes=\"auto, (max-width: 512px) 85vw, 512px\" \/><figcaption id=\"caption-attachment-15831\" class=\"wp-caption-text\">Raus aus der U-Bahn und bei tr\u00fcben (Licht-) Verh\u00e4ltnissen das Bild zur &quot;Bild&quot; aufgenommen. (foto: zoom)<\/figcaption><\/figure>\n","protected":false},"excerpt":{"rendered":"<p>Heute Morgen sprang mich diese Schlagzeile der Bild-Zeitung am Eingang zur Hamburger U-Bahn an. Irgendwann habe ich mich dann erbarmt und bin aus der U-Bahn wieder ausgestiegen, um die Elbphilharmonie &hellip; <a href=\"https:\/\/www.schiebener.net\/wordpress\/bild-hat-die-schlagzeile-wir-haben-das-bild\/\" class=\"more-link\"><span class=\"screen-reader-text\">\u201eBILD hat die Schlagzeile &#8211; wir haben das Bild.\u201c <\/span>weiterlesen<\/a><\/p>\n","protected":false},"author":3,"featured_media":0,"comment_status":"open","ping_status":"open","sticky":false,"template":"","format":"standard","meta":{"footnotes":""},"categories":[174,83,1208],"tags":[1903,61,659,367],"class_list":["post-15829","post","type-post","status-publish","format-standard","hentry","category-dit-und-dat","category-hamburg-allgemein","category-wirtschaft","tag-elbphilharmonie","tag-hamburg","tag-veranstaltungshinweis","tag-woche-des-gedenkens"],"_links":{"self":[{"href":"https:\/\/www.schiebener.net\/wordpress\/wp-json\/wp\/v2\/posts\/15829","targetHints":{"allow":["GET"]}}],"collection":[{"href":"https:\/\/www.schiebener.net\/wordpress\/wp-json\/wp\/v2\/posts"}],"about":[{"href":"https:\/\/www.schiebener.net\/wordpress\/wp-json\/wp\/v2\/types\/post"}],"author":[{"embeddable":true,"href":"https:\/\/www.schiebener.net\/wordpress\/wp-json\/wp\/v2\/users\/3"}],"replies":[{"embeddable":true,"href":"https:\/\/www.schiebener.net\/wordpress\/wp-json\/wp\/v2\/comments?post=15829"}],"version-history":[{"count":0,"href":"https:\/\/www.schiebener.net\/wordpress\/wp-json\/wp\/v2\/posts\/15829\/revisions"}],"wp:attachment":[{"href":"https:\/\/www.schiebener.net\/wordpress\/wp-json\/wp\/v2\/media?parent=15829"}],"wp:term":[{"taxonomy":"category","embeddable":true,"href":"https:\/\/www.schiebener.net\/wordpress\/wp-json\/wp\/v2\/categories?post=15829"},{"taxonomy":"post_tag","embeddable":true,"href":"https:\/\/www.schiebener.net\/wordpress\/wp-json\/wp\/v2\/tags?post=15829"}],"curies":[{"name":"wp","href":"https:\/\/api.w.org\/{rel}","templated":true}]}}