{"id":1581,"date":"2008-12-22T12:12:10","date_gmt":"2008-12-22T11:12:10","guid":{"rendered":"http:\/\/www.schiebener.net\/wordpress\/?p=1581"},"modified":"2008-12-27T22:11:12","modified_gmt":"2008-12-27T21:11:12","slug":"subversive-aktion-lauft-weiter-derwesten-wird-kaputt-geschrieben","status":"publish","type":"post","link":"https:\/\/www.schiebener.net\/wordpress\/subversive-aktion-lauft-weiter-derwesten-wird-kaputt-geschrieben\/","title":{"rendered":"Subversive Aktion l\u00e4uft weiter: DerWesten wird kaputt geschrieben"},"content":{"rendered":"<p>Ist es nicht der Traum eines jeden Journalisten, dass seine Artikel an den K\u00fcchentischen der St\u00e4dte und D\u00f6rfer landauf und landab diskutiert werden. Heute ist es mir in meiner eigenen K\u00fcche passiert. Terminus technicus: &#8222;Der K\u00fcchenzuruf&#8220;.<\/p>\n<p>Ruft meine Frau: &#8222;Hast du gelesen, dass Trainer an den Schulen unterrichten sollen?&#8220;<\/p>\n<p>Nee, hatte ich nicht. Aber dann. Klick, Klack:<\/p>\n<h5 class=\"mceTemp\">\n<dl id=\"attachment_1582\" class=\"wp-caption alignnone\" style=\"width: 410px;\">\n<dt class=\"wp-caption-dt\"><a href=\"http:\/\/www.derwesten.de\/nachrichten\/waz\/politik\/2008\/12\/21\/news-99939148\/detail.html\" target=\"_blank\"><img loading=\"lazy\" decoding=\"async\" class=\"size-full wp-image-1582\" title=\"profischule\" src=\"http:\/\/www.schiebener.net\/wordpress\/wp-content\/uploads\/2008\/12\/profischule.png\" alt=\"Zidane im Physiklabor - Da macht Schule Spa\u00df ;-)\" width=\"400\" height=\"419\" srcset=\"https:\/\/www.schiebener.net\/wordpress\/wp-content\/uploads\/2008\/12\/profischule.png 400w, https:\/\/www.schiebener.net\/wordpress\/wp-content\/uploads\/2008\/12\/profischule-286x300.png 286w\" sizes=\"auto, (max-width: 400px) 85vw, 400px\" \/><\/a><\/dt>\n<dd class=\"wp-caption-dd\">Zidane im Physiklabor &#8211; Da macht Schule Spa\u00df \ud83d\ude09<\/dd>\n<\/dl>\n<\/h5>\n<p>Ich schreibe mal nichts zum Inhalt, denn das h\u00e4tte Peter Szymaniak als Autor des Artikels leisten m\u00fcssen.<\/p>\n<p>Stattdessen ein Bild aus der Grabbelkiste: &#8222;Ha&#8217;m wa da nich&#8216; irgendwo was mit einem Lehrer.&#8220;<\/p>\n<p>Die Einleitung: &#8222;&#8230; sollen nach WAZ-Informationen &#8230;&#8220;<\/p>\n<p>Meine G\u00fcte! Wer hat da wen bei welcher Gelegenheit aus welchem Grunde wann informiert?<\/p>\n<p>Weiter: &#8222;Auf Druck der CDU-Regierungsfraktion werden &#8230;&#8220;<\/p>\n<p>Wer hat da wen gedr\u00fcckt? Die ganze Fraktion? Hau ruck &#8211; und alle Mann noch mal &#8211; Hau ruck &#8230;<\/p>\n<p>Gab es Gegendruck? Von wem? Wenn nicht, warum musste dann \u00fcberhaupt gedr\u00fcckt werden? Die Regierungsfraktion ihre eigene Regierung? Die SPD-Fraktion im Sitzstreik?<\/p>\n<p>Nach diesem alles und jedes vernebelnden Einstieg beleuchtet der Autor den Sachverhalt von allen Seiten. Ach was, von ungef\u00e4hr zwei Seiten:<\/p>\n<blockquote><p>&#8222;CDU-Fraktionsvize Bernhard Recker&#8220;<\/p>\n<p>&#8222;CDU-Bildungspolitiker Klaus Kaiser&#8220;<\/p><\/blockquote>\n<p>Kennt der Autor den niemanden sonst, den er h\u00e4tte anrufen k\u00f6nnen? &#8222;Herr Schulleiter M\u00fcller, k\u00f6nnen sie mir bitte &#8230;&#8220; Oder einen von der Uni, oder einen von der SPD, oder von den Eltern, oder von den Lehrern, oder, oder, oder &#8230;.<\/p>\n<p>Damit w\u00e4re ich jetzt am Ende, wenn da nicht noch ein zus\u00e4tzliches Detail hinzu k\u00e4me:<\/p>\n<p>Der Autor <a href=\"http:\/\/www.derwesten.de\/nachrichten\/politik\/2008\/12\/21\/news-99942371\/detail.html\" target=\"_blank\">kommentiert seinen eigenen Artikel!<\/a><\/p>\n<p>Wenn ich so etwas in der Zeitung sehe, dann wei\u00df ich: Das ist 08\/15, W\u00fchltisch bei C&amp;A, Grabbelkiste bei Woolworth. Billig!<\/p>\n<p>Aber die Schlagzeile: Whough! Das klickt!<\/p>\n<p>&#8222;Fu\u00dfballprofis!?&#8220;, habe ich meiner Frau geantwortet. &#8222;Lass man gut sein. Das werden 400 Euro-Kr\u00e4fte. Die sind billiger.&#8220;<\/p>\n","protected":false},"excerpt":{"rendered":"<p>Ist es nicht der Traum eines jeden Journalisten, dass seine Artikel an den K\u00fcchentischen der St\u00e4dte und D\u00f6rfer landauf und landab diskutiert werden. Heute ist es mir in meiner eigenen &hellip; <a href=\"https:\/\/www.schiebener.net\/wordpress\/subversive-aktion-lauft-weiter-derwesten-wird-kaputt-geschrieben\/\" class=\"more-link\"><span class=\"screen-reader-text\">\u201eSubversive Aktion l\u00e4uft weiter: DerWesten wird kaputt geschrieben\u201c <\/span>weiterlesen<\/a><\/p>\n","protected":false},"author":3,"featured_media":0,"comment_status":"open","ping_status":"open","sticky":false,"template":"","format":"standard","meta":{"footnotes":""},"categories":[3,32],"tags":[290,198,5852,20,202],"class_list":["post-1581","post","type-post","status-publish","format-standard","hentry","category-bildung-und-schule","category-medien","tag-bildungspolitik","tag-der-westen","tag-medien","tag-schule","tag-waz"],"_links":{"self":[{"href":"https:\/\/www.schiebener.net\/wordpress\/wp-json\/wp\/v2\/posts\/1581","targetHints":{"allow":["GET"]}}],"collection":[{"href":"https:\/\/www.schiebener.net\/wordpress\/wp-json\/wp\/v2\/posts"}],"about":[{"href":"https:\/\/www.schiebener.net\/wordpress\/wp-json\/wp\/v2\/types\/post"}],"author":[{"embeddable":true,"href":"https:\/\/www.schiebener.net\/wordpress\/wp-json\/wp\/v2\/users\/3"}],"replies":[{"embeddable":true,"href":"https:\/\/www.schiebener.net\/wordpress\/wp-json\/wp\/v2\/comments?post=1581"}],"version-history":[{"count":0,"href":"https:\/\/www.schiebener.net\/wordpress\/wp-json\/wp\/v2\/posts\/1581\/revisions"}],"wp:attachment":[{"href":"https:\/\/www.schiebener.net\/wordpress\/wp-json\/wp\/v2\/media?parent=1581"}],"wp:term":[{"taxonomy":"category","embeddable":true,"href":"https:\/\/www.schiebener.net\/wordpress\/wp-json\/wp\/v2\/categories?post=1581"},{"taxonomy":"post_tag","embeddable":true,"href":"https:\/\/www.schiebener.net\/wordpress\/wp-json\/wp\/v2\/tags?post=1581"}],"curies":[{"name":"wp","href":"https:\/\/api.w.org\/{rel}","templated":true}]}}