{"id":15672,"date":"2011-12-20T22:50:21","date_gmt":"2011-12-20T21:50:21","guid":{"rendered":"http:\/\/www.schiebener.net\/wordpress\/?p=15672"},"modified":"2011-12-20T22:50:21","modified_gmt":"2011-12-20T21:50:21","slug":"umleitung-von-der-heimat-nach-arnsberg-neheim","status":"publish","type":"post","link":"https:\/\/www.schiebener.net\/wordpress\/umleitung-von-der-heimat-nach-arnsberg-neheim\/","title":{"rendered":"Umleitung: Von der Heimat nach Arnsberg-Neheim."},"content":{"rendered":"<figure id=\"attachment_15671\" aria-describedby=\"caption-attachment-15671\" style=\"width: 512px\" class=\"wp-caption aligncenter\"><img loading=\"lazy\" decoding=\"async\" class=\"size-full wp-image-15671\" title=\"webpeakdistrictuk\" src=\"http:\/\/www.schiebener.net\/wordpress\/wp-content\/uploads\/2011\/12\/webpeakdistrictuk.jpg\" alt=\"Selten f\u00e4llt Schnee im Peak District zwischen Manchester und Sheffield (foto: chris)\" width=\"512\" height=\"340\" srcset=\"https:\/\/www.schiebener.net\/wordpress\/wp-content\/uploads\/2011\/12\/webpeakdistrictuk.jpg 512w, https:\/\/www.schiebener.net\/wordpress\/wp-content\/uploads\/2011\/12\/webpeakdistrictuk-300x199.jpg 300w\" sizes=\"auto, (max-width: 512px) 85vw, 512px\" \/><figcaption id=\"caption-attachment-15671\" class=\"wp-caption-text\"> Schnee im Peak District zwischen Manchester und Sheffield. Ein seltenes Ereignis. (foto: chris)<\/figcaption><\/figure>\n<p><strong>Heimat ist kein Ort, Heimat ist ein Gef\u00fchl:<\/strong> Da sass ich am Samstag Abend mit meinem Nachbarn Paul in seinem warmen Wohnzimmer. Seine Frau war zur Damenstammtischweihnachtsfeier, mein Lebensgenosse hatte Schicht, der Ofen heizte mit heimischen Holz, der Schnee fiel langsam auf die gefrorenen B\u00fcrgersteige und wir beide liessen so die Woche bei Lebkuchen und Krombacher Revue passieren &#8230; <a href=\"http:\/\/www.wiemeringhausen-blog.com\/wordpress\/?p=3098\" target=\"_blank\">wiemeringhauser<\/a><\/p>\n<p><strong>Margarita Mathiopoulos:<\/strong> Doktorarbeit &#8211; VroniPlag beanstandet jede 2. Seite &#8230; <a href=\"http:\/\/www.morgenpost.de\/politik\/article1860874\/Doktorarbeit-VroniPlag-beanstandet-jede-2-Seite.html\" target=\"_blank\">morgenpost<\/a><\/p>\n<p><strong>Christian Wulff, Bundespr\u00e4sident:<\/strong> Ist das alles peinlich \u00e2\u20ac\u00a6 <a href=\"http:\/\/www.ruhrbarone.de\/wulff-ist-das-alles-peinlich\/\" target=\"_blank\">ruhrbarone<\/a><\/p>\n<p><strong>Allen Krisen zum Trotz:<\/strong> J\u00fcrgen Habermas will das Projekt Europa retten &#8230; <a href=\"http:\/\/www.revierpassagen.de\/6409\/allen-krisen-zum-trotz-jurgen-habermas-will-das-projekt-europa-retten\/20111217_2208\" target=\"_blank\">revierpassagen<\/a><\/p>\n<p><strong>Sachparteitag der CDU HSK legt den Kurs der kommenden Jahre fest:<\/strong> Die Arbeitsgruppe 1 unter der Leitung von Patrick Sensburg MdB hat sich mit den Wertefundamten sowie der Zukunft der CDU als christliche Partei befasst &#8230; <a href=\"http:\/\/www.patrick-sensburg.de\/article\/20111216362721\" target=\"_blank\">patricksensburg<\/a><\/p>\n<p><strong>Kollateralsch\u00e4den am Niederrhein:<\/strong> Die SPD war \u00fcber Jahrzehnte ein Machtzentrum, das die NRW-SPD als Regierungspartei stabilisierte. Inzwischen geht es in dem Bezirk drunter und dr\u00fcber. Das haben auch seine derzeit prominentesten Mitgliedern zu verantworten, Ministerpr\u00e4sidentin Kraft aus M\u00fclheim und Innenminister J\u00e4ger aus Duisburg &#8230; <a href=\"http:\/\/post-von-horn.de\/2011\/12\/19\/kollateralschaden-am-niederrhein\/\" target=\"_blank\">postvonhorn<\/a><\/p>\n<p><strong>Schlechtes Wetter, fr\u00fches Aufstehen, kapitalistische Ungerechtigkeit:<\/strong> Die Suche nach dem Schuldigen &#8230; <a href=\"http:\/\/www.jurga.de\/143.html\" target=\"_blank\">jurga<\/a><\/p>\n<p><strong>Ruhrparlament:<\/strong> gegen Factory Outlet-Projekte &#8230; <a href=\"http:\/\/doppelwacholder.wordpress.com\/2011\/12\/20\/ruhrparlament-gegen-factory-outlet-projekte\/\" target=\"_blank\">doppelwacholder<\/a><\/p>\n<p><strong>Zack, bumm! Das Jahr ist um! Die FDP:<\/strong> \u00e2\u20ac\u017eOh guckt mal, wie klein ist die denn? Psst! Seid leise!\u00e2\u20ac\u0153, \u00e2\u20ac\u017eNun lacht doch nicht so laut, sonst vertreibt ihr sie ja\u00e2\u20ac\u0153, \u00e2\u20ac\u017eHups, jetzt ist sie weg\u00e2\u20ac\u0153 Na, von wem ist hier die Rede? Ja, nat\u00fcrlich: von der FDP. Gro\u00df war sie nie, aber so klein wie in aktuellen Umfragen war sie wohl auch schon lange nicht mehr. Rein nach ihrer Medienpr\u00e4senz in 2011 zu urteilen, m\u00fcsste sie in astronomischen H\u00f6hen schweben &#8230; <a href=\"http:\/\/wutzeline.wordpress.com\/2011\/12\/19\/zack-bumm-das-jahr-ist-um-teil-3\/\" target=\"_blank\">wutzeline<\/a><\/p>\n<p><strong>Musikschule Hochsauerland absurd. H\u00f6here Geb\u00fchren &#8211; weniger Einnahmen:<\/strong> In der Kreistagssitzung am 16.12.2011 wurde das Betriebsergebnis der  Kreismusikschule f\u00fcr das Jahr 2011 vorgestellt. Jetzt wissen alle: Die  damalige Entgeltanhebung hat mehr Schaden als Nutzen gebracht &#8230; <a href=\"http:\/\/sbl-fraktion.de\/?p=1724\" target=\"_blank\">sbl <\/a><\/p>\n<p><strong>Ferienparks im Hochsauerland:<\/strong> In Sundern verlas in der letzten Ratssitzung B\u00fcgermeister Lins ein  Schreiben der holl\u00e4ndischen Gesellschaft, die in Amecke einen Ferienpark  plant. In dem Schreiben hei\u00dft es &#8230; <a href=\"http:\/\/www.gruene-sundern.de\/?p=1135\" target=\"_blank\">gruenesundern<\/a><\/p>\n<p><strong>Mechthild Schulz:<\/strong> Kultur-Autorit\u00e4t f\u00fcr Region Arnsberg-Neheim &#8230; <a href=\"http:\/\/www.neheims-netz.de\/?p=2020\" target=\"_blank\">neheimsnetz<\/a><\/p>\n","protected":false},"excerpt":{"rendered":"<p>Heimat ist kein Ort, Heimat ist ein Gef\u00fchl: Da sass ich am Samstag Abend mit meinem Nachbarn Paul in seinem warmen Wohnzimmer. Seine Frau war zur Damenstammtischweihnachtsfeier, mein Lebensgenosse hatte &hellip; <a href=\"https:\/\/www.schiebener.net\/wordpress\/umleitung-von-der-heimat-nach-arnsberg-neheim\/\" class=\"more-link\"><span class=\"screen-reader-text\">\u201eUmleitung: Von der Heimat nach Arnsberg-Neheim.\u201c <\/span>weiterlesen<\/a><\/p>\n","protected":false},"author":3,"featured_media":0,"comment_status":"open","ping_status":"open","sticky":false,"template":"","format":"standard","meta":{"footnotes":""},"categories":[674,80,24,379],"tags":[3273,3286,3284,3285,3287,1349],"class_list":["post-15672","post","type-post","status-publish","format-standard","hentry","category-kultur","category-lokales","category-politik","category-umleitung","tag-christian-wulff","tag-habermas","tag-heimat","tag-margarita-mathiopoulos","tag-mechthild-schulz","tag-musikschule-hochsauerlandkreis"],"_links":{"self":[{"href":"https:\/\/www.schiebener.net\/wordpress\/wp-json\/wp\/v2\/posts\/15672","targetHints":{"allow":["GET"]}}],"collection":[{"href":"https:\/\/www.schiebener.net\/wordpress\/wp-json\/wp\/v2\/posts"}],"about":[{"href":"https:\/\/www.schiebener.net\/wordpress\/wp-json\/wp\/v2\/types\/post"}],"author":[{"embeddable":true,"href":"https:\/\/www.schiebener.net\/wordpress\/wp-json\/wp\/v2\/users\/3"}],"replies":[{"embeddable":true,"href":"https:\/\/www.schiebener.net\/wordpress\/wp-json\/wp\/v2\/comments?post=15672"}],"version-history":[{"count":0,"href":"https:\/\/www.schiebener.net\/wordpress\/wp-json\/wp\/v2\/posts\/15672\/revisions"}],"wp:attachment":[{"href":"https:\/\/www.schiebener.net\/wordpress\/wp-json\/wp\/v2\/media?parent=15672"}],"wp:term":[{"taxonomy":"category","embeddable":true,"href":"https:\/\/www.schiebener.net\/wordpress\/wp-json\/wp\/v2\/categories?post=15672"},{"taxonomy":"post_tag","embeddable":true,"href":"https:\/\/www.schiebener.net\/wordpress\/wp-json\/wp\/v2\/tags?post=15672"}],"curies":[{"name":"wp","href":"https:\/\/api.w.org\/{rel}","templated":true}]}}