{"id":15588,"date":"2011-12-17T01:07:46","date_gmt":"2011-12-17T00:07:46","guid":{"rendered":"http:\/\/www.schiebener.net\/wordpress\/?p=15588"},"modified":"2011-12-17T01:07:46","modified_gmt":"2011-12-17T00:07:46","slug":"ist-das-offentlich-machen-eines-verbrechens-ein-verbrechen-der-junge-der-die-hubschraubermorde-enttarnte","status":"publish","type":"post","link":"https:\/\/www.schiebener.net\/wordpress\/ist-das-offentlich-machen-eines-verbrechens-ein-verbrechen-der-junge-der-die-hubschraubermorde-enttarnte\/","title":{"rendered":"Ist das \u00f6ffentlich Machen eines Verbrechens ein Verbrechen? Der Junge, der die Hubschraubermorde enttarnte."},"content":{"rendered":"<p><iframe loading=\"lazy\" width=\"512\" height=\"377\" src=\"http:\/\/www.youtube.com\/embed\/5rXPrfnU3G0\" frameborder=\"0\" allowfullscreen><\/iframe>Ihm drohen f\u00fcnf Jahrzehnte Gef\u00e4ngnis, ein Leben hinter Gittern: Die US-Army h\u00f6rt nach eineinhalb Jahren Haft den mutma\u00dflichen WikiLeaks-Fl\u00fcsterer Bradley Manning an. Der schm\u00e4chtige Mann bleibt reglos, sein Verteidiger setzt auf Attacke &#8211; und kn\u00f6pft sich den Untersuchungsrichter vor &#8230; <a href=\"http:\/\/www.spiegel.de\/politik\/ausland\/0,1518,804360,00.html\" target=\"_blank\">spiegel<\/a><br \/>\n<iframe loading=\"lazy\" width=\"512\" height=\"290\" src=\"http:\/\/www.youtube.com\/embed\/dAYG7yJpBbQ\" frameborder=\"0\" allowfullscreen><\/iframe><br \/>\nMy name is Graham Nash and I am a human being\u00e2\u20ac\u00a6<\/p>\n<p>I became a citizen of the United States of America decades ago mainly because I did not want to be hypocritical, criticizing this country, throwing caustic comments from the sidelines, usually in song, yet not being a true part of this wonderful social network. I also wanted to be able to vote and I wanted to be able to praise the obvious beauty of this country and it\u00e2\u20ac\u2122s people and the things they stand for, having been brilliantly set out in our Constitution.<\/p>\n<p>Being a citizen means the world to me, and it also means that I can raise my voice and my opinion.<\/p>\n<p><a href=\"http:\/\/www.freebradleymanning.de\/\" target=\"_blank\">http:\/\/www.freebradleymanning.de\/<\/a><\/p>\n","protected":false},"excerpt":{"rendered":"<p>Ihm drohen f\u00fcnf Jahrzehnte Gef\u00e4ngnis, ein Leben hinter Gittern: Die US-Army h\u00f6rt nach eineinhalb Jahren Haft den mutma\u00dflichen WikiLeaks-Fl\u00fcsterer Bradley Manning an. Der schm\u00e4chtige Mann bleibt reglos, sein Verteidiger setzt &hellip; <a href=\"https:\/\/www.schiebener.net\/wordpress\/ist-das-offentlich-machen-eines-verbrechens-ein-verbrechen-der-junge-der-die-hubschraubermorde-enttarnte\/\" class=\"more-link\"><span class=\"screen-reader-text\">\u201eIst das \u00f6ffentlich Machen eines Verbrechens ein Verbrechen? Der Junge, der die Hubschraubermorde enttarnte.\u201c <\/span>weiterlesen<\/a><\/p>\n","protected":false},"author":3,"featured_media":0,"comment_status":"open","ping_status":"open","sticky":false,"template":"","format":"standard","meta":{"footnotes":""},"categories":[173],"tags":[3274,3275,1402],"class_list":["post-15588","post","type-post","status-publish","format-standard","hentry","category-usa","tag-bradley-manning","tag-helicopter","tag-irak"],"_links":{"self":[{"href":"https:\/\/www.schiebener.net\/wordpress\/wp-json\/wp\/v2\/posts\/15588","targetHints":{"allow":["GET"]}}],"collection":[{"href":"https:\/\/www.schiebener.net\/wordpress\/wp-json\/wp\/v2\/posts"}],"about":[{"href":"https:\/\/www.schiebener.net\/wordpress\/wp-json\/wp\/v2\/types\/post"}],"author":[{"embeddable":true,"href":"https:\/\/www.schiebener.net\/wordpress\/wp-json\/wp\/v2\/users\/3"}],"replies":[{"embeddable":true,"href":"https:\/\/www.schiebener.net\/wordpress\/wp-json\/wp\/v2\/comments?post=15588"}],"version-history":[{"count":0,"href":"https:\/\/www.schiebener.net\/wordpress\/wp-json\/wp\/v2\/posts\/15588\/revisions"}],"wp:attachment":[{"href":"https:\/\/www.schiebener.net\/wordpress\/wp-json\/wp\/v2\/media?parent=15588"}],"wp:term":[{"taxonomy":"category","embeddable":true,"href":"https:\/\/www.schiebener.net\/wordpress\/wp-json\/wp\/v2\/categories?post=15588"},{"taxonomy":"post_tag","embeddable":true,"href":"https:\/\/www.schiebener.net\/wordpress\/wp-json\/wp\/v2\/tags?post=15588"}],"curies":[{"name":"wp","href":"https:\/\/api.w.org\/{rel}","templated":true}]}}