{"id":15524,"date":"2011-12-15T20:49:50","date_gmt":"2011-12-15T19:49:50","guid":{"rendered":"http:\/\/www.schiebener.net\/wordpress\/?p=15524"},"modified":"2011-12-15T20:56:27","modified_gmt":"2011-12-15T19:56:27","slug":"olsberg-aktuell-rat-beschliest-einstimmig-die-errichtung-einer-sekundarschule","status":"publish","type":"post","link":"https:\/\/www.schiebener.net\/wordpress\/olsberg-aktuell-rat-beschliest-einstimmig-die-errichtung-einer-sekundarschule\/","title":{"rendered":"Olsberg aktuell: Rat beschlie\u00dft einstimmig die Errichtung einer Sekundarschule."},"content":{"rendered":"<figure id=\"attachment_15525\" aria-describedby=\"caption-attachment-15525\" style=\"width: 256px\" class=\"wp-caption alignleft\"><img loading=\"lazy\" decoding=\"async\" class=\"size-full wp-image-15525 \" title=\"rathausolsberg201112\" src=\"http:\/\/www.schiebener.net\/wordpress\/wp-content\/uploads\/2011\/12\/rathausolsberg201112.jpg\" alt=\"Rathaus Olsberg: gr\u00fcnes Licht f\u00fcr die Sekundarschule (foto: zoom)\" width=\"256\" height=\"192\" srcset=\"https:\/\/www.schiebener.net\/wordpress\/wp-content\/uploads\/2011\/12\/rathausolsberg201112.jpg 320w, https:\/\/www.schiebener.net\/wordpress\/wp-content\/uploads\/2011\/12\/rathausolsberg201112-300x225.jpg 300w\" sizes=\"auto, (max-width: 256px) 85vw, 256px\" \/><figcaption id=\"caption-attachment-15525\" class=\"wp-caption-text\">Rathaus Olsberg: gr\u00fcnes Licht f\u00fcr die Sekundarschule (foto: zoom)<\/figcaption><\/figure>\n<p><strong>Vor gut einer Stunde hat der Rat der Stadt Olsberg einstimmig die Errichtung einer Sekundarschule beschlossen (<a href=\"http:\/\/www.schiebener.net\/wordpress\/?p=15508\" target=\"_blank\">wir berichteten gestern<\/a>).<\/strong><\/p>\n<p>Damit geht vorl\u00e4ufig ein Weg zu\u00a0 Ende, der mit dem Antrag der SPD-Fraktion vom 7. Oktober 2010 zur Teilnahme am Schulversuch zur Errichtung einer Gemeinschaftsschule begonnen hatte. Siehe dazu\u00a0 <a href=\"http:\/\/www.schiebener.net\/wordpress\/?p=9693\" target=\"_blank\">hier im Blog<\/a>.<\/p>\n<p>18 B\u00fcrgerinnen und B\u00fcrger, darunter die Schulleitungen der Haupt- und Realschule, sowie einige aktive und ehemalige Lehrerinnen und Verwaltungsmitarbeiterinnen verfolgten von der Zuschauertrib\u00fcne die Plenarsitzung zum Tagesordnungspunkt &#8222;Schulentwicklung&#8220;. Gemessen an den Ma\u00dfst\u00e4ben der heftigen bildungspolitischen Auseinandersetzungen der vergangenen Jahrzehnte muss man die Sitzung samt Diskussion als ausgesprochen harmonisch bezeichnen.<\/p>\n<p>In der Begr\u00fcndung des Antrags arbeitete B\u00fcrgermeister Wolfgang Fischer die positiven Seiten des sogenannten &#8222;Schulfrieden&#8220; in NRW heraus. Nun habe man f\u00fcr die n\u00e4chsten zw\u00f6lf Jahre eine verl\u00e4ssliche Grundlage f\u00fcr die Schulentwicklung in Olsberg.<\/p>\n<p>Die Vertreterin des B\u00fcrgermeisters, Elisabeth Nieder, stellte die Ergebnisse einer Elternbefragung der jetzigen Dritt- und Viertkl\u00e4ssler an den Olsberger Grundschulen vor.\u00a0\u00a0202 von 332 befragten Eltern h\u00e4tten die Frageb\u00f6gen beantwortet und zur\u00fcckgeschickt. Von diesen h\u00e4tten sich 121 (61%) positiv und 79 negativ zur Sekundarschule ge\u00e4u\u00dfert. Die erforderliche Dreiz\u00fcgigkeit mit einer Mindessch\u00fclerzahl von 75 sei auf Grund dieser Zahlen gesichert.<\/p>\n<p>In der Diskussion selbst \u00e4u\u00dferten sich VertreterInnen von CDU (Finkel, Schmidt, Steinr\u00fccken), SPD (Przygoda) und Gr\u00fcnen (Weigand) in vorbereiteten Statements zustimmend zur Sekundarschule.<\/p>\n<p>Hiltrud Schmidt (CDU) \u00e4u\u00dferte Verst\u00e4ndnis f\u00fcr vorhandene Skepsis gegen\u00fcber der neuen Schulform, betonte aber, dass es keine Alternative g\u00e4be.<\/p>\n<p>Knut Finkel (CDU) glaubte, dass der gebundene Ganztag den ver\u00e4nderten Anspr\u00fcchen der Familien, wie beispielsweise Doppelverdienern, besser gerecht w\u00fcrde.<\/p>\n<p>Karl-Josef Steinr\u00fccken(CDU) lobte die hervorragende Arbeit von Haupt- und Realschule. Aufgrund der Anmeldezahlen sei die Hauptschule allerdings am Ende, und auch die Realschule sei ins Schlingern gekommen.<\/p>\n<p>Rudolf Przygoda (SPD), der noch im letzten Jahr den Antrag seiner Partei zur Gemeinschaftsschule eingebracht hatte, zeigte sich heute zufrieden mit dem pragmatischen Konsens des Olsberger Rates.<\/p>\n<p>Der Vertreter der Gr\u00fcnen, Weigand, betonte, dass er sich zwar eine weitreichendere intergrative Schulform gew\u00fcnscht h\u00e4tte, aber der zustande gekommene Kompromiss sei ein Schritt in die richtige Richtung.<\/p>\n<p>Weigand sprach dar\u00fcber hinaus die Abstimmung in den Schulkonferenzen der beiden weiterf\u00fchrenden Schulen an. W\u00e4hrend sich die Hauptschule einstimmig f\u00fcr die Sekundarschule ausgesprochen h\u00e4tten, h\u00e4tte die Realschule in der Mehrheit gegen die neue Schulform gestimmt.<\/p>\n<p>B\u00fcrgermeister Fischer erl\u00e4uterte, dass er zwar auf den Konferenzen anwesend gewesen w\u00e4re, aber auf Grund des Konferenzgeheimnisses keine Aussagen treffen k\u00f6nne. Das Abstimmungsergebnis an der Realschule bewertete Fischer positiv.<\/p>\n<p>Als im letzten Jahr in\u00a0 der Schulkonferenz\u00a0 \u00fcber eine Gemeinschaftsschule abgestimmt worden w\u00e4re, h\u00e4tte es noch einstimmige Ablehnung gegeben. Beim Beschluss \u00fcber die Sekundarschule h\u00e4tten jetzt den Nein-Stimmen immerhin sechs Ja-Stimmen gegen\u00fcber gestanden.<\/p>\n","protected":false},"excerpt":{"rendered":"<p>Vor gut einer Stunde hat der Rat der Stadt Olsberg einstimmig die Errichtung einer Sekundarschule beschlossen (wir berichteten gestern). Damit geht vorl\u00e4ufig ein Weg zu\u00a0 Ende, der mit dem Antrag &hellip; <a href=\"https:\/\/www.schiebener.net\/wordpress\/olsberg-aktuell-rat-beschliest-einstimmig-die-errichtung-einer-sekundarschule\/\" class=\"more-link\"><span class=\"screen-reader-text\">\u201eOlsberg aktuell: Rat beschlie\u00dft einstimmig die Errichtung einer Sekundarschule.\u201c <\/span>weiterlesen<\/a><\/p>\n","protected":false},"author":3,"featured_media":0,"comment_status":"open","ping_status":"open","sticky":false,"template":"","format":"standard","meta":{"footnotes":""},"categories":[3,80,24],"tags":[190,2035,2896],"class_list":["post-15524","post","type-post","status-publish","format-standard","hentry","category-bildung-und-schule","category-lokales","category-politik","tag-olsberg","tag-ratssitzung","tag-sekundarschule"],"_links":{"self":[{"href":"https:\/\/www.schiebener.net\/wordpress\/wp-json\/wp\/v2\/posts\/15524","targetHints":{"allow":["GET"]}}],"collection":[{"href":"https:\/\/www.schiebener.net\/wordpress\/wp-json\/wp\/v2\/posts"}],"about":[{"href":"https:\/\/www.schiebener.net\/wordpress\/wp-json\/wp\/v2\/types\/post"}],"author":[{"embeddable":true,"href":"https:\/\/www.schiebener.net\/wordpress\/wp-json\/wp\/v2\/users\/3"}],"replies":[{"embeddable":true,"href":"https:\/\/www.schiebener.net\/wordpress\/wp-json\/wp\/v2\/comments?post=15524"}],"version-history":[{"count":0,"href":"https:\/\/www.schiebener.net\/wordpress\/wp-json\/wp\/v2\/posts\/15524\/revisions"}],"wp:attachment":[{"href":"https:\/\/www.schiebener.net\/wordpress\/wp-json\/wp\/v2\/media?parent=15524"}],"wp:term":[{"taxonomy":"category","embeddable":true,"href":"https:\/\/www.schiebener.net\/wordpress\/wp-json\/wp\/v2\/categories?post=15524"},{"taxonomy":"post_tag","embeddable":true,"href":"https:\/\/www.schiebener.net\/wordpress\/wp-json\/wp\/v2\/tags?post=15524"}],"curies":[{"name":"wp","href":"https:\/\/api.w.org\/{rel}","templated":true}]}}