{"id":15508,"date":"2011-12-14T23:19:28","date_gmt":"2011-12-14T22:19:28","guid":{"rendered":"http:\/\/www.schiebener.net\/wordpress\/?p=15508"},"modified":"2011-12-14T23:19:28","modified_gmt":"2011-12-14T22:19:28","slug":"morgen-ratssitzung-in-olsberg-wird-die-schullandschaft-umgebaut-beschluss-uber-sekundarschule","status":"publish","type":"post","link":"https:\/\/www.schiebener.net\/wordpress\/morgen-ratssitzung-in-olsberg-wird-die-schullandschaft-umgebaut-beschluss-uber-sekundarschule\/","title":{"rendered":"Morgen Ratssitzung in Olsberg. Wird die Schullandschaft umgebaut? Beschluss \u00fcber Sekundarschule."},"content":{"rendered":"<figure id=\"attachment_15509\" aria-describedby=\"caption-attachment-15509\" style=\"width: 256px\" class=\"wp-caption alignleft\"><img loading=\"lazy\" decoding=\"async\" class=\"size-full wp-image-15509 \" title=\"rathausolsberg\" src=\"http:\/\/www.schiebener.net\/wordpress\/wp-content\/uploads\/2011\/12\/rathausolsberg.jpg\" alt=\"Der Eingang zum Olsberger Rathaus wird morgen abend erleuchtet sein. (foto: zoom)\" width=\"256\" height=\"211\" srcset=\"https:\/\/www.schiebener.net\/wordpress\/wp-content\/uploads\/2011\/12\/rathausolsberg.jpg 320w, https:\/\/www.schiebener.net\/wordpress\/wp-content\/uploads\/2011\/12\/rathausolsberg-300x247.jpg 300w\" sizes=\"auto, (max-width: 256px) 85vw, 256px\" \/><figcaption id=\"caption-attachment-15509\" class=\"wp-caption-text\">Der Eingang zum Olsberger Rathaus wird morgen Abend erleuchtet sein. (foto: zoom)<\/figcaption><\/figure>\n<p><strong>Am morgigen Donnerstag, dem 15. Dezember 2011, findet ab 17 Uhr eine <a href=\"http:\/\/www.olsberg.de\/_rathaus\/ratsinfo\/117100100000011751.php\" target=\"_blank\">Sitzung des Olsberger Rates<\/a> statt.<\/strong><\/p>\n<p>Unter dem Tagesordnungpunkt 6 &#8211;<strong>Schulentwicklungsplanung der Stadt Olsberg<\/strong>&#8211; soll \u00fcber die Errichtung einer mindestens dreiz\u00fcgigen Sekundarschule am Standort der jetzigen Haupt- und Realschule entschieden werden.<\/p>\n<p><strong>W\u00f6rtlich hei\u00dft es in der Beschlussvorlage:<\/strong><\/p>\n<p>&#8222;Der Rat der Stadt Olsberg beschlie\u00dft gem. \u00a7 81 (2) Schulgesetz f\u00fcr das Land Nordrhein-Westfalen (Schulgesetz NRW \u00e2\u20ac\u201c SchulG) zum Schuljahr 2012\/2013 eine Sekundarschule im Sinne des \u00a7 17a SchulG zu errichten. Die Schule wird mindestens dreiz\u00fcgig gef\u00fchrt.<\/p>\n<p>Der Rat der Stadt Olsberg beschlie\u00dft, die Hauptschule Olsberg, Am Schwesternheim 5, 59939 Olsberg und die Realschule Olsberg, Bahnhofstra\u00dfe 59, 59939 Olsberg gem. \u00a7 81 (2) SchulG zum Schuljahr 2012\/2013 aufzul\u00f6sen. Die Schulen werden jahrgangsstufenweise auslaufend weitergef\u00fchrt, so dass die Aufl\u00f6sung beider Schulen mit Ende des Schuljahres 2016\/2017 vollzogen ist.<\/p>\n<p>Der Rat der Stadt Olsberg erm\u00e4chtigt den B\u00fcrgermeister eine Kooperationsvereinbarung mit den Berufskollegs des Hochsauerlandkreises gem. \u00a7 17a (2) SchulG abzuschlie\u00dfen.&#8220;<\/p>\n<p><strong>Das komplette, sehr <a href=\"http:\/\/www.olsberg.de\/_rathaus\/ratsinfo\/117100100000011751.php\" target=\"_blank\">detaillierte Papier findet sich ebenfalls hier.<\/a> <\/strong><em> (Auf &#8222;TO&#8220; klicken und dann auf &#8222;VO&#8220; unter &#8222;\u00d6 6&#8220;, leider ist aufgrund der Beschaffenheit des Ratsinformationssystems eine direkte Verlinkung zu Dokumenten nicht m\u00f6glich. Alternativ: das gesamte PDF-Dokument der Sitzung herunterladen. Dort ist die Darstellung von Grafik und Text sauberer als in &#8222;VO&#8220;)<\/em><strong><br \/>\n<\/strong><\/p>\n<p>Wir haben in diesem Blog sehr viele Artikel zum Thema &#8222;Schule und Bildung&#8220; ver\u00f6ffentlicht. An dieser Stelle enthalten wir uns eines Kommentars. Wichtig w\u00e4re es in einem demokratischen Gemeinwesen, wenn viele interessierte B\u00fcrger diese Ratssitzung besuchten und sich die Argumente ihrer gew\u00e4hlten politischen Repr\u00e4sentanten anh\u00f6rten und abw\u00e4gten.<\/p>\n<p>Einen derart tiefen Einschnitt in die Bildungslandschaft hat das sauerl\u00e4ndische Olsberg seit Jahrzehnten nicht erlebt.<\/p>\n<p>In diesem Sinne\u00a0 &#8230;<\/p>\n","protected":false},"excerpt":{"rendered":"<p>Am morgigen Donnerstag, dem 15. Dezember 2011, findet ab 17 Uhr eine Sitzung des Olsberger Rates statt. Unter dem Tagesordnungpunkt 6 &#8211;Schulentwicklungsplanung der Stadt Olsberg&#8211; soll \u00fcber die Errichtung einer &hellip; <a href=\"https:\/\/www.schiebener.net\/wordpress\/morgen-ratssitzung-in-olsberg-wird-die-schullandschaft-umgebaut-beschluss-uber-sekundarschule\/\" class=\"more-link\"><span class=\"screen-reader-text\">\u201eMorgen Ratssitzung in Olsberg. Wird die Schullandschaft umgebaut? Beschluss \u00fcber Sekundarschule.\u201c <\/span>weiterlesen<\/a><\/p>\n","protected":false},"author":3,"featured_media":0,"comment_status":"open","ping_status":"open","sticky":false,"template":"","format":"standard","meta":{"footnotes":""},"categories":[3,80],"tags":[190,2035,2896],"class_list":["post-15508","post","type-post","status-publish","format-standard","hentry","category-bildung-und-schule","category-lokales","tag-olsberg","tag-ratssitzung","tag-sekundarschule"],"_links":{"self":[{"href":"https:\/\/www.schiebener.net\/wordpress\/wp-json\/wp\/v2\/posts\/15508","targetHints":{"allow":["GET"]}}],"collection":[{"href":"https:\/\/www.schiebener.net\/wordpress\/wp-json\/wp\/v2\/posts"}],"about":[{"href":"https:\/\/www.schiebener.net\/wordpress\/wp-json\/wp\/v2\/types\/post"}],"author":[{"embeddable":true,"href":"https:\/\/www.schiebener.net\/wordpress\/wp-json\/wp\/v2\/users\/3"}],"replies":[{"embeddable":true,"href":"https:\/\/www.schiebener.net\/wordpress\/wp-json\/wp\/v2\/comments?post=15508"}],"version-history":[{"count":0,"href":"https:\/\/www.schiebener.net\/wordpress\/wp-json\/wp\/v2\/posts\/15508\/revisions"}],"wp:attachment":[{"href":"https:\/\/www.schiebener.net\/wordpress\/wp-json\/wp\/v2\/media?parent=15508"}],"wp:term":[{"taxonomy":"category","embeddable":true,"href":"https:\/\/www.schiebener.net\/wordpress\/wp-json\/wp\/v2\/categories?post=15508"},{"taxonomy":"post_tag","embeddable":true,"href":"https:\/\/www.schiebener.net\/wordpress\/wp-json\/wp\/v2\/tags?post=15508"}],"curies":[{"name":"wp","href":"https:\/\/api.w.org\/{rel}","templated":true}]}}