{"id":15439,"date":"2011-12-11T00:23:52","date_gmt":"2011-12-10T23:23:52","guid":{"rendered":"http:\/\/www.schiebener.net\/wordpress\/?p=15439"},"modified":"2012-01-08T20:02:09","modified_gmt":"2012-01-08T19:02:09","slug":"schnee-im-hochsauerland-jetzt-nicht-gleich-in-aufregung-verfallen-ein-paar-personliche-gedanken-zum-saisonbeginn","status":"publish","type":"post","link":"https:\/\/www.schiebener.net\/wordpress\/schnee-im-hochsauerland-jetzt-nicht-gleich-in-aufregung-verfallen-ein-paar-personliche-gedanken-zum-saisonbeginn\/","title":{"rendered":"Schnee im Hochsauerland. Jetzt nicht gleich in Aufregung verfallen. Ein paar pers\u00f6nliche Gedanken zum Saisonbeginn."},"content":{"rendered":"<figure id=\"attachment_15440\" aria-describedby=\"caption-attachment-15440\" style=\"width: 512px\" class=\"wp-caption aligncenter\"><img loading=\"lazy\" decoding=\"async\" class=\"size-full wp-image-15440\" title=\"marktplatze20111210\" src=\"http:\/\/www.schiebener.net\/wordpress\/wp-content\/uploads\/2011\/12\/marktplatze20111210.jpg\" alt=\"Verschneite Bank am Wanderweg auf den sogenannten Marktpl\u00e4tzen. (fotos: zoom)\" width=\"512\" height=\"384\" srcset=\"https:\/\/www.schiebener.net\/wordpress\/wp-content\/uploads\/2011\/12\/marktplatze20111210.jpg 512w, https:\/\/www.schiebener.net\/wordpress\/wp-content\/uploads\/2011\/12\/marktplatze20111210-300x225.jpg 300w\" sizes=\"auto, (max-width: 512px) 85vw, 512px\" \/><figcaption id=\"caption-attachment-15440\" class=\"wp-caption-text\">Verschneite Bank am Wanderweg auf den sogenannten Marktpl\u00e4tzen. (fotos: zoom***)<\/figcaption><\/figure>\n<p><strong>Ja, es hat im Hochsauerland geschneit und &#8211; Nein, der Wintersportzirkus hat noch nicht ernsthaft begonnen. Von 88 Kilometern Piste sind heute 3 Kilometer er\u00f6ffnet. Sechs Lifte laufen und auf 15 von 623 Kilometern soll Langlauf m\u00f6glich sein. <a href=\"http:\/\/www.wintersport-arena.de\/de\/schneehoehen\/skigebiete-alpine\" target=\"_blank\">Angucken kann man sich die aktuelle Lage hier.<\/a><\/strong><\/p>\n<p>Wenn ich im Ruhrgebiet wohnte und auf die Idee k\u00e4me, am morgigen Sonntag ins Hochsauerland zu fahren, dann nur, um durch die verschneiten W\u00e4lder zu stromern. Zu Fu\u00df.<\/p>\n<figure id=\"attachment_15445\" aria-describedby=\"caption-attachment-15445\" style=\"width: 512px\" class=\"wp-caption aligncenter\"><img loading=\"lazy\" decoding=\"async\" class=\"size-full wp-image-15445\" title=\"schneespuren\" src=\"http:\/\/www.schiebener.net\/wordpress\/wp-content\/uploads\/2011\/12\/schneespuren.jpg\" alt=\"schneespuren\" width=\"512\" height=\"384\" \/><figcaption id=\"caption-attachment-15445\" class=\"wp-caption-text\">Der Schnee sieht heute schon ganz pr\u00e4chtig aus. Hier kurz vor den Minenpl\u00e4tzen.<\/figcaption><\/figure>\n<p><strong>Ich wohne seit 14 Jahren hier im Hochsauerland.<\/strong> Heute ist mir aufgefallen, dass ich noch nie Urlaub im Sauerland gemacht habe. Falls ich hier mal wieder wegziehen sollte, werde ich auch weiterhin keinen Urlaub im Hochsauerland buchen. Warum auch? Ich bin nicht so ein Wintersport-Typ. Ich laufe lieber oder fahre Rad. Diese Bretter unter den F\u00fc\u00dfen sind mir zu schnell.<\/p>\n<p><strong>Niederl\u00e4nder und Ruhrgebietler<\/strong> kommen gerne ins Hochsauerland &#8211; ob alle, das kann ich nicht beurteilen, aber genug, um hier eine passable Tourismusindustrie am Laufen zu halten.<\/p>\n<figure id=\"attachment_15446\" aria-describedby=\"caption-attachment-15446\" style=\"width: 512px\" class=\"wp-caption aligncenter\"><img loading=\"lazy\" decoding=\"async\" class=\"size-full wp-image-15446\" title=\"landal20111210\" src=\"http:\/\/www.schiebener.net\/wordpress\/wp-content\/uploads\/2011\/12\/landal20111210.jpg\" alt=\"Blick aus dem Wald auf den Rand des Landal-Ferienparks. \" width=\"512\" height=\"384\" srcset=\"https:\/\/www.schiebener.net\/wordpress\/wp-content\/uploads\/2011\/12\/landal20111210.jpg 512w, https:\/\/www.schiebener.net\/wordpress\/wp-content\/uploads\/2011\/12\/landal20111210-300x225.jpg 300w\" sizes=\"auto, (max-width: 512px) 85vw, 512px\" \/><figcaption id=\"caption-attachment-15446\" class=\"wp-caption-text\">Blick aus dem Wald auf den Rand des Landal-Ferienparks. <\/figcaption><\/figure>\n<p><strong>Ich w\u00e4re ein gro\u00dfer Fan des Ski-Tourismus in Winterberg<\/strong>, wenn ich direkt daran verdienen w\u00fcrde. So aber verkrieche ich mich w\u00e4hrend der Ski-Saison in den Wald oder in meine Lieblingsschwimmb\u00e4der. Die liegen nicht in Winterberg.<\/p>\n<p><strong>Richtig ist aber auch: ohne den Tourismus w\u00e4re Winterberg tot.<\/strong> Solange sich die Menschen bei den Ski-Abfahrten und im Bike-Park die Knochen brechen, wird es in Winterberg ein Krankenhaus geben. Die \u00c4rzte, die in diesem Krankenhaus arbeiten und in Winterberg leben, ben\u00f6tigen f\u00fcr ihre Kinder eine Schule. Mein Vorurteil ist: \u00c4rzte wollen f\u00fcr ihre Kinder ein Gymnasium.<\/p>\n<p><strong>Mein Vorteil als B\u00fcrger<\/strong> von Winterberg ist: ich habe eine Krankenhaus um die Ecke und kann meine Kinder auf ein Gymnasium schicken.<\/p>\n<p><strong>Es gibt sehr sch\u00f6ne Ecken rund um Winterberg.<\/strong> Man kann hier eine ganzen Tag lang wandern oder laufen, ohne dass ein Auto den Weg kreuzt.<\/p>\n<p><strong>Und wenn die H\u00f6lle des Ski-Zirkus losbricht?<\/strong> Dann stauen sich auf den Zufahrtsstra\u00dfen die Autoschlangen aus dem Ruhrgebiet, dann sind die Skipisten schwarz vom Gewimmel der Ski-Fanatiker, aber schon ein paar Meter abseits ist es menschenleer wie eh und je.<\/p>\n<figure id=\"attachment_15447\" aria-describedby=\"caption-attachment-15447\" style=\"width: 512px\" class=\"wp-caption aligncenter\"><img loading=\"lazy\" decoding=\"async\" class=\"size-full wp-image-15447\" title=\"minenplaetze20111210\" src=\"http:\/\/www.schiebener.net\/wordpress\/wp-content\/uploads\/2011\/12\/minenplaetze20111210.jpg\" alt=\"minenplaetze20111210\" width=\"512\" height=\"384\" \/><figcaption id=\"caption-attachment-15447\" class=\"wp-caption-text\">Die Minenpl\u00e4tze in der N\u00e4he von Winterberg<\/figcaption><\/figure>\n<p style=\"text-align: center;\">\n<p><strong>G\u00e4be es eine Alternative zur \u00d6konomie des Ski-Tourismus<\/strong> im Hochsauerland? Nat\u00fcrlich. Das w\u00e4re dann so eine Art <strong>&#8222;A-45neu&#8220;<\/strong> von Norden nach S\u00fcden, die Meschede, Brilon und Paderborn mit dem Frankfurter Raum verb\u00e4nde.<\/p>\n<p>Dann br\u00e4uchten wir auch gar nicht mehr \u00fcber den <strong>demografischen Wandel<\/strong> zu schwadronieren, weil das Hochsauerland ruckzuck verst\u00e4dtern w\u00fcrde. S\u00e4mtliche zur Zeit \u00fcberfl\u00fcssigen ausgewiesenen Gewerbegebiete, von den B\u00fcrgermeistern heute angeboten wie sauere \u00c4pfel, w\u00fcrden weggehen wie warme Semmeln.<\/p>\n<figure id=\"attachment_15449\" aria-describedby=\"caption-attachment-15449\" style=\"width: 512px\" class=\"wp-caption aligncenter\"><img loading=\"lazy\" decoding=\"async\" class=\"size-full wp-image-15449\" title=\"kl_winterbergbahn20111210\" src=\"http:\/\/www.schiebener.net\/wordpress\/wp-content\/uploads\/2011\/12\/kl_winterbergbahn20111210.jpg\" alt=\"Bahn statt Autobahn. Zur\u00fcck auf dem Weg von Winterberg nach Dortmund.\" width=\"512\" height=\"384\" srcset=\"https:\/\/www.schiebener.net\/wordpress\/wp-content\/uploads\/2011\/12\/kl_winterbergbahn20111210.jpg 512w, https:\/\/www.schiebener.net\/wordpress\/wp-content\/uploads\/2011\/12\/kl_winterbergbahn20111210-300x225.jpg 300w\" sizes=\"auto, (max-width: 512px) 85vw, 512px\" \/><figcaption id=\"caption-attachment-15449\" class=\"wp-caption-text\">Bahn statt Autobahn. Zur\u00fcck auf dem Weg von Winterberg nach Dortmund.<\/figcaption><\/figure>\n<p>Vielleicht passiert das irgendwann genau so oder auch anders. <strong>Wer will schon die Zukunft vorhersagen? <\/strong><\/p>\n<p>Bis dahin allerdings freue ich mich \u00fcber die <strong>menschenleeren Jogging-Strecken<\/strong>, die das Hochsauerland bietet. Wohnen und arbeiten, wo andere Urlaub machen.<\/p>\n<p><strong>Herz, was willst Du mehr?<\/strong><\/p>\n<p><em>*** alle Bilder sind heute in der Zeit von 11 bis 13 Uhr bei einem lockeren Lauf durch das verschneite Hochsauerland entstanden<\/em><\/p>\n","protected":false},"excerpt":{"rendered":"<p>Ja, es hat im Hochsauerland geschneit und &#8211; Nein, der Wintersportzirkus hat noch nicht ernsthaft begonnen. Von 88 Kilometern Piste sind heute 3 Kilometer er\u00f6ffnet. Sechs Lifte laufen und auf &hellip; <a href=\"https:\/\/www.schiebener.net\/wordpress\/schnee-im-hochsauerland-jetzt-nicht-gleich-in-aufregung-verfallen-ein-paar-personliche-gedanken-zum-saisonbeginn\/\" class=\"more-link\"><span class=\"screen-reader-text\">\u201eSchnee im Hochsauerland. Jetzt nicht gleich in Aufregung verfallen. Ein paar pers\u00f6nliche Gedanken zum Saisonbeginn.\u201c <\/span>weiterlesen<\/a><\/p>\n","protected":false},"author":3,"featured_media":0,"comment_status":"open","ping_status":"open","sticky":false,"template":"","format":"standard","meta":{"footnotes":""},"categories":[174,80,24,379,1208],"tags":[212,266,476,322],"class_list":["post-15439","post","type-post","status-publish","format-standard","hentry","category-dit-und-dat","category-lokales","category-politik","category-umleitung","category-wirtschaft","tag-hochsauerland","tag-schnee","tag-skitourismus","tag-winterberg"],"_links":{"self":[{"href":"https:\/\/www.schiebener.net\/wordpress\/wp-json\/wp\/v2\/posts\/15439","targetHints":{"allow":["GET"]}}],"collection":[{"href":"https:\/\/www.schiebener.net\/wordpress\/wp-json\/wp\/v2\/posts"}],"about":[{"href":"https:\/\/www.schiebener.net\/wordpress\/wp-json\/wp\/v2\/types\/post"}],"author":[{"embeddable":true,"href":"https:\/\/www.schiebener.net\/wordpress\/wp-json\/wp\/v2\/users\/3"}],"replies":[{"embeddable":true,"href":"https:\/\/www.schiebener.net\/wordpress\/wp-json\/wp\/v2\/comments?post=15439"}],"version-history":[{"count":0,"href":"https:\/\/www.schiebener.net\/wordpress\/wp-json\/wp\/v2\/posts\/15439\/revisions"}],"wp:attachment":[{"href":"https:\/\/www.schiebener.net\/wordpress\/wp-json\/wp\/v2\/media?parent=15439"}],"wp:term":[{"taxonomy":"category","embeddable":true,"href":"https:\/\/www.schiebener.net\/wordpress\/wp-json\/wp\/v2\/categories?post=15439"},{"taxonomy":"post_tag","embeddable":true,"href":"https:\/\/www.schiebener.net\/wordpress\/wp-json\/wp\/v2\/tags?post=15439"}],"curies":[{"name":"wp","href":"https:\/\/api.w.org\/{rel}","templated":true}]}}