{"id":15255,"date":"2011-12-05T06:49:39","date_gmt":"2011-12-05T05:49:39","guid":{"rendered":"http:\/\/www.schiebener.net\/wordpress\/?p=15255"},"modified":"2013-06-29T22:27:39","modified_gmt":"2013-06-29T20:27:39","slug":"meschede-eine-welt-laden-%e2%80%9elicht-in-die-welt-bringen%e2%80%9c","status":"publish","type":"post","link":"https:\/\/www.schiebener.net\/wordpress\/meschede-eine-welt-laden-%e2%80%9elicht-in-die-welt-bringen%e2%80%9c\/","title":{"rendered":"Meschede &#8211; Eine Welt-Laden: &#8222;Licht in die Welt bringen&#8220;"},"content":{"rendered":"<figure id=\"attachment_15256\" aria-describedby=\"caption-attachment-15256\" style=\"width: 512px\" class=\"wp-caption aligncenter\"><img loading=\"lazy\" decoding=\"async\" class=\"size-full wp-image-15256\" title=\"freunde20111205\" src=\"http:\/\/www.schiebener.net\/wordpress\/wp-content\/uploads\/2011\/12\/freunde20111205.jpg\" alt=\"Hans-Joachim Kirchhefer, ein langj\u00e4hriges Mitglied des Eine-Welt-Laden-Teams, war Ende November als Referent und Gast beim Begegnungsabend (foto: joch-eren)\" width=\"512\" height=\"384\" srcset=\"https:\/\/www.schiebener.net\/wordpress\/wp-content\/uploads\/2011\/12\/freunde20111205.jpg 512w, https:\/\/www.schiebener.net\/wordpress\/wp-content\/uploads\/2011\/12\/freunde20111205-300x225.jpg 300w\" sizes=\"auto, (max-width: 512px) 85vw, 512px\" \/><figcaption id=\"caption-attachment-15256\" class=\"wp-caption-text\">Hans-Joachim Kirchhefer, ein langj\u00e4hriges Mitglied des Eine-Welt-Laden-Teams, war Ende November als Referent und Gast beim Begegnungsabend (foto: joch-eren)<\/figcaption><\/figure>\n<h2 style=\"text-align: center;\">&#8222;Licht in die Welt bringen&#8220;<\/h2>\n<p><strong>Dieses Anliegen haben die ehrenamtlichen Mitarbeiterinnen und Mitarbeiter eines kleinen, Ladens im Stiftscenter in Meschede, dem \u00e2\u20ac\u017eEine Welt-Laden\u00e2\u20ac\u0153.<\/strong><\/p>\n<p>In Meschede gibt es nicht nur Sch\u00fctzen-, Fu\u00dfball- und Karnevals-Vereine, sondern auch viele kleine Initiativen, die sich soziales Engagement auf die Fahnen geschrieben haben. Die \u00e2\u20ac\u017eFreunde der V\u00f6lkerbegegnung e.V.\u00e2\u20ac\u0153 (FdV) m\u00f6chten mit diesen Gruppen gerne in Kontakt treten und sich mit ihnen austauschen. Daher laden die FdV einmal j\u00e4hrlich einen Verein aus Meschede zum Begegnungsabend ein. Im letzten und im vorletzten Jahr folgten die \u00e2\u20ac\u017eMescheder Tafel\u00e2\u20ac\u0153 und die \u00e2\u20ac\u017eBosnien-Hilfe\u00e2\u20ac\u0153 der Einladung der &#8222;Freunde der V\u00f6lkerbegegnung&#8220;. 2011 war der &#8222;Eine-Welt-Laden-Meschede&#8220; zu Gast bei den &#8222;Freunden&#8220; in der Gastst\u00e4tte &#8222;Zum Pulverturm&#8220;.<\/p>\n<p><strong>Hans-Joachim Kirchhefer als Referent und Gast beim  Begegnungsabend<\/strong><br \/>\nHans-Joachim Kirchhefer, ein langj\u00e4hriges Mitglied des Eine-Welt-Laden-Teams, war Ende November als Referent und Gast beim Begegnungsabend. Herr Kirchhefer wies zu Beginn des Treffens auf die Gemeinsamkeiten der beiden Vereine \u00e2\u20ac\u017eEine-Welt-Laden\u00e2\u20ac\u0153 und \u00e2\u20ac\u017eFreunde der V\u00f6lkerbegegnung\u00e2\u20ac\u0153 hin: \u00e2\u20ac\u017eWir sind auf einer Ebene; wir wollen Licht in die Welt bringen\u00e2\u20ac\u0153. Er schlug dann gleich den Bogen zu einem ganz gro\u00dfen Problem auf unserem gemeinsamen Globus \u00e2\u20ac\u201c der Nahrungsmittelverknappung:<\/p>\n<p><strong>Eine Milliarde Menschen vom Hunger bedroht<\/strong><br \/>\nUngerechtigkeit und Ausbeutung w\u00fcrden zunehmen. Eine Milliarde Menschen seien vom Hunger bedroht. Spekulieren k\u00f6nne man, ob das die Folge des Klimawandels oder bewusster Spekulation sei. Ein Stichwort sei der \u00e2\u20ac\u017eLandraub\u00e2\u20ac\u0153. Landenteignungen und Monokulturen f\u00fcr die Erzeugung von Kraftstoffen und Futtermitteln w\u00fcrden immer gr\u00f6\u00dfere Ausma\u00dfe annehmen. Nahrungsmittel seien mehr und mehr Spekulationsobjekte, bedingt durch die hohen Anspr\u00fcche der reichen L\u00e4nder. Herr Kirchhefer erinnerte daran, dass vor kurzem auch die Medien dar\u00fcber berichtet haben, in welch gro\u00dfem Ma\u00dfe Nahrungsmittel f\u00fcr den M\u00fcll produziert werden. Produzenten und Verbraucher sind gleicherma\u00dfen gefordert; denn unvorstellbar viele Tonnen Lebensmittel werden in Deutschland z.B. nur wegen der Erreichung des Mindesthaltbarkeitsdatums weggeworfen!<\/p>\n<p><strong>&#8222;Was k\u00f6nnen wir dagegen tun?&#8220;<\/strong> fragte Herr Kirchhefer in die Runde und beantwortete die Frage gleich selbst: &#8222;Wir k\u00f6nnen fair einkaufen!&#8220;<\/p>\n<p><strong>&#8222;Eine-Welt-Laden Meschede\u00e2\u20ac\u0153 bietet nun schon seit \u00fcber 25 Jahren fair gehandelte Produkte an<\/strong><br \/>\nUnd das k\u00f6nnen wir auch in Meschede, und zwar im &#8222;Eine-Welt-Laden&#8220;! Der &#8222;Eine-Welt-Laden Meschede&#8220; bietet nun schon seit \u00fcber 25 Jahren fair gehandelte Produkte an. Im Angebot sind zu 2\/3 Lebensmittel und zu 1\/3 kunstgewerbliche Artikel. Verschiedene Sorten Kaffee, Schokolade, Tee, getrocknete Ananas, getrocknete Bananen &#8211; das ist nur ein kleiner Teil der hochwertigen Angebotspalette. Den Erzeugern in Tansania und in den anderen Dritt-Welt-L\u00e4ndern w\u00fcrden faire Preise f\u00fcr ihre Produkte gezahlt, berichtete der langj\u00e4hrige Mitarbeiter. Besonders erw\u00e4hnenswert sei, dass die Produkte Bio-Qualit\u00e4t haben. Sie sind also ohne Kunstd\u00fcnger und ohne Gift erzeugt worden. Das sei vielleicht auch ein Grund f\u00fcr die Umsatzsteigerung der letzten Jahre, meinte Herr Kirchhefer. Bio-Produkte sind nach seiner Erfahrung derzeit sehr beliebt.<\/p>\n<p><strong>Der erste Laden war die &#8222;Puste-Blume&#8220;<\/strong><br \/>\nEin kleiner R\u00fcckblick: Alles begann mit einer Tee-Aktion. Der erste Laden war die \u00e2\u20ac\u017ePuste-Blume\u00e2\u20ac\u0153. Um die Lage vor Ort in Afrika besser einsch\u00e4tzen zu k\u00f6nnen, absolvierte Herr Kirchhefer im Laufe der Jahre selbst etliche Besuche auf dem \u00e2\u20ac\u017eSchwarzen Kontinent\u00e2\u20ac\u0153.<\/p>\n<p><strong>Die derzeitige Situation:<\/strong> F\u00fcr das jetzige, langj\u00e4hrige Ladenlokal im Stiftscenter, das sich in Tr\u00e4gerschaft der evangelischen Kirche befindet, w\u00fcrde von der Initiative keine Miete verlangt. Es fielen lediglich die laufenden Kosten f\u00fcr Strom etc. an. \u00e2\u20ac\u017eEin anderes Lokal k\u00f6nnen wir uns wegen der hohen Mieten gar nicht leisten\u00e2\u20ac\u0153, berichtete der &#8222;Eine-Welt-Laden-Mitarbeiter der ersten Stunde&#8220;.<\/p>\n<p><strong>Die Erl\u00f6se:<\/strong> Die Verkaufserl\u00f6se des kleinen Gesch\u00e4fts seien im Jahr 2010 den Erdeben-Opfern in Haiti und den Hochwasser-Opfern auf den Philippinen zugute gekommen. Es flossen jeweils 1.000,- Euro in die beiden L\u00e4nder. In diesem Jahr h\u00e4tten die Mitarbeiterinnen und Mitarbeiter entschieden, jeweils 6 mal je 500,- Euro zu verteilen, z.B. an Indios in Argentinien, nach Tschernobyl und an die Fl\u00fcchtlingshilfe in Meschede.<\/p>\n<p><strong>Die Organisation:<\/strong> Der \u00e2\u20ac\u017eEine-Welt-Laden\u00e2\u20ac\u0153 geh\u00f6rt zu einem Netzwerk von Nichtregierungsorganisationen und kooperiert mit anderen Aktionsgruppen im Sauerland. Auf der Homepage des Ladens steht: &#8222;Der Eine-Welt-Laden Meschede ist Teil der weltweiten \u00f6kumenischen Bewegung f\u00fcr Frieden, Gerechtigkeit und Bewahrung der Sch\u00f6pfung. Der Verkauf fair gehandelter und \u00f6kologisch gewonnener Produkte wird begleitet von entwicklungspolitischer Bildungsarbeit.&#8220;<\/p>\n<p><strong>Das Projekt &#8222;Solarkocher&#8220;<\/strong><br \/>\nAbschlie\u00dfend erz\u00e4hlte Hans-Joachim Kirchhefer noch von einem weiteren Projekt, dem &#8222;Solarkocher&#8220;. Da viele Afrikaner zum Kochen auf Holz angewiesen sind, wurden ganze W\u00e4lder abgeholzt. Daraus resultierte die nahe liegende Idee, mit Sonne anstatt mit Holz zu kochen. In den letzten Jahren hat Herr Kirchhefer dank Spendengeldern einige Solarkocher bauen lassen, nach Afrika transportieren und dort in den Einsatz bringen k\u00f6nnen. Die Sache h\u00e4tte nur einen Haken, berichtete der Initiator, die Afrikaner seien es gewohnt abends zu kochen und zu essen. Aber abends scheine in Afrika die Sonne nicht. Es sei nun mal schwierig, den gewohnten Lebensrhythmus zu \u00e4ndern. Mittlerweile h\u00e4tte sich eine Fraueninitiative \u00e2\u20ac\u017eLehmkocher\u00e2\u20ac\u017e gegr\u00fcndet. Lehm\u00f6fen k\u00f6nnten durchaus mehr Sinn machen. Herr Kirchhefer berichtete in dem Zusammenhang auch noch \u00fcber zum Teil erfolgreiche Aufforstungsprogramme in Afrika.<\/p>\n<p><strong>Problem der ehrenamtlich Aktiven &#8211; der Mangel an Mitstreitern<\/strong><br \/>\nZu guter letzt kam das Gespr\u00e4ch auf ein Problem das viele ehrenamtlich Aktive haben &#8211; den Mangel an Mitstreitern. Der &#8222;Eine-Welt-Laden&#8220; l\u00e4uft personell am Limit, mit anderen Worten: Die Gruppe sucht weitere ehrenamtliche Mitarbeiterinnen und Mitarbeiter. Vielleicht f\u00fchlen sich ja einige Menschen aus Meschede und Umgebung angesprochen!?<\/p>\n<p>Hier der Link zur <a href=\"http:\/\/www.weltladen-meschede.de\/\" target=\"_blank\"><strong>Homepage vom &#8222;Eine-Welt-Laden-Meschede&#8220;<\/strong><\/a>:<\/p>\n<p><a href=\"http:\/\/www.weltladen-meschede.de\/\" target=\"_blank\">http:\/\/www.weltladen-meschede.de\/<\/a><\/p>\n","protected":false},"excerpt":{"rendered":"<p>&#8222;Licht in die Welt bringen&#8220; Dieses Anliegen haben die ehrenamtlichen Mitarbeiterinnen und Mitarbeiter eines kleinen, Ladens im Stiftscenter in Meschede, dem \u00e2\u20ac\u017eEine Welt-Laden\u00e2\u20ac\u0153. In Meschede gibt es nicht nur Sch\u00fctzen-, &hellip; <a href=\"https:\/\/www.schiebener.net\/wordpress\/meschede-eine-welt-laden-%e2%80%9elicht-in-die-welt-bringen%e2%80%9c\/\" class=\"more-link\"><span class=\"screen-reader-text\">\u201eMeschede &#8211; Eine Welt-Laden: &#8222;Licht in die Welt bringen&#8220;\u201c <\/span>weiterlesen<\/a><\/p>\n","protected":false},"author":25,"featured_media":0,"comment_status":"open","ping_status":"open","sticky":false,"template":"","format":"standard","meta":{"footnotes":""},"categories":[80,24],"tags":[3226,1383,264],"class_list":["post-15255","post","type-post","status-publish","format-standard","hentry","category-lokales","category-politik","tag-eine-welt-laden","tag-freunde-der-volkerbegegnung","tag-meschede"],"_links":{"self":[{"href":"https:\/\/www.schiebener.net\/wordpress\/wp-json\/wp\/v2\/posts\/15255","targetHints":{"allow":["GET"]}}],"collection":[{"href":"https:\/\/www.schiebener.net\/wordpress\/wp-json\/wp\/v2\/posts"}],"about":[{"href":"https:\/\/www.schiebener.net\/wordpress\/wp-json\/wp\/v2\/types\/post"}],"author":[{"embeddable":true,"href":"https:\/\/www.schiebener.net\/wordpress\/wp-json\/wp\/v2\/users\/25"}],"replies":[{"embeddable":true,"href":"https:\/\/www.schiebener.net\/wordpress\/wp-json\/wp\/v2\/comments?post=15255"}],"version-history":[{"count":0,"href":"https:\/\/www.schiebener.net\/wordpress\/wp-json\/wp\/v2\/posts\/15255\/revisions"}],"wp:attachment":[{"href":"https:\/\/www.schiebener.net\/wordpress\/wp-json\/wp\/v2\/media?parent=15255"}],"wp:term":[{"taxonomy":"category","embeddable":true,"href":"https:\/\/www.schiebener.net\/wordpress\/wp-json\/wp\/v2\/categories?post=15255"},{"taxonomy":"post_tag","embeddable":true,"href":"https:\/\/www.schiebener.net\/wordpress\/wp-json\/wp\/v2\/tags?post=15255"}],"curies":[{"name":"wp","href":"https:\/\/api.w.org\/{rel}","templated":true}]}}