{"id":15170,"date":"2011-11-30T05:43:38","date_gmt":"2011-11-30T04:43:38","guid":{"rendered":"http:\/\/www.schiebener.net\/wordpress\/?p=15170"},"modified":"2011-11-30T05:43:38","modified_gmt":"2011-11-30T04:43:38","slug":"elternbefragung-in-warendorf-uberwaltigende-mehrheit-fur-gesamtschule","status":"publish","type":"post","link":"https:\/\/www.schiebener.net\/wordpress\/elternbefragung-in-warendorf-uberwaltigende-mehrheit-fur-gesamtschule\/","title":{"rendered":"Elternbefragung in Warendorf: \u00dcberw\u00e4ltigende Mehrheit f\u00fcr Gesamtschule"},"content":{"rendered":"<p><strong>Hochsauerlandkreis\/Meschede. Etliche St\u00e4dte und Gemeinden f\u00fchren derzeit Elternbefragungen zur Schulentwicklung durch, so auch k\u00fcrzlich die Kreisstadt Warendorf im M\u00fcnsterland.<br \/>\n<\/strong><br \/>\n<strong>Das Ergebnis der \u00e2\u20ac\u017eElternbefragung zur Errichtung einer neuen Schulform in Warendorf\u00e2\u20ac\u0153<\/strong> ist f\u00fcr den ein oder anderen vielleicht etwas \u00fcberraschend aber sehr eindeutig. <strong>Der \u00fcberw\u00e4ltigende Teil der Eltern w\u00fcnscht eine Gesamtschule.<\/strong><\/p>\n<p><strong>Die Fragestellung, die Rat und Verwaltung in Warendorf gew\u00e4hlt hatten, war:<\/strong><br \/>\n\u00e2\u20ac\u017eIn Warendorf soll anstelle der \u00e2\u20ac\u017eHauptschule Hinter den drei Br\u00fccken\u00e2\u20ac\u0153 und der \u00e2\u20ac\u017eVon-Galen-Realschule\u00e2\u20ac\u0153 eine Sekundarschule oder eine Gesamtschule entstehen. F\u00fcr welche Schulform sprechen Sie sich aus? F\u00fcr eine Sekundarschule oder eine Gesamtschule oder sind Sie mit beiden einverstanden?<\/p>\n<p><strong>Die R\u00fcckmeldungen<\/strong> liegen der Stadtverwaltung nun vor. Mit 730 Antworten ist die Quote bei stolzen 92,87 Prozent.<\/p>\n<p>Die vorl\u00e4ufige Auswertung aller Frageb\u00f6gen vom 24.11.2011 ergab, <strong>71,51 Prozent der Eltern sind f\u00fcr die Einrichtung einer Gesamtschule.<\/strong><\/p>\n<p>Nur 13,97 Prozent m\u00f6chten ihre Kinder lieber zu einer Sekundarschule schicken. 12,5 Prozent waren unentschieden und antworteten \u00e2\u20ac\u017eBeides\u00e2\u20ac\u0153.<\/p>\n<p>Nur 2,47 Prozent beantworteten die Frage nach der Schulform gar nicht.<\/p>\n<p>Bei der Frage 4 \u00e2\u20ac\u017eMeinungsbild\u00e2\u20ac\u0153 zur Sekundarschule\/Gesamtschule schnitt die Gesamtschule sogar noch besser ab. 82,33 Prozent der M\u00fctter und V\u00e4ter w\u00fcnschen demnach eine Gesamtschule, 10 Prozent eine Sekundarschule, 7,21 Prozent Beides und 0,47 Prozent gaben keine Antwort.<\/p>\n<p>Eindeutiger geht es wohl kaum. Der Rat der Stadt Warendorf wird sicher bald handeln und die Beschl\u00fcsse zur Umsetzung des Elternwillens fassen.<\/p>\n<p>Auch in der Kreisstadt Meschede plant die Stadtverwaltung eine Elternbefragung, allerdings ausschlie\u00dflich unter dem Gesichtspunkt einer Entscheidung f\u00fcr oder gegen die Sekundarschule. Die Schulform \u00e2\u20ac\u017eGesamtschule\u00e2\u20ac\u0153 ist im Fragebogen \u00fcberhaupt nicht vorgesehen und mit keinem Wort erw\u00e4hnt. Die Eltern haben so also gar keine M\u00f6glichkeit, sich alternativ f\u00fcr die Einrichtung einer Gesamtschule auszusprechen.<\/p>\n<p>Sie sollen lediglich befragt werden, ob sie f\u00fcr den Fall, dass es keine Sekundarschule in Meschede g\u00e4be, ihre Kinder an einer Haupt-, einer Realschule oder an einem Gymnasium anmelden w\u00fcrden. Die Befragung greift so unserer Meinung nach zu kurz. Eine ganz entscheidende Frage wird ja \u00e2\u20ac\u017evorsorglich\u00e2\u20ac\u0153 erst gar nicht gestellt. Die Ratsfraktion \u00e2\u20ac\u017eMeschede braucht Zukunft\u00e2\u20ac\u0153 (MbZ) hat am 29.11.11 einen entsprechenden \u00c4nderungsantrag zur Ratsvorlage (8\/260) \u00e2\u20ac\u017eZuk\u00fcnftige Schulorganisation\u00e2\u20ac\u0153 eingebracht.<\/p>\n","protected":false},"excerpt":{"rendered":"<p>Hochsauerlandkreis\/Meschede. Etliche St\u00e4dte und Gemeinden f\u00fchren derzeit Elternbefragungen zur Schulentwicklung durch, so auch k\u00fcrzlich die Kreisstadt Warendorf im M\u00fcnsterland. Das Ergebnis der \u00e2\u20ac\u017eElternbefragung zur Errichtung einer neuen Schulform in Warendorf\u00e2\u20ac\u0153 &hellip; <a href=\"https:\/\/www.schiebener.net\/wordpress\/elternbefragung-in-warendorf-uberwaltigende-mehrheit-fur-gesamtschule\/\" class=\"more-link\"><span class=\"screen-reader-text\">\u201eElternbefragung in Warendorf: \u00dcberw\u00e4ltigende Mehrheit f\u00fcr Gesamtschule\u201c <\/span>weiterlesen<\/a><\/p>\n","protected":false},"author":25,"featured_media":0,"comment_status":"open","ping_status":"open","sticky":false,"template":"","format":"standard","meta":{"footnotes":""},"categories":[3,80,24],"tags":[3187,2001,2896],"class_list":["post-15170","post","type-post","status-publish","format-standard","hentry","category-bildung-und-schule","category-lokales","category-politik","tag-elternbefragung","tag-gesamtschule","tag-sekundarschule"],"_links":{"self":[{"href":"https:\/\/www.schiebener.net\/wordpress\/wp-json\/wp\/v2\/posts\/15170","targetHints":{"allow":["GET"]}}],"collection":[{"href":"https:\/\/www.schiebener.net\/wordpress\/wp-json\/wp\/v2\/posts"}],"about":[{"href":"https:\/\/www.schiebener.net\/wordpress\/wp-json\/wp\/v2\/types\/post"}],"author":[{"embeddable":true,"href":"https:\/\/www.schiebener.net\/wordpress\/wp-json\/wp\/v2\/users\/25"}],"replies":[{"embeddable":true,"href":"https:\/\/www.schiebener.net\/wordpress\/wp-json\/wp\/v2\/comments?post=15170"}],"version-history":[{"count":0,"href":"https:\/\/www.schiebener.net\/wordpress\/wp-json\/wp\/v2\/posts\/15170\/revisions"}],"wp:attachment":[{"href":"https:\/\/www.schiebener.net\/wordpress\/wp-json\/wp\/v2\/media?parent=15170"}],"wp:term":[{"taxonomy":"category","embeddable":true,"href":"https:\/\/www.schiebener.net\/wordpress\/wp-json\/wp\/v2\/categories?post=15170"},{"taxonomy":"post_tag","embeddable":true,"href":"https:\/\/www.schiebener.net\/wordpress\/wp-json\/wp\/v2\/tags?post=15170"}],"curies":[{"name":"wp","href":"https:\/\/api.w.org\/{rel}","templated":true}]}}