{"id":15088,"date":"2011-11-28T06:16:08","date_gmt":"2011-11-28T05:16:08","guid":{"rendered":"http:\/\/www.schiebener.net\/wordpress\/?p=15088"},"modified":"2011-11-28T06:16:08","modified_gmt":"2011-11-28T05:16:08","slug":"freunde-der-volkerbegegnung-fdv-laden-zum-begegnungsabend-ein","status":"publish","type":"post","link":"https:\/\/www.schiebener.net\/wordpress\/freunde-der-volkerbegegnung-fdv-laden-zum-begegnungsabend-ein\/","title":{"rendered":"Freunde der V\u00f6lkerbegegnung (FdV) laden zum Begegnungsabend ein"},"content":{"rendered":"<p><a href=\"http:\/\/www.schiebener.net\/wordpress\/wp-content\/uploads\/2009\/02\/lt_briefkasten01.jpg\"><img loading=\"lazy\" decoding=\"async\" class=\"size-full wp-image-2182 alignleft\" title=\"In unserem Briefkasten\" src=\"http:\/\/www.schiebener.net\/wordpress\/wp-content\/uploads\/2009\/02\/lt_briefkasten01.jpg\" alt=\"In unserem Briefkasten\" width=\"120\" height=\"91\" \/><\/a><strong>Meschede. Im Mittelpunkt des vierten und letzten Begegnungsabends dieses Jahres, zu dem die \u00e2\u20ac\u017eFreunde der V\u00f6lkerbegegnung\u00e2\u20ac\u0153 e.V. (FdV) einladen, steht der Eine-Welt-Laden in Meschede. <\/strong><\/p>\n<p>Referent des Abends ist Hans-Joachim Kirchhefer. Der ehrenamtliche Mitarbeiter des Weltladens m\u00f6chte u.a. darstellen wie wir alle durch den Kauf von fair gehandelten Produkten einen kleinen Beitrag zu mehr Gerechtigkeit in der Welt leisten k\u00f6nnen.<\/p>\n<p>Der Eine-Welt-Laden befindet sich seit vielen Jahren im Stiftscenter in Meschede. Alle Mitarbeiter arbeiten ehrenamtlich. Das Gesch\u00e4ft bietet ein breit gef\u00e4chertes Warenangebot aus Afrika, Asien und Lateinamerika. Dazu geh\u00f6ren auch immer mehr Lebensmittel aus \u00f6kologischem Anbau. Die Gewinne kommen ausgew\u00e4hlten Projekten zugute.<\/p>\n<p>Herr Kirchhefer wird dar\u00fcber hinaus an diesem Abend \u00fcber sein Projekt \u00e2\u20ac\u017eSolarkocher f\u00fcr Afrika\u00e2\u20ac\u0153 berichten.<\/p>\n<p>Die Veranstaltung findet am Dienstag, dem 29. November, um 19.00 Uhr in der Gastst\u00e4tte \u00e2\u20ac\u017eZum Pulverturm\u00e2\u20ac\u0153 in der Pulverturmstra\u00dfe in Meschede statt.<\/p>\n<p>Die \u00e2\u20ac\u017eFreunde der V\u00f6lkerbegegnung\u00e2\u20ac\u0153 laden alle Mitglieder und Interessierte herzlich zu diesem Gespr\u00e4chsabend ein.<\/p>\n","protected":false},"excerpt":{"rendered":"<p>Meschede. Im Mittelpunkt des vierten und letzten Begegnungsabends dieses Jahres, zu dem die \u00e2\u20ac\u017eFreunde der V\u00f6lkerbegegnung\u00e2\u20ac\u0153 e.V. (FdV) einladen, steht der Eine-Welt-Laden in Meschede. Referent des Abends ist Hans-Joachim Kirchhefer. &hellip; <a href=\"https:\/\/www.schiebener.net\/wordpress\/freunde-der-volkerbegegnung-fdv-laden-zum-begegnungsabend-ein\/\" class=\"more-link\"><span class=\"screen-reader-text\">\u201eFreunde der V\u00f6lkerbegegnung (FdV) laden zum Begegnungsabend ein\u201c <\/span>weiterlesen<\/a><\/p>\n","protected":false},"author":25,"featured_media":0,"comment_status":"open","ping_status":"open","sticky":false,"template":"","format":"standard","meta":{"footnotes":""},"categories":[80],"tags":[1383,3199,264,3198],"class_list":["post-15088","post","type-post","status-publish","format-standard","hentry","category-lokales","tag-freunde-der-volkerbegegnung","tag-hans-joachim-kirchhefer","tag-meschede","tag-stiftscenter"],"_links":{"self":[{"href":"https:\/\/www.schiebener.net\/wordpress\/wp-json\/wp\/v2\/posts\/15088","targetHints":{"allow":["GET"]}}],"collection":[{"href":"https:\/\/www.schiebener.net\/wordpress\/wp-json\/wp\/v2\/posts"}],"about":[{"href":"https:\/\/www.schiebener.net\/wordpress\/wp-json\/wp\/v2\/types\/post"}],"author":[{"embeddable":true,"href":"https:\/\/www.schiebener.net\/wordpress\/wp-json\/wp\/v2\/users\/25"}],"replies":[{"embeddable":true,"href":"https:\/\/www.schiebener.net\/wordpress\/wp-json\/wp\/v2\/comments?post=15088"}],"version-history":[{"count":0,"href":"https:\/\/www.schiebener.net\/wordpress\/wp-json\/wp\/v2\/posts\/15088\/revisions"}],"wp:attachment":[{"href":"https:\/\/www.schiebener.net\/wordpress\/wp-json\/wp\/v2\/media?parent=15088"}],"wp:term":[{"taxonomy":"category","embeddable":true,"href":"https:\/\/www.schiebener.net\/wordpress\/wp-json\/wp\/v2\/categories?post=15088"},{"taxonomy":"post_tag","embeddable":true,"href":"https:\/\/www.schiebener.net\/wordpress\/wp-json\/wp\/v2\/tags?post=15088"}],"curies":[{"name":"wp","href":"https:\/\/api.w.org\/{rel}","templated":true}]}}