{"id":1504,"date":"2008-12-17T18:48:27","date_gmt":"2008-12-17T17:48:27","guid":{"rendered":"http:\/\/www.schiebener.net\/wordpress\/?p=1504"},"modified":"2008-12-17T21:44:53","modified_gmt":"2008-12-17T20:44:53","slug":"altersradikale-das-kritische-jahrbuch-20082009","status":"publish","type":"post","link":"https:\/\/www.schiebener.net\/wordpress\/altersradikale-das-kritische-jahrbuch-20082009\/","title":{"rendered":"Altersradikale: Das kritische Jahrbuch 2008\/2009"},"content":{"rendered":"<p>Vor 18 Jahren sa\u00dfen wir mit Helmuth Warnke (&#8222;Blo\u00df keine Fahnen&#8220;) im Moorkamp am K\u00fcchentisch.<\/p>\n<p>Ich wei\u00df nicht mehr wie wir beim Schwadronieren \u00fcber die allgemeine und besondere politische Lage nach dem Fall der Mauer auf die Entwicklung politischer Einstellungen bei Homo Sapiens zu sprechen kamen. Der damals schon 82-j\u00e4hrige Helmuth Warnke bemerkte bei einem Gl\u00e4schen Rotwein sinngem\u00e4\u00df:<\/p>\n<p><span style=\"text-decoration: underline;\">&#8222;Wenn die Menschen alt werden, verwandeln sie sich mehrheitlich in Altersreaktion\u00e4re, eine kleine Minderheit wandelt sich zu Altersradikalen.&#8220;<\/span><\/p>\n<p>Ich vermute, dass Albrecht M\u00fcller ein Altersradikaler ist. Der heute 70-j\u00e4hrige M\u00fcller war Ghostwriter von Bundeswirtschaftsminister Schiller, verantwortlich f\u00fcr den Wahlkampf Willy Brandts 1972, Leiter der Planungsabteilung im Bundeskanzleramt bei Brandt und Schmidt und Bundestagsabgeordneter.<\/p>\n<p>Ich vermute, dass auch Wolfgang Lieb (65) ein Altersradikaler werden k\u00f6nnte. Lieb hat unter anderem unter Johannes Rau als Regierungssprecher in NRW gearbeitet und war von 1996 bis 2000 Staatssekret\u00e4r im Wissenschaftsministerium NRW.<\/p>\n<p>M\u00e4nner des Establishments, k\u00f6nnte man meinen.<\/p>\n<p>Doch beide legen sich als Herausgeber der <a href=\"http:\/\/www.nachdenkseiten.de\/\" target=\"_blank\">Nachdenkseiten<\/a> mit der &#8222;herrschenden Meinung&#8220; an, schwimmen bewusst gegen den neokonservativen Zeitgeist, auch in der eigenen Partei.<\/p>\n<p>Jetzt haben sie das <a href=\"http:\/\/www.nachdenkseiten.de\/?page_id=3580\" target=\"_blank\">kritische Jahrbuch 2008\/2009 in traditioneller Papierform<\/a> (Buch) ver\u00f6ffentlicht. Seit gestern liegt es bei  mir auf der Fr\u00fchst\u00fccksbank und ist gerade f\u00fcr&#8217;s Foto vor dem Monitor aufgestellt.<\/p>\n<p><a href=\"http:\/\/www.schiebener.net\/wordpress\/wp-content\/uploads\/2008\/12\/nachdenkseiten02.png\" target=\"_blank\"><img loading=\"lazy\" decoding=\"async\" class=\"alignnone size-medium wp-image-1505\" title=\"Das kritsche Jahrbuch\" src=\"http:\/\/www.schiebener.net\/wordpress\/wp-content\/uploads\/2008\/12\/nachdenkseiten02.png\" alt=\"Das kritische Jahrbuch\" width=\"480\" height=\"475\" \/><\/a><\/p>\n<p>Eine Auswahl der 15 Kapitel liest sich so:<\/p>\n<ul>\n<li>Politik a la mode &#8211; am Zeitgeist orientierte Beliebigkeit statt sachlicher Politik<\/li>\n<li>Eliten ohne Scham &#8211; die Gier ist Teil des Systems<\/li>\n<li>Klippschul-\u00d6konomie a la Peer Steinbr\u00fcck<\/li>\n<li>R\u00fcrup, Riester &amp; Co &#8211; der Rentenschwindel wird sichtbar.<\/li>\n<\/ul>\n<p>Das Credo von Lieb und M\u00fcller lautet:<\/p>\n<blockquote><p>&#8222;Wir m\u00f6chten &#8230; informieren &#8230; mit Fakten und Argumenten dagegen wappnen, von Politikern und Meinungsmachern hinters Licht gef\u00fchrt zu werden &#8230; helfen, dahinter zu schauen, was hinter den wohlt\u00f6nenden Versprechen unserer selbst ernannten &#8222;Eliten&#8220; tats\u00e4chlich steckt.&#8220;(Vorwort, S. 7)<\/p><\/blockquote>\n<p>Ich <a href=\"http:\/\/www.schiebener.net\/wordpress\/?p=1327\" target=\"_blank\">st\u00f6bere viel <\/a>und oft in den <a href=\"http:\/\/www.nachdenkseiten.de\/\" target=\"_blank\">Internet NachDenkSeiten.<\/a> Es gibt dort tats\u00e4chlich immer wieder anregende, nachdenkenswerte Informationen und Meinungen zu entdecken.<\/p>\n<p>Die Papierausgabe werde ich in den Weihnachtsferien durcharbeiten. Dann mehr.<\/p>\n","protected":false},"excerpt":{"rendered":"<p>Vor 18 Jahren sa\u00dfen wir mit Helmuth Warnke (&#8222;Blo\u00df keine Fahnen&#8220;) im Moorkamp am K\u00fcchentisch. Ich wei\u00df nicht mehr wie wir beim Schwadronieren \u00fcber die allgemeine und besondere politische Lage &hellip; <a href=\"https:\/\/www.schiebener.net\/wordpress\/altersradikale-das-kritische-jahrbuch-20082009\/\" class=\"more-link\"><span class=\"screen-reader-text\">\u201eAltersradikale: Das kritische Jahrbuch 2008\/2009\u201c <\/span>weiterlesen<\/a><\/p>\n","protected":false},"author":3,"featured_media":0,"comment_status":"open","ping_status":"open","sticky":false,"template":"","format":"standard","meta":{"footnotes":""},"categories":[218,83,24],"tags":[302,101],"class_list":["post-1504","post","type-post","status-publish","format-standard","hentry","category-bucher","category-hamburg-allgemein","category-politik","tag-helmuth-warnke","tag-nachdenkseiten"],"_links":{"self":[{"href":"https:\/\/www.schiebener.net\/wordpress\/wp-json\/wp\/v2\/posts\/1504","targetHints":{"allow":["GET"]}}],"collection":[{"href":"https:\/\/www.schiebener.net\/wordpress\/wp-json\/wp\/v2\/posts"}],"about":[{"href":"https:\/\/www.schiebener.net\/wordpress\/wp-json\/wp\/v2\/types\/post"}],"author":[{"embeddable":true,"href":"https:\/\/www.schiebener.net\/wordpress\/wp-json\/wp\/v2\/users\/3"}],"replies":[{"embeddable":true,"href":"https:\/\/www.schiebener.net\/wordpress\/wp-json\/wp\/v2\/comments?post=1504"}],"version-history":[{"count":0,"href":"https:\/\/www.schiebener.net\/wordpress\/wp-json\/wp\/v2\/posts\/1504\/revisions"}],"wp:attachment":[{"href":"https:\/\/www.schiebener.net\/wordpress\/wp-json\/wp\/v2\/media?parent=1504"}],"wp:term":[{"taxonomy":"category","embeddable":true,"href":"https:\/\/www.schiebener.net\/wordpress\/wp-json\/wp\/v2\/categories?post=1504"},{"taxonomy":"post_tag","embeddable":true,"href":"https:\/\/www.schiebener.net\/wordpress\/wp-json\/wp\/v2\/tags?post=1504"}],"curies":[{"name":"wp","href":"https:\/\/api.w.org\/{rel}","templated":true}]}}