{"id":14928,"date":"2011-11-19T22:19:06","date_gmt":"2011-11-19T21:19:06","guid":{"rendered":"http:\/\/www.schiebener.net\/wordpress\/?p=14928"},"modified":"2013-07-02T17:52:31","modified_gmt":"2013-07-02T15:52:31","slug":"umleitung-antisemitismus-in-der-mitte-der-gesellschaft-und-in-der-suddeutschen-zeitung","status":"publish","type":"post","link":"https:\/\/www.schiebener.net\/wordpress\/umleitung-antisemitismus-in-der-mitte-der-gesellschaft-und-in-der-suddeutschen-zeitung\/","title":{"rendered":"Update: Antisemitismus in der Mitte der Gesellschaft und &#8230; in der S\u00fcddeutschen Zeitung."},"content":{"rendered":"<figure id=\"attachment_14935\" aria-describedby=\"caption-attachment-14935\" style=\"width: 512px\" class=\"wp-caption aligncenter\"><img loading=\"lazy\" decoding=\"async\" class=\"size-full wp-image-14935\" title=\"szberggruen\" alt=\"&quot;Ein tr\u00fcber Schelmenroman&quot;, Der Rezensent fischt im Tr\u00fcben der antisemitischen Stereotypen. (foto: zoom)\" src=\"http:\/\/www.schiebener.net\/wordpress\/wp-content\/uploads\/2011\/11\/szberggruen.jpg\" width=\"512\" height=\"384\" srcset=\"https:\/\/www.schiebener.net\/wordpress\/wp-content\/uploads\/2011\/11\/szberggruen.jpg 512w, https:\/\/www.schiebener.net\/wordpress\/wp-content\/uploads\/2011\/11\/szberggruen-300x225.jpg 300w\" sizes=\"auto, (max-width: 512px) 85vw, 512px\" \/><figcaption id=\"caption-attachment-14935\" class=\"wp-caption-text\">&#8222;Ein tr\u00fcber Schelmenroman&#8220;. Der Rezensent fischt im Tr\u00fcben der antisemitischen Stereotypen. (foto: zoom)<\/figcaption><\/figure>\n<p><strong>Die folgenden Links beziehen sich auf ein Buch und eine Rezension in der S\u00fcddeutschen Zeitung vom vergangenen Samstag. Stephan Speichers Rezension von &#8222;Vivien Stein, Heinz Berggruen &#8211; Leben und Legende&#8220;, wird als ganzseitiger Aufmacher des Feuilletons pr\u00e4sentiert. <\/strong><\/p>\n<p>Sie ist voller <strong>antisemitischer Stereotypen<\/strong>. Eine miese Buchbesprechung, die sich mit einer wirren Autorin gemein macht.<\/p>\n<p><strong>Artikel nicht Online verf\u00fcgbar<\/strong><br \/>\nDer Artikel liegt uns in der Druckausgabe vor. Leider stellt die S\u00fcddeutsche ihre Beitr\u00e4ge nicht ins Netz, so dass ich an dieser Stelle nicht auf das Feuilleton verlinken kann. Auch sind heute sehr harrsche und dabei kluge Leserbriefe in eben derselben Zeitung erschienen. Doch sind diese ebenfalls nicht Online zug\u00e4nglich.<\/p>\n<p>Ich denke, es n\u00fctzt der S\u00fcddeutschen nicht, lediglich auf die Kritik der LeserInnen in den Leserbriefspalten zu verweisen.<\/p>\n<p><strong>Wie kommen antisemitische Stereotypen in die S\u00fcddeutsche?<\/strong><br \/>\nDie Chefredaktion der S\u00fcddeutschen muss erkl\u00e4ren, wie dieser distanzlose, journalistisch grenzwertige, moralisch und politisch verkommene Beitrag zur F\u00f6rderung antisemitischer Stereotypen in ihrem Blatt publiziert werden konnte. Hat sich ein Einzelt\u00e4ter ins Redaktionssystem geschlichen als Heribert Prantl gerade schlief?<\/p>\n<p><span style=\"text-decoration: line-through;\">Das D\u00f6nerbild hatte ich als Aufmacher gew\u00e4hlt als ich noch eine unserer traditionellen &#8222;Umleitungen&#8220; zusammenbasteln wollte. <\/span>Einen Link zur J\u00fcdischen Allgemeinen wollte ich setzen und habe es auch (s.u.) getan.<\/p>\n<p><strong>Beunruhigender Antisemitismus<\/strong><br \/>\nNachdem ich allerdings die alte Samstags-Ausgabe der S\u00fcddeutschen aus der blauen Papiertonne herausgefischt hatte, lie\u00df mir der Antisemitismus in meiner Morgenzeitung keine Ruhe.<\/p>\n<p><strong>Update:<\/strong> Ich zitiere ein paar Zeilen. Zwischen\u00fcberschrift im Print: &#8222;Er gab sich als Kosmopolit, an den gesellschaftlichen Kosten wollte er sich nicht beteiligen&#8220;<\/p>\n<p>&#8222;Merkw\u00fcrdig, dass ein Jude, der sich in Amerika, Frankreich, England und der Schweiz nie als solcher verstanden hatte, mit einem Mal zum Repr\u00e4sentanten der historischen Opfer wurde.&#8220;<\/p>\n<p>&#8222;Der Schelm nutzt die Schw\u00e4chen der Menschen, erteilt ihnen eine Lektion \u00fcber Geiz, Habgier, L\u00fcsternheit. \u00c4hnliches hat auch Heinz Berggruen getan. Aber die Schw\u00e4chen, die er nutzte, waren moralische St\u00e4rken, das Vertrauen der Briten in die Fairness des Partners, das Gef\u00fchl der Deutschen f\u00fcr ihre Schuld an den Juden. Hier kommt eine \u00dcberlegenheit ins Spiel, die etwas Tr\u00fcbes hat.&#8220;<\/p>\n<p>Allein diese hier Textpassage m\u00fcsste ausreichen, um den Autor hochkantig aus der Redaktion zu werfen:<\/p>\n<p>a) grobe handwerkliche Schnitzer. Speicher macht sich mit dem Gegenstand seiner Betrachtung gemein. Er \u00fcbernimmt kritiklos, ohne Distanz und\u00a0 ohne erkennbare \u00dcberpr\u00fcfung, die fragw\u00fcrdigen Urteile der Autorin.<\/p>\n<p>b) mit einem B\u00fcndel von rassistische Vorurteilen bedient er beim Leser die Stereotype des &#8222;ewigen Juden&#8220; : Geiz, Habgier und nicht zuletzt, aber\u00a0 um so wichtiger f\u00fcr einen &#8222;gelungenen&#8220; Rassismus\/Antisemitismus, die Sexualit\u00e4t, die &#8222;L\u00fcsternheit&#8220;, des weltgewandten &#8211; Amerika(sic!), Frankreich, England, Schweiz &#8211; Semiten.<\/p>\n<p>Diese Update habe ich mit einem Tag Abstand in den Artikel eingef\u00fcgt. Ich stelle fest, dass meine Fassungslosigkeit nicht geringer, sondern gr\u00f6\u00dfer geworden ist.<\/p>\n<p>Die S\u00fcddeutsche Zeitung sollte sowohl den Artikel als auch die Leserbriefe in der gestrigen Ausgabe f\u00fcr alle interessierten Menschen Online stellen, damit eine offene Diskussion am Text m\u00f6glich ist.<\/p>\n<p><strong>Update Ende<\/strong><\/p>\n<p>Ich wei\u00df, die Drohung mit Abonnementsk\u00fcndigung ist irgendwie albern. Diese Keule holen Tausende von LeserInnen jeden Tag aus dem Argumentek\u00f6fferchen.<\/p>\n<p><strong>Gibt es eine Erkl\u00e4rung der Chefredaktion?<\/strong><br \/>\nAm Montag allerdings m\u00f6chte ich beim Fr\u00fchst\u00fcckskaffee die Erkl\u00e4rung lesen. In der S\u00fcddeutschen. Schwarz auf Wei\u00df.<\/p>\n<p>Wie konnte es Stephan Speicher gelingen, Hans Leyendecker, Willi Winkler und Heribert Prantl einen antisemitischen Artikel unterzuschieben?<\/p>\n<p><strong>Danke im Voraus.<\/strong><\/p>\n<p><strong>Die Kunst der Denunziation:<\/strong> Streit um eine Biografie des Galeristen und M\u00e4zens Heinz Berggruen &#8230; <a href=\"http:\/\/www.juedische-allgemeine.de\/article\/view\/id\/11658\" target=\"_blank\">juedischeallgemeine<\/a><\/p>\n<p><strong>Ein Buch attackiert Kunstsammler Heinz Berggruen:<\/strong> Die Autorin Vivien Stein nennt Heinz Berggruen einen Steuerhinterzieher, der sich als Vorzeigejude stilisierte. Das windige Werk erh\u00e4lt erstaunliche F\u00fcrsprache &#8230; <a href=\"http:\/\/www.welt.de\/kultur\/article13717000\/Ein-Buch-attackiert-Kunstsammler-Heinz-Berggruen.html\" target=\"_blank\">weltonline<\/a><\/p>\n<p><strong>Skandal-Biografie \u00fcber Heinz Berggruen:<\/strong> Perfides Spiel mit der &#8222;Judenkarte&#8220; &#8230; <a href=\"http:\/\/www.spiegel.de\/kultur\/gesellschaft\/0,1518,798426,00.html\" target=\"_blank\">spiegel<\/a><\/p>\n<p><strong>Nicht irgendein Leserbrief in der SZ:<\/strong> sondern die ganze Titelseite des Feuilletons. Unerh\u00f6rt, meint &#8230; <a href=\"http:\/\/schauburgorbiter.wordpress.com\/2011\/11\/13\/nicht-irgendein-leserbrief-in-der-sz-sondern-die-ganze-titelseite-des-feuilletons-unerhort\/\" target=\"_blank\">orbiterblog<\/a><\/p>\n<p><strong>Spender oder Blender:<\/strong> Ein Buch will mit &#8222;Leben &amp; Legende&#8220; des Kunstsammlers und Berliner Ehrenb\u00fcrgers Heinz Berggruen aufr\u00e4umen &#8230; <a href=\"http:\/\/www.tagesspiegel.de\/kultur\/spender-oder-blender\/5830510.html\" target=\"_blank\">tagesspiegel<\/a><\/p>\n<p><strong>Reaktionen auf Berggruen-Biografie:<\/strong> &#8222;Ein denunziatorisches Werk&#8220;, meint Michael Naumann im &#8230; <a href=\"http:\/\/www.tagesspiegel.de\/kultur\/ein-denunziatorisches-werk\/5832078.html\" target=\"_blank\">tagesspiegel<\/a><\/p>\n","protected":false},"excerpt":{"rendered":"<p>Die folgenden Links beziehen sich auf ein Buch und eine Rezension in der S\u00fcddeutschen Zeitung vom vergangenen Samstag. Stephan Speichers Rezension von &#8222;Vivien Stein, Heinz Berggruen &#8211; Leben und Legende&#8220;, &hellip; <a href=\"https:\/\/www.schiebener.net\/wordpress\/umleitung-antisemitismus-in-der-mitte-der-gesellschaft-und-in-der-suddeutschen-zeitung\/\" class=\"more-link\"><span class=\"screen-reader-text\">\u201eUpdate: Antisemitismus in der Mitte der Gesellschaft und &#8230; in der S\u00fcddeutschen Zeitung.\u201c <\/span>weiterlesen<\/a><\/p>\n","protected":false},"author":3,"featured_media":0,"comment_status":"open","ping_status":"open","sticky":false,"template":"","format":"standard","meta":{"footnotes":""},"categories":[218,674,32,24],"tags":[362,3177,3178,200],"class_list":["post-14928","post","type-post","status-publish","format-standard","hentry","category-bucher","category-kultur","category-medien","category-politik","tag-antisemitismus","tag-heinz-berggruen","tag-stephan-speicher","tag-suddeutsche-zeitung"],"_links":{"self":[{"href":"https:\/\/www.schiebener.net\/wordpress\/wp-json\/wp\/v2\/posts\/14928","targetHints":{"allow":["GET"]}}],"collection":[{"href":"https:\/\/www.schiebener.net\/wordpress\/wp-json\/wp\/v2\/posts"}],"about":[{"href":"https:\/\/www.schiebener.net\/wordpress\/wp-json\/wp\/v2\/types\/post"}],"author":[{"embeddable":true,"href":"https:\/\/www.schiebener.net\/wordpress\/wp-json\/wp\/v2\/users\/3"}],"replies":[{"embeddable":true,"href":"https:\/\/www.schiebener.net\/wordpress\/wp-json\/wp\/v2\/comments?post=14928"}],"version-history":[{"count":0,"href":"https:\/\/www.schiebener.net\/wordpress\/wp-json\/wp\/v2\/posts\/14928\/revisions"}],"wp:attachment":[{"href":"https:\/\/www.schiebener.net\/wordpress\/wp-json\/wp\/v2\/media?parent=14928"}],"wp:term":[{"taxonomy":"category","embeddable":true,"href":"https:\/\/www.schiebener.net\/wordpress\/wp-json\/wp\/v2\/categories?post=14928"},{"taxonomy":"post_tag","embeddable":true,"href":"https:\/\/www.schiebener.net\/wordpress\/wp-json\/wp\/v2\/tags?post=14928"}],"curies":[{"name":"wp","href":"https:\/\/api.w.org\/{rel}","templated":true}]}}