{"id":14614,"date":"2011-11-09T07:02:40","date_gmt":"2011-11-09T06:02:40","guid":{"rendered":"http:\/\/www.schiebener.net\/wordpress\/?p=14614"},"modified":"2011-11-09T22:52:34","modified_gmt":"2011-11-09T21:52:34","slug":"qualitat-wissenschaftlicher-arbeiten-heute-fachgesprach-im-bildungsausschuss-des-bundestages","status":"publish","type":"post","link":"https:\/\/www.schiebener.net\/wordpress\/qualitat-wissenschaftlicher-arbeiten-heute-fachgesprach-im-bildungsausschuss-des-bundestages\/","title":{"rendered":"Qualit\u00e4t wissenschaftlicher Arbeiten: Heute Fachgespr\u00e4ch im Bildungsausschuss des Bundestages."},"content":{"rendered":"<h2><img loading=\"lazy\" decoding=\"async\" class=\"alignleft size-full wp-image-2182\" title=\"In unserem Briefkasten\" src=\"http:\/\/www.schiebener.net\/wordpress\/wp-content\/uploads\/2009\/02\/lt_briefkasten01.jpg\" alt=\"In unserem Briefkasten\" width=\"120\" height=\"91\" \/>Qualit\u00e4t wissenschaftlicher Arbeiten<\/h2>\n<h3>\u00d6ffentliches Fachgespr\u00e4ch des Ausschusses f\u00fcr Bildung, Forschung und Technikfolgenabsch\u00e4tzung<\/h3>\n<p>Berlin: (hib\/TYH)\tDie Qualit\u00e4t wissenschaftlicher Arbeiten ist  Gegenstand eines \u00f6ffentlichen Fachgespr\u00e4chs des Ausschusses f\u00fcr Bildung,  Forschung und Technikfolgenabsch\u00e4tzung am Mittwoch, 9. November. Auf  der Tagesordnung stehen zwei Oppositionsantr\u00e4ge: Darin fordert die  SPD-Fraktion (<a title=\"Drucksache 17\/5758 (PDF) \u00f6ffnet sich in neuem Fenster\" href=\"http:\/\/dip.bundestag.de\/btd\/17\/057\/1705758.pdf\" target=\"_blank\">17\/5758<\/a>), st\u00e4rker gegen wissenschaftliches Fehlverhalten vorzugehen. Die Fraktion B\u00fcndnis 90\/Die Gr\u00fcnen spricht sich in ihrem Antrag (<a title=\"Drucksache 17\/5195 (PDF) \u00f6ffnet sich in neuem Fenster\" href=\"http:\/\/dip.bundestag.de\/btd\/17\/051\/1705195.pdf\" target=\"_blank\">17\/5195<\/a>)  f\u00fcr eine St\u00e4rkung wissenschaftlicher Redlichkeit und der  Qualit\u00e4tssicherung von Promotionen aus. Das Fachgespr\u00e4ch beginnt um 9.30  Uhr im Sitzungssaal E 300 (Paul-L\u00f6be-Haus) und soll zwei Stunden  dauern. Vier Experten werden erwartet, unter anderem von der Deutschen  Forschungsgemeinschaft &#8230; <a href=\"http:\/\/www.bundestag.de\/presse\/hib\/2011_11\/2011_452\/01.html\" target=\"_blank\">alles lesen:<\/a><\/p>\n<p><strong>Am heutigen Mittwoch,\u00a0 wahrscheinlich zweimal im Parlamentsfernsehen, einmal live, einmal als Aufzeichnung: <\/strong><\/p>\n<p><a href=\"www.bundestag.de\/Mediathek\/parlamentstv\/index.jsp\" target=\"_blank\">www.bundestag.de\/Mediathek\/parlamentstv\/index.jsp<\/a><\/p>\n<p><strong>Update:<\/strong> hier der Link zur Aufzeichnung des Deutschen Bundestages. Ein wenig Zeit sollte mensch schon mitbringen. Es sind spannende 2 Stunden und 4 Minuten:<\/p>\n<h3><span class=\"datum\"> <\/span>Qualit\u00e4t wissenschaftlicher Arbeiten<\/h3>\n<div>Deutliche \u00c4nderungen im Wissenschaftssystem, um  wissenschaftlichem Fehlverhalten vorzubeugen, haben Experten am  Mittwoch, 9. November, in einem Fachgespr\u00e4ch des Ausschusses f\u00fcr  Bildung, Forschung und Technikfolgenabsch\u00e4tzung gefordert.<\/div>\n<p><a href=\"http:\/\/www.bundestag.de\/Mediathek\/index.jsp?action=search&amp;contentArea=details&amp;offsetStart=0&amp;id=1408159&amp;&amp;instance=m187&amp;mask=search&amp;ids=1408159&amp;&amp;destination=search\" target=\"_blank\">http:\/\/www.bundestag.de\/Mediathek\/index.jsp?action=search&amp;contentArea=details&amp;offsetStart=0&amp;id=1408159&amp;&amp;instance=m187&amp;mask=search&amp;ids=1408159&amp;&amp;destination=search<\/a><\/p>\n<p>Es gibt auch einen <strong>Perma-Link:<\/strong> <a href=\"http:\/\/dbtg.tv\/cvid\/1408159\" target=\"_blank\">http:\/\/dbtg.tv\/cvid\/1408159<\/a><\/p>\n<p>Die bei der Anh\u00f6rung vorgetragene Stellungnahme von <strong>Prof. Dr. Debora Weber-Wulff<\/strong> ist <a href=\"http:\/\/www.bundestag.de\/bundestag\/ausschuesse17\/a18\/anhoerungen\/Qualit__t_wissenschaftlicher_Arbeiten\/ADrs_17_18_211a.pdf\" target=\"_blank\">hier als PDF nachzulesen<\/a>.<\/p>\n","protected":false},"excerpt":{"rendered":"<p>Qualit\u00e4t wissenschaftlicher Arbeiten \u00d6ffentliches Fachgespr\u00e4ch des Ausschusses f\u00fcr Bildung, Forschung und Technikfolgenabsch\u00e4tzung Berlin: (hib\/TYH) Die Qualit\u00e4t wissenschaftlicher Arbeiten ist Gegenstand eines \u00f6ffentlichen Fachgespr\u00e4chs des Ausschusses f\u00fcr Bildung, Forschung und Technikfolgenabsch\u00e4tzung &hellip; <a href=\"https:\/\/www.schiebener.net\/wordpress\/qualitat-wissenschaftlicher-arbeiten-heute-fachgesprach-im-bildungsausschuss-des-bundestages\/\" class=\"more-link\"><span class=\"screen-reader-text\">\u201eQualit\u00e4t wissenschaftlicher Arbeiten: Heute Fachgespr\u00e4ch im Bildungsausschuss des Bundestages.\u201c <\/span>weiterlesen<\/a><\/p>\n","protected":false},"author":3,"featured_media":0,"comment_status":"open","ping_status":"open","sticky":false,"template":"","format":"standard","meta":{"footnotes":""},"categories":[3,303,32,1043],"tags":[2360,3143,2768],"class_list":["post-14614","post","type-post","status-publish","format-standard","hentry","category-bildung-und-schule","category-in-unserem-briefkasten","category-medien","category-pressemitteilungen","tag-bundestag","tag-fachausschuss","tag-plagiate"],"_links":{"self":[{"href":"https:\/\/www.schiebener.net\/wordpress\/wp-json\/wp\/v2\/posts\/14614","targetHints":{"allow":["GET"]}}],"collection":[{"href":"https:\/\/www.schiebener.net\/wordpress\/wp-json\/wp\/v2\/posts"}],"about":[{"href":"https:\/\/www.schiebener.net\/wordpress\/wp-json\/wp\/v2\/types\/post"}],"author":[{"embeddable":true,"href":"https:\/\/www.schiebener.net\/wordpress\/wp-json\/wp\/v2\/users\/3"}],"replies":[{"embeddable":true,"href":"https:\/\/www.schiebener.net\/wordpress\/wp-json\/wp\/v2\/comments?post=14614"}],"version-history":[{"count":0,"href":"https:\/\/www.schiebener.net\/wordpress\/wp-json\/wp\/v2\/posts\/14614\/revisions"}],"wp:attachment":[{"href":"https:\/\/www.schiebener.net\/wordpress\/wp-json\/wp\/v2\/media?parent=14614"}],"wp:term":[{"taxonomy":"category","embeddable":true,"href":"https:\/\/www.schiebener.net\/wordpress\/wp-json\/wp\/v2\/categories?post=14614"},{"taxonomy":"post_tag","embeddable":true,"href":"https:\/\/www.schiebener.net\/wordpress\/wp-json\/wp\/v2\/tags?post=14614"}],"curies":[{"name":"wp","href":"https:\/\/api.w.org\/{rel}","templated":true}]}}