{"id":14598,"date":"2011-11-08T18:22:41","date_gmt":"2011-11-08T17:22:41","guid":{"rendered":"http:\/\/www.schiebener.net\/wordpress\/?p=14598"},"modified":"2013-04-28T20:05:02","modified_gmt":"2013-04-28T18:05:02","slug":"weihnachtsbaume-im-doppelpack-oder-hier-lesen-sie-zwei-artikel-in-einem-widerstand-gegen-weihnachtsbaumunkulturen-weihnachtsbaum-und-meinungsmache","status":"publish","type":"post","link":"https:\/\/www.schiebener.net\/wordpress\/weihnachtsbaume-im-doppelpack-oder-hier-lesen-sie-zwei-artikel-in-einem-widerstand-gegen-weihnachtsbaumunkulturen-weihnachtsbaum-und-meinungsmache\/","title":{"rendered":"Weihnachtsb\u00e4ume im Doppelpack oder hier lesen Sie zwei Artikel in einem: Widerstand gegen Weihnachtsbaum(un)kulturen &#038; Weihnachtsbaum und Meinungsmache"},"content":{"rendered":"<h2>Widerstand gegen Weihnachtsbaum(un)kulturen<\/h2>\n<figure id=\"attachment_14600\" aria-describedby=\"caption-attachment-14600\" style=\"width: 512px\" class=\"wp-caption aligncenter\"><img loading=\"lazy\" decoding=\"async\" class=\"size-full wp-image-14600\" title=\"fichtekahlerasten\" src=\"http:\/\/www.schiebener.net\/wordpress\/wp-content\/uploads\/2011\/11\/fichtekahlerasten.jpg\" alt=\"Fichtenkultur mit Ausblick. Kahler Asten (foto: zoom)\" width=\"512\" height=\"343\" srcset=\"https:\/\/www.schiebener.net\/wordpress\/wp-content\/uploads\/2011\/11\/fichtekahlerasten.jpg 512w, https:\/\/www.schiebener.net\/wordpress\/wp-content\/uploads\/2011\/11\/fichtekahlerasten-300x200.jpg 300w\" sizes=\"auto, (max-width: 512px) 85vw, 512px\" \/><figcaption id=\"caption-attachment-14600\" class=\"wp-caption-text\">Fichtenkultur mit Ausblick. Kahler Asten (foto: zoom)<\/figcaption><\/figure>\n<p><strong>Nicht nur im Sauerland wehren sich Anwohner gegen den ausufernden, Mensch und Natur  belastenden  Weihnachtsbaumanbau. Auch im Spessart fragen sich die Menschen. &#8222;Wie viele Weihnachtsb\u00e4ume vertragen wir noch?&#8220;<\/strong><\/p>\n<p>Das &#8222;Portal f\u00fcr den Gr\u00fcnen Markt, TASPO.de&#8220; berichtete im Mai 2011 \u00fcber die &#8222;Stimmungsmache&#8220; gegen Nordmanntannen-Kulturen in Sinngrund im Spessart:<\/p>\n<p>&#8222;Die Anwohner klagen \u00fcber Kopfschmerzen und f\u00fchren dies auf die ausgebrachten Pflanzenschutzmittel und ihre Zus\u00e4tze zur\u00fcck. Namentlich das Herbizid Roundup, vor allem aber das beigemischte Netzmittel POEA, das im Verdacht steht Krebs auszul\u00f6sen und wesentlich langsamer abgebaut wird, sind in der Kritik &#8230;&#8220;.<\/p>\n<p>Diese und weitere Vorw\u00fcrfe sind f\u00fcr die dortigen Weihnachtsbaumproduzenten aber wohl harter Tobak. Sie h\u00e4tten  ihrerseits die Initiative ergriffen. Um wieder auf die sachliche Ebene zur\u00fcck zu kommen, schreibt das &#8222;Gr\u00fcne Portal TASPO.de&#8220;, organisierte ein Weihnachtsbaumanbauer einen Informationsabend. Das sei bundesweit eine Premiere; denn nie zuvor h\u00e4tten in der Kritik stehende Tannenbaumproduzenten B\u00fcrgerinnen und B\u00fcrger zu solch einem Gespr\u00e4ch eingeladen. Laut dem Bericht folgten der Einladung weit \u00fcber 300 G\u00e4ste, unter ihnen auch Amtsvertreter und Vertreter der meisten politischen Parteien, die den drei eingeladenen Referenten diszipliniert zuh\u00f6rten. Dem Bericht kann man entnehmen, dass eine lebhafte Diskussion folgte, trotz der geschickten Auswahl der Referenten.<\/p>\n<p>Die waren \u00fcbrigens Bernd Oelkers Vorsitzende des Verbandes der Weihnachtsbaum- und Schnittgr\u00fcnerzeuger in Niedersachsen, Hamburg und Bremens, Peter Uehre, Versuchsleiter Weihnachtsb\u00e4ume am Gartenbauzentrum M\u00fcnster-Wolbeck sowie Notker Wolf, Verkaufsleiter von Baywa Agrar (Vertrieb f\u00fcr Pflanzenschutzmittel, D\u00fcngemittel, Bodenhilfsstoffe, Saatgut etc.).<\/p>\n<p>Das Res\u00fcmee laut &#8222;TASPO.de&#8220;:<\/p>\n<p>&#8222;Am Ende der sehr gut besuchten Veranstaltung blieb die Empfehlung, nicht via Zeitung Dinge \u00fcbereinander zu verbreiten, sondern sich an einen Tisch zu setzen, um zu kl\u00e4ren, wo der Landschaftsschutzplan nicht beachtet worden sei und wo Kulturfl\u00e4chen zu reduzieren sind. Um die Spitzmittelproblematik sollten sich die Abgeordneten k\u00fcmmern, man k\u00f6nne den Anbauern nicht vorwerfen, dass sie zugelassene Mittel einsetzen. Nach diesem Abend der ersten Kontaktaufnahme und gegenseitigen Anh\u00f6rung bleiben also noch einige Dinge aufzuarbeiten. Der Initiator Uwe Klug ist \u00fcberzeugt, dass die G\u00e4ste nun mehr Verst\u00e4ndnis f\u00fcr die Weihnachtsbaumanbauer haben und dass diese von der ordnungsgem\u00e4\u00dfen Bewirtschaftung der Fl\u00e4chen \u00fcberzeugt sind. Bei F\u00fchrungen durch den Betrieb und im Einzelgespr\u00e4ch habe er und wird er weiterhin in diese Richtung arbeiten.&#8220;<\/p>\n<p>Der Bericht schlie\u00dft mit der Empfehlung des Initiators, Weihnachtsbaumproduzenten, die \u00e4hnliche Probleme mit der \u00f6ffentlichen Wahrnehmung haben, sollten \u00e4hnliche Initiativen ergreifen.<\/p>\n<p>Ob dieser Tipp geradewegs vom Spessart nach Bestwig ins Sauerland gelangt ist, wissen wir nicht. Jedenfalls wird das Thema &#8222;Gift und Weihnachtb\u00e4ume&#8220; am<\/p>\n<p><strong>09.11.2011 um 19.30 Uhr im Rathaus in Bestwig: &#8222;Gift und Weihnachtb\u00e4ume&#8220; <\/strong><\/p>\n<p>nun auch im Sauerland diskutiert, und zwar nicht nur mit der CDU und gewissen Referenten und Vertretern der einschl\u00e4gigen Branche, sondern auch mit dem Landesumweltminister Remmel!<\/p>\n<p>Vielleicht berichtet &#8222;TASPO.de&#8220; in K\u00fcrze auch \u00fcber den Abend in Bestwig!?<\/p>\n<p>Veranstaltung in Bestwig siehe:<br \/>\n<a href=\"http:\/\/www.giftfreies-sauerland.de\/termine\/\" target=\"_blank\">http:\/\/www.giftfreies-sauerland.de\/termine\/<\/a><\/p>\n<p>Bericht von TASPO.de siehe:<br \/>\n<a href=\"http:\/\/taspo.de\/aktuell\/alle-news\/detail\/beitrag\/20537-wie-viele-weihnachtsbaumkulturen-vertraegt-sinngrund-im-spessart.html\" target=\"_blank\">http:\/\/taspo.de\/aktuell\/alle-news\/detail\/beitrag\/20537-wie-viele-weihnachtsbaumkulturen-vertraegt-sinngrund-im-spessart.html<\/a><\/p>\n<h2>Und als vorweihnachtliche Hintergrund-Beleuchtung noch das: Weihnachtsbaum und Meinungsmache<\/h2>\n<p style=\"text-align: center;\">\n<figure id=\"attachment_1088\" aria-describedby=\"caption-attachment-1088\" style=\"width: 448px\" class=\"wp-caption aligncenter\"><img loading=\"lazy\" decoding=\"async\" class=\"size-full wp-image-1088  \" title=\"Gro\u00dfe Weihnachtsb\u00e4ume\" src=\"http:\/\/www.schiebener.net\/wordpress\/wp-content\/uploads\/2008\/11\/kahlenberg07.jpg\" alt=\"Die gro\u00dfen Brummer f\u00fcr die Weihnachtsm\u00e4rkte kommen aus dem Wald (archiv: zoom)\" width=\"448\" height=\"336\" srcset=\"https:\/\/www.schiebener.net\/wordpress\/wp-content\/uploads\/2008\/11\/kahlenberg07.jpg 800w, https:\/\/www.schiebener.net\/wordpress\/wp-content\/uploads\/2008\/11\/kahlenberg07-300x225.jpg 300w\" sizes=\"auto, (max-width: 448px) 85vw, 448px\" \/><figcaption id=\"caption-attachment-1088\" class=\"wp-caption-text\">Die gro\u00dfen Brummer f\u00fcr die Weihnachtsm\u00e4rkte kommen aus dem Wald (archiv: zoom)<\/figcaption><\/figure>\n<p><strong>Lobby-Arbeit scheint &#8211; naturgegeben &#8211; ein Anliegen von dem &#8222;Portal f\u00fcr den gr\u00fcnen Markt TASPO.de&#8220; zu sein. <\/strong><\/p>\n<p><strong>Zur gezielteren Verbreitung gewisser Informationen<\/strong> wurde am 25. November 2010 das Portal &#8222;Zentralstelle nat\u00fcrlicher Weihnachtsbaum&#8220; freigeschaltet und bis Ende des Jahres 2010 rund 500-mal besucht, berichtet &#8222;TASPO.de&#8220; und erl\u00e4utert dazu:<br \/>\n&#8222;Angesichts des noch nicht so gro\u00dfen Bekanntheitsgrades dieser Domain f\u00fcr Verbraucher und Journalisten sei das eine ganz ordentliche Resonanz, mehr als erwartet, urteilte Dr. Hans-Georg Dre\u00dfler von der Produkt+Markt Agribusiness Consulting GmbH, der diese Seite betreut, auf der Jahreshauptversammlung der Weihnachtsbaumanbauer in Kassel.&#8220;<\/p>\n<p>Siehe: <a href=\"http:\/\/taspo.de\/aktuell\/alle-news\/detail\/beitrag\/19831-erste-saison-mit-einem-positiven-resuemee.html\" target=\"_blank\">http:\/\/taspo.de\/aktuell\/alle-news\/detail\/beitrag\/19831-erste-saison-mit-einem-positiven-resuemee.html<\/a><\/p>\n<p><strong>Das schlechte Image der Weihnachtsb\u00e4ume soll so wohl aktiv angegangen werden.<\/strong> Gerade bei Journalisten sieht das Portal anscheinend Informationsbedarf. &#8222;TASPO.de&#8220; schreibt dazu am 09.04.11:<\/p>\n<p>&#8222;Dass es mit dem Image des Weihnachtsbaums noch nicht zum Besten steht, machte Dr. Dre\u00dfler daran fest, dass rund 30 Prozent der Journalisten vor allem die Themen \u00e2\u20ac\u017e\u00d6ko-Baum\u00e2\u20ac\u0153 und FSC-Zertifizierung interessierte.<\/p>\n<p><strong>Hohe Informationsdefizite auf Seiten der Journalisten<\/strong> zur Produktionsweise und auch negative Meinungen \u00fcber die Branche waren an Begriffen wie Monokulturen und Pestizideins\u00e4tze festzustellen, die von der Zentralstelle angebotenen Beitr\u00e4ge und Artikel wurden aber positiv aufgenommen.&#8220;<\/p>\n<p><strong>Hin und wieder wird das Ziel aber verfehlt;<\/strong> denn (weiter im Text):<br \/>\n&#8222;Nicht verhindern k\u00f6nne man, dass die Journalisten trotz der angebotenen Positiv-Informationen Negatives aufgriffen. Beispiel: Ein Beitrag der Sendung &#8218;WDR-Markt&#8216; Mitte Dezember, dessen erster Teil um \u00e2\u20ac\u017emarkt-scanner: Weihnachtsb\u00e4ume\u00e2\u20ac\u0153 ging und die von der Zentralstelle gegebenen Informationen auch weitgehend korrekt wiedergaben.<\/p>\n<p><strong>Der zweite Teil handelte allerdings von der Weihnachtsbaum-Produktion auf PFT-verseuchten Fl\u00e4chen im Sauerland.<\/strong> Das Thema wurde gegen\u00fcber der &#8222;Zentralestelle nat\u00fcrlicher Weihnachtsbaum&#8220; zuvor aber nicht erw\u00e4hnt.&#8220;<\/p>\n<p><strong>Mea Culpa, an dem erw\u00e4hnten Negativ-Beitrag der Sendung &#8218;WDR-Markt&#8216;<\/strong> war die Sauerl\u00e4nder B\u00fcrgerliste  (SBL) nicht ganz unbeteiligt. Das WDR-Team hatte wegen &#8222;Tannen und PFT&#8220; einige Monate zuvor mit der SBL Kontakt aufgenommen. Wir konnten den Redakteuren ein paar Hinweise geben und Kontakte vermitteln. Zustande kam eine sehr eindrucksvolle Reportage auch \u00fcber das Weihnachtsbaumproblem in Bestwig. Vielleicht hat dieser Bericht auch zur Gr\u00fcndung der Bestwiger B\u00fcrgerinitiative &#8222;Giftfreies Sauerland&#8220; beigetragen?<\/p>\n<p><strong>Wir w\u00fcnschen uns, dass die unabh\u00e4ngige Redakteure von &#8222;Markt&#8220; und anderen Sendern und Sendungen<\/strong> unbequeme und hei\u00dfe Themen, wie Weihnachtsb\u00e4ume und Pflanzen&#8220;schutz&#8220;mittel, allen Lobbyisten zum trotz, immer wieder anpacken und so den ein oder anderen Stein ins Rollen bringen!<\/p>\n","protected":false},"excerpt":{"rendered":"<p>Widerstand gegen Weihnachtsbaum(un)kulturen Nicht nur im Sauerland wehren sich Anwohner gegen den ausufernden, Mensch und Natur belastenden Weihnachtsbaumanbau. Auch im Spessart fragen sich die Menschen. &#8222;Wie viele Weihnachtsb\u00e4ume vertragen wir &hellip; <a href=\"https:\/\/www.schiebener.net\/wordpress\/weihnachtsbaume-im-doppelpack-oder-hier-lesen-sie-zwei-artikel-in-einem-widerstand-gegen-weihnachtsbaumunkulturen-weihnachtsbaum-und-meinungsmache\/\" class=\"more-link\"><span class=\"screen-reader-text\">\u201eWeihnachtsb\u00e4ume im Doppelpack oder hier lesen Sie zwei Artikel in einem: Widerstand gegen Weihnachtsbaum(un)kulturen &#038; Weihnachtsbaum und Meinungsmache\u201c <\/span>weiterlesen<\/a><\/p>\n","protected":false},"author":25,"featured_media":0,"comment_status":"open","ping_status":"open","sticky":false,"template":"","format":"standard","meta":{"footnotes":""},"categories":[80,32,24,549],"tags":[273,248,1371,212,3133,445,455,3135,3134,3136,249],"class_list":["post-14598","post","type-post","status-publish","format-standard","hentry","category-lokales","category-medien","category-politik","category-umwelt","tag-bestwig","tag-fichten","tag-fichtenacker","tag-hochsauerland","tag-pestizide","tag-pft","tag-sauerland","tag-sinngrund","tag-spessart","tag-taspo","tag-weihnachtsbaume"],"_links":{"self":[{"href":"https:\/\/www.schiebener.net\/wordpress\/wp-json\/wp\/v2\/posts\/14598","targetHints":{"allow":["GET"]}}],"collection":[{"href":"https:\/\/www.schiebener.net\/wordpress\/wp-json\/wp\/v2\/posts"}],"about":[{"href":"https:\/\/www.schiebener.net\/wordpress\/wp-json\/wp\/v2\/types\/post"}],"author":[{"embeddable":true,"href":"https:\/\/www.schiebener.net\/wordpress\/wp-json\/wp\/v2\/users\/25"}],"replies":[{"embeddable":true,"href":"https:\/\/www.schiebener.net\/wordpress\/wp-json\/wp\/v2\/comments?post=14598"}],"version-history":[{"count":0,"href":"https:\/\/www.schiebener.net\/wordpress\/wp-json\/wp\/v2\/posts\/14598\/revisions"}],"wp:attachment":[{"href":"https:\/\/www.schiebener.net\/wordpress\/wp-json\/wp\/v2\/media?parent=14598"}],"wp:term":[{"taxonomy":"category","embeddable":true,"href":"https:\/\/www.schiebener.net\/wordpress\/wp-json\/wp\/v2\/categories?post=14598"},{"taxonomy":"post_tag","embeddable":true,"href":"https:\/\/www.schiebener.net\/wordpress\/wp-json\/wp\/v2\/tags?post=14598"}],"curies":[{"name":"wp","href":"https:\/\/api.w.org\/{rel}","templated":true}]}}