{"id":14532,"date":"2011-11-05T22:07:45","date_gmt":"2011-11-05T21:07:45","guid":{"rendered":"http:\/\/www.schiebener.net\/wordpress\/?p=14532"},"modified":"2011-11-05T22:07:45","modified_gmt":"2011-11-05T21:07:45","slug":"umleitung-berliner-grune-werden-gecoacht-prothmann-hat-plane-journalisten-haben-es-schwer-und-mehr","status":"publish","type":"post","link":"https:\/\/www.schiebener.net\/wordpress\/umleitung-berliner-grune-werden-gecoacht-prothmann-hat-plane-journalisten-haben-es-schwer-und-mehr\/","title":{"rendered":"Umleitung: Berliner Gr\u00fcne werden gecoacht, Prothmann hat Pl\u00e4ne, Journalisten haben es schwer und mehr."},"content":{"rendered":"<figure id=\"attachment_14533\" aria-describedby=\"caption-attachment-14533\" style=\"width: 320px\" class=\"wp-caption alignleft\"><img loading=\"lazy\" decoding=\"async\" class=\"size-full wp-image-14533\" title=\"balticsea20111105\" src=\"http:\/\/www.schiebener.net\/wordpress\/wp-content\/uploads\/2011\/11\/balticsea20111105.jpg\" alt=\"Tschuess Ostsee, war nett da oben - im Norden (foto: zoom)\" width=\"320\" height=\"240\" srcset=\"https:\/\/www.schiebener.net\/wordpress\/wp-content\/uploads\/2011\/11\/balticsea20111105.jpg 320w, https:\/\/www.schiebener.net\/wordpress\/wp-content\/uploads\/2011\/11\/balticsea20111105-300x225.jpg 300w\" sizes=\"auto, (max-width: 320px) 85vw, 320px\" \/><figcaption id=\"caption-attachment-14533\" class=\"wp-caption-text\">Tsch\u00fcss Ostsee, war nett da oben. (foto: zoom)<\/figcaption><\/figure>\n<p><strong>Hoffnung f\u00fcr zerstrittene Berliner Gr\u00fcne:<\/strong> mit Singen und tanzen zu Frieden und Eintracht? &#8230; <a href=\"http:\/\/www.ruhrbarone.de\/singen-und-tanzen-sich-die-berliner-gruenen-zu-frieden-und-eintracht\/\" target=\"_blank\">ruhrbarone<\/a><\/p>\n<p><strong>Prothmanns Pl\u00e4ne:<\/strong> Die bisherige Finanzierung allein durch Werbeeinnah- men hat sich wohl nicht als ausreichend erwiesen \u00e2\u20ac\u201c kannst Du hierzu nochmal die Zahlen nennen; es kursierte da mal eine Zahl von 1.500 Euro im Monat? &#8230; <a href=\"http:\/\/www.onlinejournalismus.de\/2011\/11\/04\/prothmanns-plane\/\" target=\"_blank\">onlinejournalismus<\/a><\/p>\n<p><strong>Journalisten haben es schwer:<\/strong> Das ist aber kein Grund, die wahren Gr\u00fcnde des Versagens der Medien nicht beim Namen zu nennen &#8230; <a href=\"http:\/\/www.nachdenkseiten.de\/?p=11190\" target=\"_blank\">nachdenkseiten<\/a><\/p>\n<p><strong>Der Euro, die Demokratie und das Volk*:<\/strong> *Griechen, Deutsche, Spekulanten (bitte ankreuzen!) &#8230; <a href=\"http:\/\/www.jurga.de\/80.html\" target=\"_blank\">jurga<\/a><\/p>\n<p><strong>Hagen:<\/strong> Welche Schule f\u00fcr mein Kind? DGB und GEW informieren zur Schulentwicklungsplanung &#8230; <a href=\"http:\/\/doppelwacholder.wordpress.com\/2011\/11\/05\/welche-schule-fur-mein-kind\/\" target=\"_blank\">doppelwacholder<\/a><\/p>\n<p><strong>Dortmund:<\/strong> Die Kunst, die Putzfrau und Kippenbergers Kichern &#8230; <a href=\"http:\/\/www.revierpassagen.de\/5645\/5645\/20111103_2154\" target=\"_blank\">revierpassagen<\/a><\/p>\n<p><strong>Vereinsfahne der J\u00e4ger neben der Stadtfahne:<\/strong> St\u00e4dtepartnerschaft Arnsberg \u00e2\u20ac\u201c Caltagirone ist amtlich &#8230; <a href=\"http:\/\/www.neheims-netz.de\/?p=1773\" target=\"_blank\">neheimsnetz<\/a><\/p>\n","protected":false},"excerpt":{"rendered":"<p>Hoffnung f\u00fcr zerstrittene Berliner Gr\u00fcne: mit Singen und tanzen zu Frieden und Eintracht? &#8230; ruhrbarone Prothmanns Pl\u00e4ne: Die bisherige Finanzierung allein durch Werbeeinnah- men hat sich wohl nicht als ausreichend &hellip; <a href=\"https:\/\/www.schiebener.net\/wordpress\/umleitung-berliner-grune-werden-gecoacht-prothmann-hat-plane-journalisten-haben-es-schwer-und-mehr\/\" class=\"more-link\"><span class=\"screen-reader-text\">\u201eUmleitung: Berliner Gr\u00fcne werden gecoacht, Prothmann hat Pl\u00e4ne, Journalisten haben es schwer und mehr.\u201c <\/span>weiterlesen<\/a><\/p>\n","protected":false},"author":3,"featured_media":0,"comment_status":"open","ping_status":"open","sticky":false,"template":"","format":"standard","meta":{"footnotes":""},"categories":[3,174,854,80,32,24,379,1208],"tags":[336,3119,164,2867,181],"class_list":["post-14532","post","type-post","status-publish","format-standard","hentry","category-bildung-und-schule","category-dit-und-dat","category-kunst","category-lokales","category-medien","category-politik","category-umleitung","category-wirtschaft","tag-berlin","tag-europa-krise","tag-grune","tag-hardy-prothmann","tag-journalismus"],"_links":{"self":[{"href":"https:\/\/www.schiebener.net\/wordpress\/wp-json\/wp\/v2\/posts\/14532","targetHints":{"allow":["GET"]}}],"collection":[{"href":"https:\/\/www.schiebener.net\/wordpress\/wp-json\/wp\/v2\/posts"}],"about":[{"href":"https:\/\/www.schiebener.net\/wordpress\/wp-json\/wp\/v2\/types\/post"}],"author":[{"embeddable":true,"href":"https:\/\/www.schiebener.net\/wordpress\/wp-json\/wp\/v2\/users\/3"}],"replies":[{"embeddable":true,"href":"https:\/\/www.schiebener.net\/wordpress\/wp-json\/wp\/v2\/comments?post=14532"}],"version-history":[{"count":0,"href":"https:\/\/www.schiebener.net\/wordpress\/wp-json\/wp\/v2\/posts\/14532\/revisions"}],"wp:attachment":[{"href":"https:\/\/www.schiebener.net\/wordpress\/wp-json\/wp\/v2\/media?parent=14532"}],"wp:term":[{"taxonomy":"category","embeddable":true,"href":"https:\/\/www.schiebener.net\/wordpress\/wp-json\/wp\/v2\/categories?post=14532"},{"taxonomy":"post_tag","embeddable":true,"href":"https:\/\/www.schiebener.net\/wordpress\/wp-json\/wp\/v2\/tags?post=14532"}],"curies":[{"name":"wp","href":"https:\/\/api.w.org\/{rel}","templated":true}]}}