{"id":14286,"date":"2011-10-27T10:31:11","date_gmt":"2011-10-27T09:31:11","guid":{"rendered":"http:\/\/www.schiebener.net\/wordpress\/?p=14286"},"modified":"2011-10-27T14:11:37","modified_gmt":"2011-10-27T13:11:37","slug":"itnrw-nrw-einwohnerzahl-geht-weiter-zuruck-starker-ruckgang-im-hochsauerland","status":"publish","type":"post","link":"https:\/\/www.schiebener.net\/wordpress\/itnrw-nrw-einwohnerzahl-geht-weiter-zuruck-starker-ruckgang-im-hochsauerland\/","title":{"rendered":"IT.NRW: NRW-Einwohnerzahl geht weiter zur\u00fcck. Starker R\u00fcckgang im Hochsauerland."},"content":{"rendered":"<h2>\n<figure id=\"attachment_13966\" aria-describedby=\"caption-attachment-13966\" style=\"width: 512px\" class=\"wp-caption aligncenter\"><img loading=\"lazy\" decoding=\"async\" class=\"size-full wp-image-13966\" title=\"dortmund2011100802\" src=\"http:\/\/www.schiebener.net\/wordpress\/wp-content\/uploads\/2011\/10\/dortmund2011100802.jpg\" alt=\"Bev\u00f6lkerungsr\u00fcckgang? Nicht in der Einkaufsmeile von Dortmund (Archiv: zoom)\" width=\"512\" height=\"384\" \/><figcaption id=\"caption-attachment-13966\" class=\"wp-caption-text\">Bev\u00f6lkerungsr\u00fcckgang? Nicht in der Einkaufsmeile von Dortmund (Archiv: zoom)<\/figcaption><\/figure>\n<p>Bev\u00f6lkerung im Regierungsbezirk Arnsberg<\/h2>\n<table border=\"1\" cellpadding=\"5\" summary=\"Bev\u00f6lkerung im Regierungsbezirk Detmold\">\n<thead>\n<tr align=\"center\" valign=\"middle\">\n<th colspan=\"7\">Bev\u00f6lkerung im Regierungsbezirk Arnsberg<\/th>\n<\/tr>\n<tr align=\"center\" valign=\"middle\">\n<th rowspan=\"3\">Verwaltungsbezirk<\/th>\n<th colspan=\"6\">Bev\u00f6lkerung<\/th>\n<\/tr>\n<tr align=\"center\" valign=\"middle\">\n<th colspan=\"2\">30. Juni 2010<\/th>\n<th colspan=\"2\">31. Dezember 2010<\/th>\n<th colspan=\"2\">30. Juni 2011<\/th>\n<\/tr>\n<tr align=\"center\" valign=\"middle\">\n<th>insgesamt<\/th>\n<th>darunter<br \/>\nweiblich<\/th>\n<th>insgesamt<\/th>\n<th>darunter<br \/>\nweiblich<\/th>\n<th>insgesamt<\/th>\n<th>darunter<br \/>\nweiblich<\/th>\n<\/tr>\n<\/thead>\n<tbody>\n<tr class=\"bold\" valign=\"bottom\">\n<th align=\"left\"> Arnsberg, <abbr title=\"Regierungsbezirk\"><span class=\"abbr\" title=\"Regierungsbezirk\">Reg.-Bez.<\/span><\/abbr><\/th>\n<td align=\"right\">3 667 033<\/td>\n<td align=\"right\">1 869 144<\/td>\n<td align=\"right\">3 658 011<\/td>\n<td align=\"right\">1 863 865<\/td>\n<td align=\"right\">3 650 640<\/td>\n<td align=\"right\">1 859 069<\/td>\n<\/tr>\n<tr class=\"bold\" valign=\"bottom\">\n<th align=\"left\"> Hochsauerlandkreis<\/th>\n<td align=\"right\">268 851<\/td>\n<td align=\"right\">136 017<\/td>\n<td align=\"right\">267 601<\/td>\n<td align=\"right\">135 360<\/td>\n<td align=\"right\">266 529<\/td>\n<td align=\"right\">134 768<\/td>\n<\/tr>\n<tr valign=\"bottom\">\n<th align=\"left\"> Arnsberg, Stadt<\/th>\n<td align=\"right\">74 617<\/td>\n<td align=\"right\">38 121<\/td>\n<td align=\"right\">74 227<\/td>\n<td align=\"right\">37 959<\/td>\n<td align=\"right\">74 063<\/td>\n<td align=\"right\">37 899<\/td>\n<\/tr>\n<tr valign=\"bottom\">\n<th align=\"left\"> Bestwig<\/th>\n<td align=\"right\">11 167<\/td>\n<td align=\"right\">5 705<\/td>\n<td align=\"right\">11 285<\/td>\n<td align=\"right\">5 830<\/td>\n<td align=\"right\">11 094<\/td>\n<td align=\"right\">5 655<\/td>\n<\/tr>\n<tr valign=\"bottom\">\n<th align=\"left\"> Brilon, Stadt<\/th>\n<td align=\"right\">26 431<\/td>\n<td align=\"right\">13 477<\/td>\n<td align=\"right\">26 335<\/td>\n<td align=\"right\">13 391<\/td>\n<td align=\"right\">26 241<\/td>\n<td align=\"right\">13 329<\/td>\n<\/tr>\n<tr valign=\"bottom\">\n<th align=\"left\"> Eslohe (Sauerland)<\/th>\n<td align=\"right\">9 150<\/td>\n<td align=\"right\">4 556<\/td>\n<td align=\"right\">9 149<\/td>\n<td align=\"right\">4 562<\/td>\n<td align=\"right\">9 124<\/td>\n<td align=\"right\">4 553<\/td>\n<\/tr>\n<tr valign=\"bottom\">\n<th align=\"left\"> Hallenberg, Stadt<\/th>\n<td align=\"right\">4 395<\/td>\n<td align=\"right\">2 198<\/td>\n<td align=\"right\">4 391<\/td>\n<td align=\"right\">2 196<\/td>\n<td align=\"right\">4 400<\/td>\n<td align=\"right\">2 205<\/td>\n<\/tr>\n<tr valign=\"bottom\">\n<th align=\"left\"> Marsberg, Stadt<\/th>\n<td align=\"right\">20 993<\/td>\n<td align=\"right\">10 405<\/td>\n<td align=\"right\">20 800<\/td>\n<td align=\"right\">10 278<\/td>\n<td align=\"right\">20 702<\/td>\n<td align=\"right\">10 226<\/td>\n<\/tr>\n<tr valign=\"bottom\">\n<th align=\"left\"> Medebach, Stadt<\/th>\n<td align=\"right\">7 915<\/td>\n<td align=\"right\">3 966<\/td>\n<td align=\"right\">7 912<\/td>\n<td align=\"right\">3 952<\/td>\n<td align=\"right\">7 868<\/td>\n<td align=\"right\">3 922<\/td>\n<\/tr>\n<tr valign=\"bottom\">\n<th align=\"left\"> Meschede, Stadt<\/th>\n<td align=\"right\">31 049<\/td>\n<td align=\"right\">15 717<\/td>\n<td align=\"right\">30 823<\/td>\n<td align=\"right\">15 594<\/td>\n<td align=\"right\">30 693<\/td>\n<td align=\"right\">15 516<\/td>\n<\/tr>\n<tr valign=\"bottom\">\n<th align=\"left\"> Olsberg, Stadt<\/th>\n<td align=\"right\">15 180<\/td>\n<td align=\"right\">7 633<\/td>\n<td align=\"right\">15 102<\/td>\n<td align=\"right\">7 588<\/td>\n<td align=\"right\">15 046<\/td>\n<td align=\"right\">7 573<\/td>\n<\/tr>\n<tr valign=\"bottom\">\n<th align=\"left\"> Schmallenberg, Stadt<\/th>\n<td align=\"right\">25 408<\/td>\n<td align=\"right\">12 767<\/td>\n<td align=\"right\">25 281<\/td>\n<td align=\"right\">12 701<\/td>\n<td align=\"right\">25 266<\/td>\n<td align=\"right\">12 689<\/td>\n<\/tr>\n<tr valign=\"bottom\">\n<th align=\"left\"> Sundern (Sauerland), Stadt<\/th>\n<td align=\"right\">28 836<\/td>\n<td align=\"right\">14 505<\/td>\n<td align=\"right\">28 730<\/td>\n<td align=\"right\">14 442<\/td>\n<td align=\"right\">28 566<\/td>\n<td align=\"right\">14 377<\/td>\n<\/tr>\n<tr valign=\"bottom\">\n<th align=\"left\"> Winterberg, Stadt<\/th>\n<td align=\"right\">13 710<\/td>\n<td align=\"right\">6 967<\/td>\n<td align=\"right\">13 566<\/td>\n<td align=\"right\">6 867<\/td>\n<td align=\"right\">13 466<\/td>\n<td align=\"right\">6 824<\/td>\n<\/tr>\n<\/tbody>\n<\/table>\n<p><strong>D\u00fcsseldorf (<a href=\"http:\/\/www.it.nrw.de\/presse\/pressemitteilungen\/2011\/pres_211_11.html\" target=\"_blank\">IT.NRW<\/a>). Die Einwohnerzahl Nordrhein-Westfalens ist auch im ersten Halbjahr 2011 zur\u00fcckgegangen. Wie Information und Technik Nordrhein-Westfalen als Statistisches Landesamt mitteilt, hatte das bev\u00f6lkerungsreichste Bundesland Ende Juni 17 836 512 Einwohner, das waren 8 642 weniger als zu Jahresbeginn.<\/strong><\/p>\n<p>Der R\u00fcckgang resultierte \u00fcberwiegend aus der negativen Bilanz bei der nat\u00fcrlichen Bev\u00f6lkerungsbewegung (\u00e2\u02c6\u201928 074), d. h. die Zahl der Sterbef\u00e4lle (93 836) war im ersten Halbjahr 2011 h\u00f6her als die Zahl der Geborenen (65 762). Bei den Wanderungen ergab sich dagegen ein positiver Saldo: Im ersten Halbjahr zogen 19 436 Menschen mehr nach NRW als das Land verlie\u00dfen.<\/p>\n<p>In den Regionen des Landes war die Entwicklung unterschiedlich:<\/p>\n<p>So stieg die Bev\u00f6lkerungszahl in den Regierungsbezirken M\u00fcnster (+2 629) und K\u00f6ln (+3 276) um etwa 0,1 Prozent. In den Regierungsbezirken D\u00fcsseldorf (\u00e2\u02c6\u20195 033) und Detmold (\u00e2\u02c6\u20192 143) ging sie dagegen um etwa 0,1 Prozent zur\u00fcck.<\/p>\n<p><strong>Den gr\u00f6\u00dften R\u00fcckgang musste der Regierungsbezirk Arnsberg (\u00e2\u02c6\u20197 371) hinnehmen \u00e2\u20ac\u201c die Einwohnerzahl verringerte sich um 0,2 Prozent.<\/strong> 60 Prozent der Bev\u00f6lkerung Nordrhein-Westfalens lebte Mitte 2011 in den Kreisen (10 723 205) und 40 Prozent in den kreisfreien St\u00e4dten (7 113 307) des Landes. W\u00e4hrend die Kreise in den ersten sechs Monaten des Jahres 14 581 (\u00e2\u02c6\u20190,1 Prozent) Einwohner verloren, konnten die kreisfreien St\u00e4dte ihre Bev\u00f6lkerungszahl um 5 939 (+0,1 Prozent) erh\u00f6hen.<\/p>\n<p>Gr\u00f6\u00dfte Stadt in Nordrhein-Westfalen ist mit 1 010 269 Einwohnern (+3 150) weiterhin K\u00f6ln, gefolgt von D\u00fcsseldorf mit 589 682 (+947), Dortmund mit 580 335 (\u00e2\u02c6\u2019109) und Essen mit 573 372 (\u00e2\u02c6\u20191 263) Einwohnern. Kleinste Gemeinde im bev\u00f6lkerungsreichsten Bundesland ist nach wie vor Dahlem im Kreis Euskirchen mit 4 125 Einwohnern (+9). (IT.NRW)<\/p>\n<p>Ergebnisse f\u00fcr die einzelnen kreisfreien St\u00e4dte, Kreise und kreisangeh\u00f6rigen St\u00e4dte und Gemeinden NRWs <a href=\"http:\/\/www.it.nrw.de\/statistik\/a\/daten\/amtlichebevoelkerungszahlen\/index.html\" target=\"_blank\">finden Sie hier<\/a>.<\/p>\n","protected":false},"excerpt":{"rendered":"<p>Bev\u00f6lkerung im Regierungsbezirk Arnsberg Bev\u00f6lkerung im Regierungsbezirk Arnsberg Verwaltungsbezirk Bev\u00f6lkerung 30. Juni 2010 31. Dezember 2010 30. Juni 2011 insgesamt darunter weiblich insgesamt darunter weiblich insgesamt darunter weiblich Arnsberg, Reg.-Bez. &hellip; <a href=\"https:\/\/www.schiebener.net\/wordpress\/itnrw-nrw-einwohnerzahl-geht-weiter-zuruck-starker-ruckgang-im-hochsauerland\/\" class=\"more-link\"><span class=\"screen-reader-text\">\u201eIT.NRW: NRW-Einwohnerzahl geht weiter zur\u00fcck. Starker R\u00fcckgang im Hochsauerland.\u201c <\/span>weiterlesen<\/a><\/p>\n","protected":false},"author":17,"featured_media":0,"comment_status":"open","ping_status":"open","sticky":false,"template":"","format":"standard","meta":{"footnotes":""},"categories":[303,80,1043],"tags":[415,1191],"class_list":["post-14286","post","type-post","status-publish","format-standard","hentry","category-in-unserem-briefkasten","category-lokales","category-pressemitteilungen","tag-bevolkerungswandel","tag-itnrw"],"_links":{"self":[{"href":"https:\/\/www.schiebener.net\/wordpress\/wp-json\/wp\/v2\/posts\/14286","targetHints":{"allow":["GET"]}}],"collection":[{"href":"https:\/\/www.schiebener.net\/wordpress\/wp-json\/wp\/v2\/posts"}],"about":[{"href":"https:\/\/www.schiebener.net\/wordpress\/wp-json\/wp\/v2\/types\/post"}],"author":[{"embeddable":true,"href":"https:\/\/www.schiebener.net\/wordpress\/wp-json\/wp\/v2\/users\/17"}],"replies":[{"embeddable":true,"href":"https:\/\/www.schiebener.net\/wordpress\/wp-json\/wp\/v2\/comments?post=14286"}],"version-history":[{"count":0,"href":"https:\/\/www.schiebener.net\/wordpress\/wp-json\/wp\/v2\/posts\/14286\/revisions"}],"wp:attachment":[{"href":"https:\/\/www.schiebener.net\/wordpress\/wp-json\/wp\/v2\/media?parent=14286"}],"wp:term":[{"taxonomy":"category","embeddable":true,"href":"https:\/\/www.schiebener.net\/wordpress\/wp-json\/wp\/v2\/categories?post=14286"},{"taxonomy":"post_tag","embeddable":true,"href":"https:\/\/www.schiebener.net\/wordpress\/wp-json\/wp\/v2\/tags?post=14286"}],"curies":[{"name":"wp","href":"https:\/\/api.w.org\/{rel}","templated":true}]}}