{"id":14205,"date":"2011-10-24T00:22:14","date_gmt":"2011-10-23T23:22:14","guid":{"rendered":"http:\/\/www.schiebener.net\/wordpress\/?p=14205"},"modified":"2011-10-24T00:22:14","modified_gmt":"2011-10-23T23:22:14","slug":"nachschlag-zur-berichterstattung-in-der-lokalzeitung-schwarz-ist-weis-und-weis-ist-schwarz","status":"publish","type":"post","link":"https:\/\/www.schiebener.net\/wordpress\/nachschlag-zur-berichterstattung-in-der-lokalzeitung-schwarz-ist-weis-und-weis-ist-schwarz\/","title":{"rendered":"Nachschlag zur Berichterstattung in der Lokalzeitung: Schwarz ist Wei\u00df und Wei\u00df ist Schwarz."},"content":{"rendered":"<h2>Was denn nun?<\/h2>\n<p><a href=\"http:\/\/www.derwesten.de\/wp\/region\/NRW-Abgeordneter-soll-bei-Doktorarbeit-geschummelt-haben-id5185146.html\" target=\"_blank\"><strong>Am 21. 10. 2011 Harald Ries:<\/strong><\/a> &#8222;Betreuende Professorin war damals Katharina Gr\u00e4fin von Schliefen, die gestern lediglich mitteilte: \u00e2\u20ac\u017eDie Universit\u00e4t hat von den Vorw\u00fcrfen Kenntnis genommen und wird die Angelegenheit pr\u00fcfen. So lange das Verfahren l\u00e4uft, werden wir dar\u00fcber nicht reden.\u00e2\u20ac\u0153 Wie lange die Untersuchung dauern werde, konnte Fernuni-Sprecherin Susanne Bosse\u00admeyer gestern nicht sagen. Aber: \u00e2\u20ac\u017eWir werden versuchen, das nicht k\u00fcnstlich in die L\u00e4nge zu ziehen.\u00e2\u20ac\u0153&#8220;<\/p>\n<p><strong>Am 22. 10. 2011 Interview Sensburg:<\/strong><\/p>\n<p>&#8222;Frage: Wird die Fern-Universit\u00e4t Ihre Arbeit \u00fcberpr\u00fcfen?<br \/>\nSensburg: Bisher nicht. Wobei ich nichts dagegen h\u00e4tte.<br \/>\nMit Dr. Patrick Sensburg sprach Oliver Eickhoff.&#8220;<\/p>\n","protected":false},"excerpt":{"rendered":"<p>Was denn nun? Am 21. 10. 2011 Harald Ries: &#8222;Betreuende Professorin war damals Katharina Gr\u00e4fin von Schliefen, die gestern lediglich mitteilte: \u00e2\u20ac\u017eDie Universit\u00e4t hat von den Vorw\u00fcrfen Kenntnis genommen und &hellip; <a href=\"https:\/\/www.schiebener.net\/wordpress\/nachschlag-zur-berichterstattung-in-der-lokalzeitung-schwarz-ist-weis-und-weis-ist-schwarz\/\" class=\"more-link\"><span class=\"screen-reader-text\">\u201eNachschlag zur Berichterstattung in der Lokalzeitung: Schwarz ist Wei\u00df und Wei\u00df ist Schwarz.\u201c <\/span>weiterlesen<\/a><\/p>\n","protected":false},"author":3,"featured_media":0,"comment_status":"open","ping_status":"open","sticky":false,"template":"","format":"standard","meta":{"footnotes":""},"categories":[3,80,32],"tags":[3075,2768,3074],"class_list":["post-14205","post","type-post","status-publish","format-standard","hentry","category-bildung-und-schule","category-lokales","category-medien","tag-dr-patrick-sensburg","tag-plagiate","tag-vroniplag"],"_links":{"self":[{"href":"https:\/\/www.schiebener.net\/wordpress\/wp-json\/wp\/v2\/posts\/14205","targetHints":{"allow":["GET"]}}],"collection":[{"href":"https:\/\/www.schiebener.net\/wordpress\/wp-json\/wp\/v2\/posts"}],"about":[{"href":"https:\/\/www.schiebener.net\/wordpress\/wp-json\/wp\/v2\/types\/post"}],"author":[{"embeddable":true,"href":"https:\/\/www.schiebener.net\/wordpress\/wp-json\/wp\/v2\/users\/3"}],"replies":[{"embeddable":true,"href":"https:\/\/www.schiebener.net\/wordpress\/wp-json\/wp\/v2\/comments?post=14205"}],"version-history":[{"count":0,"href":"https:\/\/www.schiebener.net\/wordpress\/wp-json\/wp\/v2\/posts\/14205\/revisions"}],"wp:attachment":[{"href":"https:\/\/www.schiebener.net\/wordpress\/wp-json\/wp\/v2\/media?parent=14205"}],"wp:term":[{"taxonomy":"category","embeddable":true,"href":"https:\/\/www.schiebener.net\/wordpress\/wp-json\/wp\/v2\/categories?post=14205"},{"taxonomy":"post_tag","embeddable":true,"href":"https:\/\/www.schiebener.net\/wordpress\/wp-json\/wp\/v2\/tags?post=14205"}],"curies":[{"name":"wp","href":"https:\/\/api.w.org\/{rel}","templated":true}]}}