{"id":1415,"date":"2008-12-09T16:50:41","date_gmt":"2008-12-09T15:50:41","guid":{"rendered":"http:\/\/www.schiebener.net\/wordpress\/?p=1415"},"modified":"2008-12-10T07:35:29","modified_gmt":"2008-12-10T06:35:29","slug":"sbl-sauerlander-burgermeister-wunschen-keine-gesamtschulen-im-hsk","status":"publish","type":"post","link":"https:\/\/www.schiebener.net\/wordpress\/sbl-sauerlander-burgermeister-wunschen-keine-gesamtschulen-im-hsk\/","title":{"rendered":"SBL: Sauerl\u00e4nder B\u00fcrgermeister w\u00fcnschen keine Gesamtschulen im HSK"},"content":{"rendered":"<p>Ich gebe an dieser Stelle ungefiltert und unbearbeitet die <a href=\"http:\/\/sbl-fraktion.de\/aus-dem-kreistag\/sauerlander-burgermeister-wunschen-keine-gesamtschule-im-hsk.html\" target=\"_blank\">Pressemitteilung des Sauerl\u00e4nder B\u00fcrgerliste<\/a> wieder.  Das Thema ist sehr vielschichtig und voller interessanter Facetten, aber ich komme zur Zeit nicht dazu, mich tiefer hineinzuknien \ud83d\ude41 )<\/p>\n<p>Nur eine kleine <span style=\"color: #000000;\"><strong>Vorbemerkung:<\/strong><\/span><\/p>\n<p>Mit der Einrichtung des Schulzweckverbandes Winterberg-Medebach h\u00e4tte es die M\u00f6glichkeit gegeben, \u00fcber eine Gesamtschule Winterberg nachzudenken. Winterberg verf\u00fcgt \u00fcber eine Hauptschule und ein Gymnasium. Medebach \u00fcber ein auf Sek I amputiertes Gymnasium. Es gab im Raum Hallenberg, Medebach, Winterberg keine Realschule. Hallenberg hat nun einen Realschulzweig an die Hauptschule angegliedert.<\/p>\n<p>In Olsberg wird bei sinkenden Sch\u00fclerzahlen die Realschule in naher bis mittlerer Zukunft mit der Hauptschule verbunden. Eine gymnasiale Oberstufe wird dort nicht entstehen.<\/p>\n<h5 class=\"mceTemp\">\n<dl id=\"attachment_1423\" class=\"wp-caption alignnone\" style=\"width: 310px;\">\n<dt class=\"wp-caption-dt\"><a href=\"http:\/\/www.schiebener.net\/wordpress\/wp-content\/uploads\/2008\/12\/realschule01.jpg\" target=\"_blank\"><img loading=\"lazy\" decoding=\"async\" class=\"size-medium wp-image-1423\" title=\"Realschule in Olsberg\/Hochsauerland\" src=\"http:\/\/www.schiebener.net\/wordpress\/wp-content\/uploads\/2008\/12\/realschule01-300x225.jpg\" alt=\"Realschule in Olsberg\/HSK\" width=\"300\" height=\"225\" srcset=\"https:\/\/www.schiebener.net\/wordpress\/wp-content\/uploads\/2008\/12\/realschule01-300x225.jpg 300w, https:\/\/www.schiebener.net\/wordpress\/wp-content\/uploads\/2008\/12\/realschule01.jpg 800w\" sizes=\"auto, (max-width: 300px) 85vw, 300px\" \/><\/a><\/dt>\n<dd class=\"wp-caption-dd\">Realschule in Olsberg\/HSK<\/dd>\n<\/dl>\n<\/h5>\n<p>Meiner Einsch\u00e4tzung nach wollen die B\u00fcrgermeister in ihren Gemeinden nicht alleine mit einer Hauptschule sitzen bleiben. Denn bei allen Euphemismen von Frau Sommer &amp; Co sickert auch im Hochsauerland immer mehr der Gedanke ein, das die Haupschule eine &#8222;Resteverwertungsschule&#8220; ist bzw. sein k\u00f6nnte. Die B\u00fcrgermeister sehen in einer Gemeinde, die lediglich eine Hauptschule anbietet, einen Standortnachteil.<\/p>\n<p>Da zur Zeit alles und jedes evaluiert wird, bin ich sehr daf\u00fcr, den Wunsch der Bev\u00f6lkerung nach m\u00f6glichen Schulformen zu evaluieren.<\/p>\n<p>Die sinkenden Sch\u00fclerzahlen werden \u00c4nderungen der schulischen Organisationsformen erzwingen. Die Frage dabei ist, ob die Richtung politisch diskutiert wird oder wie bislang \u00fcblich von oben dekretiert.<\/p>\n<p>Jetzt aber die <strong>Pressemitteilung von heute<\/strong>:<\/p>\n<blockquote><p>Sauerl\u00e4nder B\u00fcrgermeister w\u00fcnschen keine Gesamtschulen im HSK<\/p>\n<p>Im Gegensatz zu vielen anderen Landkreisen und St\u00e4dten in NRW besteht im Hochsauerlandkreis f\u00fcr Sch\u00fclerinnen und Sch\u00fcler immer noch nicht die M\u00f6glichkeit des Besuchs einer Gesamtschule.<\/p>\n<p>Als es im Oktober 2008 in Pressemitteilungen hie\u00df, die Stadt Lippstadt starte bei den Eltern von rund 2000 Grundsch\u00fclerinnen und \u00e2\u20ac\u201csch\u00fclern eine Befragung nach dem Wunsch und dem Bedarf einer Gesamtschule, griff die Kreistagsfraktion Sauerl\u00e4nder B\u00fcrgerliste dieses Thema auf und stellte an den Landrat den Antrag \u00e2\u20ac\u017eBefragung der Eltern von Sch\u00fclerinnen und Sch\u00fclern der ersten drei Grundschulklassen nach dem Wunsch und dem Bedarf der Einrichtung ein oder mehrerer Gesamtschulen im Kreisgebiet\u00e2\u20ac\u0153.<\/p>\n<p>Der SBL-Fraktion war bei der Stellung des Antrags sehr wohl bewusst, dass nach dem Schulrecht NRW nicht der Kreis, sondern die St\u00e4dte und Gemeinden des HSK die Schultr\u00e4ger sind. Trotzdem  h\u00e4lt es die SBL f\u00fcr sinnvoll, eine gemeinde\u00fcbergreifende Umfrage unter Federf\u00fchrung und Koordination der Kreisverwaltung durchzuf\u00fchren. Denn bisher bestehen wenig Erkenntnisse dar\u00fcber, ob und in welchen St\u00e4dten und Gemeinden Eltern Interesse an der Einrichtung einer Gesamtschule haben. Hinzu kommt, dass 11 von 12 kreisangeh\u00f6rigen Gemeinden zu klein f\u00fcr die Einrichtung einer nur f\u00fcr eine Gemeinde bestimmten Gesamtschule sind. Daher ist es nach Meinung der SBL sinnvoll die Bedarfsfeststellung nicht nur innerhalb einzelner Gemeinden durchzuf\u00fchren, sondern f\u00fcr den gesamten HSK. Im n\u00e4chsten Schritt k\u00f6nnte dann im Einvernehmen mit den Kommunen eine gemeinde\u00fcbergreifende Planung f\u00fcr die Errichtung einer oder mehrerer Gesamtschulen erfolgen.<\/p>\n<p>Per Verwaltungsvorlage empfahl nun der Landrat den Mitgliedern des Kreisausschusses und des Kreistags den Antrag der SBL-Fraktion abzulehnen.<\/p>\n<p>Zur Erl\u00e4uterung und Begr\u00fcndung teilte der Landrat mit, der Antrag sei zum einen nicht fristgerecht f\u00fcr die n\u00e4chste Sitzung des Schulausschusses eingereicht worden, zum anderen sollte das Antragsbegehren zun\u00e4chst im Rahmen der Hauptverwaltungsbeamtenkonferenz am 12.11. mit den B\u00fcrgermeistern diskutiert werden. Die B\u00fcrgermeister h\u00e4tten am 12.11. einm\u00fctig den Beschluss gefasst den Antrag abzulehnen, \u00e2\u20ac\u017eda es sich bei dem Thema nicht um die Angelegenheiten und die origin\u00e4ren Zust\u00e4ndigkeiten des Hochsauerlandkreises handelt\u00e2\u20ac\u0153.<\/p>\n<p>Der Landrat stellt in seinem Schreiben dar, dass f\u00fcr St\u00e4dte und Gemeinden \u00e2\u20ac\u017edie Verpflichtung der Einrichtung einer Gesamtschule besteht, wenn in ihrem Gebiet ein Bed\u00fcrfnis besteht und die daf\u00fcr notwendige Mindestgr\u00f6\u00dfe (vier Parallelklassen pro Jahrgang \u00e2\u20ac\u201c 112 Sch\u00fcler\/innen) dauerhaft erreicht wird. Die Gemeinden k\u00f6nnen Gesamtschulen dauerhaft auch im Zusammenhang errichten. F\u00fcr den Fall, dass die Zusammenarbeit nicht zur Errichtung f\u00fchrt, ist der Kreis verpflichtet.\u00e2\u20ac\u0153<\/p>\n<p>Weiter hei\u00dft es im Schreiben des Landrats an die SBL-Fraktion: \u00e2\u20ac\u017eDas Initiativrecht \u00e2\u20ac\u201c und somit auch die Bedarfsabfrage bei den Eltern \u00e2\u20ac\u201c ist laut Schulrecht vorrangig Angelegenheit der \u00f6rtlichen Ebene. Der Hochsauerlandkreis w\u00fcrde \u00e2\u20ac\u201c sofern er dem Antrag der SBL nachkommt \u00e2\u20ac\u201c in die Rechte der \u00f6rtlichen Schultr\u00e4ger eingreifen.\u00e2\u20ac\u0153<\/p>\n<p>Mit anderen Worten, es ist Aufgabe der St\u00e4dte und Gemeinden eine Elternbefragung nach dem Wunsch und dem Bedarf einer oder mehrerer Gesamtschulen durchzuf\u00fchren.<\/p>\n<p>Es bleibt abzuwarten, ob die B\u00fcrgermeister den Antrag der SBL-Kreistagsfraktion aufgreifen und endlich die entsprechenden Elternumfragen starten. Die Stadtverwaltung Lippstadt gibt sicher gerne<br \/>\nAuskunft dar\u00fcber, wie und mit welchem Ergebnis die dortige Elternbefragung durchgef\u00fchrt worden ist.<\/p>\n<p>Handlungsbedarf sieht die SBL-Kreistagsfraktion auch bei der Kooperationsbereitschaft des Landrats und der B\u00fcrgermeister. In den n\u00e4chsten Jahren werden die Sch\u00fclerzahlen weiter drastisch abnehmen. Der finanzielle Spielraum sowohl des Kreises als auch der Gemeinden wird noch enger werden. Deshalb h\u00e4lt die SBL-Kreistagsfraktion einen Ausbau der Zusammenarbeit zwischen Kreis und Gemeinden sowie der Gemeinden untereinander f\u00fcr wichtig.<\/p><\/blockquote>\n","protected":false},"excerpt":{"rendered":"<p>Ich gebe an dieser Stelle ungefiltert und unbearbeitet die Pressemitteilung des Sauerl\u00e4nder B\u00fcrgerliste wieder. Das Thema ist sehr vielschichtig und voller interessanter Facetten, aber ich komme zur Zeit nicht dazu, &hellip; <a href=\"https:\/\/www.schiebener.net\/wordpress\/sbl-sauerlander-burgermeister-wunschen-keine-gesamtschulen-im-hsk\/\" class=\"more-link\"><span class=\"screen-reader-text\">\u201eSBL: Sauerl\u00e4nder B\u00fcrgermeister w\u00fcnschen keine Gesamtschulen im HSK\u201c <\/span>weiterlesen<\/a><\/p>\n","protected":false},"author":3,"featured_media":0,"comment_status":"open","ping_status":"open","sticky":false,"template":"","format":"standard","meta":{"footnotes":""},"categories":[3,80],"tags":[290,293,294,20,38],"class_list":["post-1415","post","type-post","status-publish","format-standard","hentry","category-bildung-und-schule","category-lokales","tag-bildungspolitik","tag-gesamtschulen","tag-sbl","tag-schule","tag-schulpolitik"],"_links":{"self":[{"href":"https:\/\/www.schiebener.net\/wordpress\/wp-json\/wp\/v2\/posts\/1415","targetHints":{"allow":["GET"]}}],"collection":[{"href":"https:\/\/www.schiebener.net\/wordpress\/wp-json\/wp\/v2\/posts"}],"about":[{"href":"https:\/\/www.schiebener.net\/wordpress\/wp-json\/wp\/v2\/types\/post"}],"author":[{"embeddable":true,"href":"https:\/\/www.schiebener.net\/wordpress\/wp-json\/wp\/v2\/users\/3"}],"replies":[{"embeddable":true,"href":"https:\/\/www.schiebener.net\/wordpress\/wp-json\/wp\/v2\/comments?post=1415"}],"version-history":[{"count":0,"href":"https:\/\/www.schiebener.net\/wordpress\/wp-json\/wp\/v2\/posts\/1415\/revisions"}],"wp:attachment":[{"href":"https:\/\/www.schiebener.net\/wordpress\/wp-json\/wp\/v2\/media?parent=1415"}],"wp:term":[{"taxonomy":"category","embeddable":true,"href":"https:\/\/www.schiebener.net\/wordpress\/wp-json\/wp\/v2\/categories?post=1415"},{"taxonomy":"post_tag","embeddable":true,"href":"https:\/\/www.schiebener.net\/wordpress\/wp-json\/wp\/v2\/tags?post=1415"}],"curies":[{"name":"wp","href":"https:\/\/api.w.org\/{rel}","templated":true}]}}