{"id":14067,"date":"2011-10-17T21:25:25","date_gmt":"2011-10-17T20:25:25","guid":{"rendered":"http:\/\/www.schiebener.net\/wordpress\/?p=14067"},"modified":"2011-10-17T21:25:25","modified_gmt":"2011-10-17T20:25:25","slug":"umleitung-klarstellungen-zu-einer-facebook-gruppe-braunes-jucken-die-finanzkrise-das-ruhrgebiet-und-dit-und-dat","status":"publish","type":"post","link":"https:\/\/www.schiebener.net\/wordpress\/umleitung-klarstellungen-zu-einer-facebook-gruppe-braunes-jucken-die-finanzkrise-das-ruhrgebiet-und-dit-und-dat\/","title":{"rendered":"Umleitung: Klarstellungen zu einer Facebook Gruppe, braunes Jucken, die Finanzkrise, das Ruhrgebiet und Dit und Dat."},"content":{"rendered":"<figure id=\"attachment_14068\" aria-describedby=\"caption-attachment-14068\" style=\"width: 512px\" class=\"wp-caption aligncenter\"><img loading=\"lazy\" decoding=\"async\" class=\"size-full wp-image-14068\" title=\"schranke20111016\" src=\"http:\/\/www.schiebener.net\/wordpress\/wp-content\/uploads\/2011\/10\/schranke20111016.jpg\" alt=\"Meist ist sie ge\u00f6ffnet, manchmal geschlossen und selten abgeschlossen - so wie gestern. Die Schranke Richtung Ennert. (foto: zoom)\" width=\"512\" height=\"384\" \/><figcaption id=\"caption-attachment-14068\" class=\"wp-caption-text\">Meist ist sie ge\u00f6ffnet, manchmal geschlossen und selten abgeschlossen - so wie gestern. Die Schranke Richtung Ennert. (foto: zoom)<\/figcaption><\/figure>\n<p><strong>Klarstellung zu einer Facebook Gruppe:<\/strong> Vor wenigen Tagen ver\u00f6ffentlichte der Humanistische Pressedienst einen euphorischen Beitrag \u00fcber die Gr\u00fcndung der Facebook-Gruppe &#8222;Generation Giordano&#8220;. Mit etwas Abstand betrachtet, stellt sich die Frage, ob das Jubeln angemessen war &#8230; <a href=\"http:\/\/hpd.de\/node\/12123\" target=\"_blank\">hpd<\/a><\/p>\n<p><strong>Vom braunen Jucken:<\/strong> Ein R\u00fcckblick auf die Tat des Anders Behring Breivik &#8230; <a href=\"http:\/\/www.nachdenkseiten.de\/?p=10999\" target=\"_blank\">nachdenkseiten<\/a><\/p>\n<p><strong>Wider den Gr\u00f6nemeyerismus:<\/strong> Warum die Ank\u00fcndigung eines Tatorts in Dortmund f\u00fcr das Ruhrgebiet nicht nur f\u00fcr Freude sorgen sollte &#8211; ein paar Klarstellungen zur Sicht auf den &#8222;Pott&#8220; oder das, was die Menschen dort vermuten &#8230; <a href=\"http:\/\/jetzt.sueddeutsche.de\/texte\/anzeigen\/531772\/Wider-den-Groenemeyerismus\" target=\"_blank\">sueddeutsche<\/a><\/p>\n<p><strong>Schizophrenie des Alltags:<\/strong> Stellen wir das Selbstverst\u00e4ndliche in Frage! &#8230; <a href=\"http:\/\/www.blaetter.de\/archiv\/themen\/2011\/oktober\/schizophrenie-des-alltags-stellen-wir-das-selbstverstaendliche-in-frage\" target=\"_blank\">blaetter<\/a><\/p>\n<p><strong>Koalitionen und mehr:<\/strong> Es gibt keine Liebesheirat in der Politik &#8230; <a href=\"http:\/\/www.wir-in-nrw-blog.de\/2011\/10\/es-gibt-keine-liebesheirat-in-der-politik\/\" target=\"_blank\">wirinnrw<\/a><\/p>\n<p><strong>\u00e2\u20ac\u0153Occupy\u00e2\u20ac\u009d:<\/strong> ist kein Schlachtruf, sondern ein Bekenntnis &#8230; <a href=\"http:\/\/heddesheimblog.de\/wordpress\/2011\/10\/17\/geprothmannt-occupy-ist-kein-schlachtruf-sondern-ein-bekenntnis\/\" target=\"_blank\">heddesheimblog<\/a><\/p>\n<p><strong>Banken haben Vertrauen verspielt:<\/strong> Wann gab es das schon mal: Wutb\u00fcrger und Spitzenpolitiker protestieren gegen dieselben Unversch\u00e4mtheiten &#8211; und zwar weltweit? Die einen auf der Stra\u00dfe, die anderen in Interviews &#8230; <a href=\"http:\/\/www.ftd.de\/politik\/deutschland\/:banken-vertrauen-verspielt\/60116853.html\" target=\"_blank\">ftd<\/a><\/p>\n<p><strong>R\u00fcckschlag f\u00fcr NRW-Fraktionschef Laumann und die CDA:<\/strong> NRW-CDU ist weiter gegen gesetzlichen Mindestlohn &#8230; <a href=\"http:\/\/www.afa-nrw.de\/meldungen\/26283\/106047\/NRW-CDU-ist-weiter-gegen-gesetzlichen-Mindestlohn.html\" target=\"_blank\">AfASpd<\/a><\/p>\n<p><strong>Duisburg I &#8211; eine Stadt und ihr Image:<\/strong> Den Nachbarst\u00e4dten kann es schon heute nicht egal sein, was Duisburg so treibt. Die Stadt geh\u00f6rt zum Ruhrgebiet. &#8230; <a href=\"http:\/\/post-von-horn.de\/2011\/10\/17\/duisburg-eine-stadt-und-ihr-image\/\" target=\"_blank\">postvonhorn<\/a><\/p>\n<p><strong>Duisburg II:<\/strong> 80.000 gegen Adolf Sauerland &#8230; <a href=\"http:\/\/www.ruhrbarone.de\/80-000-gegen-adolf-sauerland\/\" target=\"_blank\">ruhrbarone<\/a><\/p>\n<p><strong>Verkehrsberuhigung:<\/strong> Schildawahn in Innowahn (ehemals Bottrop) &#8230; <a href=\"http:\/\/www.bottblog.de\/2011\/10\/17\/schildawahn-in-innowahn\/\" target=\"_blank\">bottblog<\/a><\/p>\n<p><strong>Duisburgs III:<\/strong> Oberb\u00fcrgermeister Adolf Sauerland (CDU) erkl\u00e4rte keinen R\u00fccktritt und taktiert weiter &#8230; <a href=\"http:\/\/www.pottblog.de\/2011\/10\/17\/duisburgs-oberburgermeister-adolf-sauerland-cdu-erklarte-keinen-rucktritt-und-taktiert-weiter-noch-ist-er-auch-nicht-wortbruchig\/\" target=\"_blank\">pottblog<\/a><\/p>\n<p><strong>Dortmund I:<\/strong> Rechte Schl\u00e4ger in der Innenstadt &#8230; <a href=\"http:\/\/nrwrex.wordpress.com\/2011\/10\/17\/do-rechte-schlager-in-der-innenstadt\/\" target=\"_blank\">nrwrechtsaussen<\/a><\/p>\n<p><strong>Dortmund II:<\/strong> Promis imponieren uns gar nicht, oder was meinen Sie, Herr Kempinski &#8230; <a href=\"http:\/\/www.revierpassagen.de\/5207\/promis-imponieren-uns-gar-nicht\/20111017_1537\" target=\"_blank\">revierpassagen<\/a><\/p>\n<p><strong>Arnsberg-Neheim:<\/strong> Kinder f\u00fcr Projekt-Chor gesucht. Nein, nicht H\u00e4nsel und Gretel, sondern der Schweihnachtsmann &#8230; <a href=\"http:\/\/www.neheims-netz.de\/?p=1652\" target=\"_blank\">neheimsnetz<\/a><\/p>\n<p><strong>Der alte Bauhof an der Ecke Fritz-Honsel-Stra\u00dfe\/M\u00fchlenweg:<\/strong> soll schon im kommenden Monat abgerissen werden. Der portugiesische Verein hat das Geb\u00e4ude inzwischen ger\u00e4umt &#8211; damit steht es leer, berichtet Oliver Eickhoff in  &#8230; <a href=\"http:\/\/www.derwesten.de\/staedte\/meschede\/Alter-Bauhof-wird-id5171240.html\" target=\"_blank\">derwesten<\/a><\/p>\n","protected":false},"excerpt":{"rendered":"<p>Klarstellung zu einer Facebook Gruppe: Vor wenigen Tagen ver\u00f6ffentlichte der Humanistische Pressedienst einen euphorischen Beitrag \u00fcber die Gr\u00fcndung der Facebook-Gruppe &#8222;Generation Giordano&#8220;. Mit etwas Abstand betrachtet, stellt sich die Frage, &hellip; <a href=\"https:\/\/www.schiebener.net\/wordpress\/umleitung-klarstellungen-zu-einer-facebook-gruppe-braunes-jucken-die-finanzkrise-das-ruhrgebiet-und-dit-und-dat\/\" class=\"more-link\"><span class=\"screen-reader-text\">\u201eUmleitung: Klarstellungen zu einer Facebook Gruppe, braunes Jucken, die Finanzkrise, das Ruhrgebiet und Dit und Dat.\u201c <\/span>weiterlesen<\/a><\/p>\n","protected":false},"author":3,"featured_media":0,"comment_status":"open","ping_status":"open","sticky":false,"template":"","format":"standard","meta":{"footnotes":""},"categories":[674,80,32,24,49,379],"tags":[3066,744],"class_list":["post-14067","post","type-post","status-publish","format-standard","hentry","category-kultur","category-lokales","category-medien","category-politik","category-religion","category-umleitung","tag-anders-breivik","tag-facebook"],"_links":{"self":[{"href":"https:\/\/www.schiebener.net\/wordpress\/wp-json\/wp\/v2\/posts\/14067","targetHints":{"allow":["GET"]}}],"collection":[{"href":"https:\/\/www.schiebener.net\/wordpress\/wp-json\/wp\/v2\/posts"}],"about":[{"href":"https:\/\/www.schiebener.net\/wordpress\/wp-json\/wp\/v2\/types\/post"}],"author":[{"embeddable":true,"href":"https:\/\/www.schiebener.net\/wordpress\/wp-json\/wp\/v2\/users\/3"}],"replies":[{"embeddable":true,"href":"https:\/\/www.schiebener.net\/wordpress\/wp-json\/wp\/v2\/comments?post=14067"}],"version-history":[{"count":0,"href":"https:\/\/www.schiebener.net\/wordpress\/wp-json\/wp\/v2\/posts\/14067\/revisions"}],"wp:attachment":[{"href":"https:\/\/www.schiebener.net\/wordpress\/wp-json\/wp\/v2\/media?parent=14067"}],"wp:term":[{"taxonomy":"category","embeddable":true,"href":"https:\/\/www.schiebener.net\/wordpress\/wp-json\/wp\/v2\/categories?post=14067"},{"taxonomy":"post_tag","embeddable":true,"href":"https:\/\/www.schiebener.net\/wordpress\/wp-json\/wp\/v2\/tags?post=14067"}],"curies":[{"name":"wp","href":"https:\/\/api.w.org\/{rel}","templated":true}]}}