{"id":13994,"date":"2011-10-10T20:27:51","date_gmt":"2011-10-10T19:27:51","guid":{"rendered":"http:\/\/www.schiebener.net\/wordpress\/?p=13994"},"modified":"2011-10-10T20:38:51","modified_gmt":"2011-10-10T19:38:51","slug":"gedanken-zum-schweren-schulbus-unfall-in-siegen-schulkinder-mussen-ja-nicht-angeschnallt-sein-oft-stehen-sie-dicht-gepackt-in-uberfullten-bussen","status":"publish","type":"post","link":"https:\/\/www.schiebener.net\/wordpress\/gedanken-zum-schweren-schulbus-unfall-in-siegen-schulkinder-mussen-ja-nicht-angeschnallt-sein-oft-stehen-sie-dicht-gepackt-in-uberfullten-bussen\/","title":{"rendered":"Gedanken zum schweren Schulbus-Unfall in Siegen. Schulkinder m\u00fcssen ja nicht angeschnallt sein. Oft stehen sie dicht gepackt in \u00fcberf\u00fcllten Bussen."},"content":{"rendered":"<figure id=\"attachment_4597\" aria-describedby=\"caption-attachment-4597\" style=\"width: 420px\" class=\"wp-caption aligncenter\"><img loading=\"lazy\" decoding=\"async\" class=\"size-full wp-image-4597\" title=\"Schulbusse im HSK\" src=\"http:\/\/www.schiebener.net\/wordpress\/wp-content\/uploads\/2009\/09\/schulbus01.jpg\" alt=\"Schulbus im HSK (archiv: zoom)\" width=\"420\" height=\"237\" srcset=\"https:\/\/www.schiebener.net\/wordpress\/wp-content\/uploads\/2009\/09\/schulbus01.jpg 420w, https:\/\/www.schiebener.net\/wordpress\/wp-content\/uploads\/2009\/09\/schulbus01-300x169.jpg 300w\" sizes=\"auto, (max-width: 420px) 85vw, 420px\" \/><figcaption id=\"caption-attachment-4597\" class=\"wp-caption-text\">Schulbus im HSK (archiv: zoom)<\/figcaption><\/figure>\n<p><strong>Schnalle ich mich in meinem Privat-PKW nicht an, riskiere ich ein Bu\u00dfgeld. Sind meine Kinder in meinem Privat-PKW nicht angeschnallt und ich werde erwischt, muss ich zahlen. <\/strong><\/p>\n<p>Sitzen Schulkinder unangeschnallt in den Bussen, ist das in Ordnung. Sind die Busse \u00fcberf\u00fcllt und die Kinder stehen dicht gepackt auf dem Gang, ist das auch in Ordnung.<\/p>\n<p>Ich schlie\u00dfe das zumindest aus den Realit\u00e4ten in unseren Schulbussen. Bis mir das Gegenteil bewiesen ist, l\u00f6se ich diesen offensichtlichen Widerspruch folgenderma\u00dfen auf:<\/p>\n<p>Die St\u00e4dte wollen oder k\u00f6nnen kein Geld f\u00fcr ausreichenden Platz f\u00fcr alle Schulkinder zur Verf\u00fcgung stellen. \u00d6konomie geht vor Sicherheit.<\/p>\n<p>Solange nichts passiert, nehmen es alle Beteiligten, vor allem die Eltern, mehr oder weniger schweigend, wenn auch oft mit unterdr\u00fccktem Zorn hin.<\/p>\n<p>Zur Not hei\u00dft es: Wir sind damals auch nicht anders zur Schule gekommen.<\/p>\n<p><strong>Heute morgen hat es einen schweren Busunfall im Siegerland gegeben. Der Bus war vorwiegend mit Sch\u00fclerinnnen und Sch\u00fclern besetzt. Ob die wohl alle angeschnallt waren und auf ihren Pl\u00e4tzen hockten? Die Untersuchungen werden hoffentlich die Details herausfinden.<\/strong><\/p>\n<p>Vor \u00fcber zwei Jahren hatten wir uns <a href=\"http:\/\/www.schiebener.net\/wordpress\/?p=4610\" target=\"_blank\">hier im Blog<\/a> schon einmal aufgeregt. Aber es h\u00f6rt ja niemand auf uns und es \u00e4ndert sich nichts.<\/p>\n<p>Wir hatten auch<a href=\"http:\/\/www.schiebener.net\/wordpress\/?p=2827\" target=\"_blank\"> der Lokalpresse vor \u00fcber zwei Jahren schon einmal vorgeschlagen<\/a>, die Situation in den Schulbussen aufzugreifen.<\/p>\n<p>Au\u00dferdem <a href=\"http:\/\/www.schiebener.net\/wordpress\/?p=4634\" target=\"_blank\">im Blog die Kommunalwahl 2009<\/a>: Warum hat die SPD das Thema \u00e2\u20ac\u0153Schulbusse\u00e2\u20ac\u009d nicht im Wahlkampf gebracht?<\/p>\n<h3>Die Polizeimeldung:<\/h3>\n<p><strong>Linienbus prallt in Leitplanke &#8211; 15 Personen verletzt<\/strong><\/p>\n<p>Siegen (<a href=\"http:\/\/www.presseportal.de\/polizeipresse\/pm\/65854\/kreispolizeibehoerde-siegen-wittgenstein\" target=\"_blank\">ots<\/a>) &#8211; Am Montagmorgen (10.10.2011) um kurz nach 07.00 Uhr prallte ein \u00fcberwiegend mit Schulkindern besetzter Linienbus auf der K 8 im Bereich des Ortsausgangs Meiswinkel in die Leitplanke. M\u00f6gliche Unfallursache nach ersten Feststellungen der Polizei: Nicht angepasste Geschwindigkeit auf nasser Fahrbahn. Bei dem Unfall wurden nach derzeitigem Kenntnisstand insgesamt 15 Personen (14 Schulkinder und 1 Frau) verletzt. \u00dcberwiegend trugen die Betroffenen leichte Verletzungen davon. M\u00f6glicherweise wurden aber auch vier Personen schwer verletzt. Die Verletzten Personen wurden vor Ort \u00e4rztlich versorgt bzw. durch Rettungskr\u00e4fte Krankenh\u00e4usern zugef\u00fchrt.<\/p>\n<p><strong>Nachtrag zu dem schweren Busunfall: Anzahl der Verletzten auf 30 erh\u00f6ht<\/strong><\/p>\n<p>Siegen (<a href=\"http:\/\/www.presseportal.de\/polizeipresse\/pm\/65854\/2126967\/pol-si-nachtrag-zu-dem-schweren-busunfall-anzahl-der-verletzten-auf-30-erhoeht\" target=\"_blank\">ots<\/a>) &#8211; Zwischenzeitlich hat sich die Anzahl der Personen, die heute morgen bei dem Busunfall in Siegen-Meiswinkel verletzt worden sind, auf 30 erh\u00f6ht. Von diesen ingesamt 30 verletzten Personen zogen sich neun (9) Personen schwere Verletzungen zu und mussten anschlie\u00dfend in Siegener Krankenh\u00e4user eingeliefert werden.<\/p>\n<p>Der 47-j\u00e4hrige Busfahrer erlitt einen Schock und musste mit einem Rettungswagen ebenfalls in ein Krankenhaus transportiert werden.<\/p>\n<p><strong>Meine Einsch\u00e4tzung:<\/strong> Man kann predigen, wie und was man will. Es muss immer erst etwas passieren und dann passiert immer noch nichts. Alles andere w\u00e4re ein Wunder.<\/p>\n<p><a href=\"http:\/\/www.derwesten.de\/staedte\/siegen\/Ursache-fuer-Busunfall-in-Siegen-vermutlich-ueberhoehte-Geschwindigkeit-id5148200.html\" target=\"_blank\">DerWesten berichtet mit Bildern hier.<\/a><\/p>\n","protected":false},"excerpt":{"rendered":"<p>Schnalle ich mich in meinem Privat-PKW nicht an, riskiere ich ein Bu\u00dfgeld. Sind meine Kinder in meinem Privat-PKW nicht angeschnallt und ich werde erwischt, muss ich zahlen. Sitzen Schulkinder unangeschnallt &hellip; <a href=\"https:\/\/www.schiebener.net\/wordpress\/gedanken-zum-schweren-schulbus-unfall-in-siegen-schulkinder-mussen-ja-nicht-angeschnallt-sein-oft-stehen-sie-dicht-gepackt-in-uberfullten-bussen\/\" class=\"more-link\"><span class=\"screen-reader-text\">\u201eGedanken zum schweren Schulbus-Unfall in Siegen. Schulkinder m\u00fcssen ja nicht angeschnallt sein. Oft stehen sie dicht gepackt in \u00fcberf\u00fcllten Bussen.\u201c <\/span>weiterlesen<\/a><\/p>\n","protected":false},"author":3,"featured_media":0,"comment_status":"open","ping_status":"open","sticky":false,"template":"","format":"standard","meta":{"footnotes":""},"categories":[3,2181,1043,618],"tags":[402,1668,2281],"class_list":["post-13994","post","type-post","status-publish","format-standard","hentry","category-bildung-und-schule","category-polizeiberichte","category-pressemitteilungen","category-verkehr","tag-schulbusse","tag-siegen","tag-verkehrsunfall"],"_links":{"self":[{"href":"https:\/\/www.schiebener.net\/wordpress\/wp-json\/wp\/v2\/posts\/13994","targetHints":{"allow":["GET"]}}],"collection":[{"href":"https:\/\/www.schiebener.net\/wordpress\/wp-json\/wp\/v2\/posts"}],"about":[{"href":"https:\/\/www.schiebener.net\/wordpress\/wp-json\/wp\/v2\/types\/post"}],"author":[{"embeddable":true,"href":"https:\/\/www.schiebener.net\/wordpress\/wp-json\/wp\/v2\/users\/3"}],"replies":[{"embeddable":true,"href":"https:\/\/www.schiebener.net\/wordpress\/wp-json\/wp\/v2\/comments?post=13994"}],"version-history":[{"count":0,"href":"https:\/\/www.schiebener.net\/wordpress\/wp-json\/wp\/v2\/posts\/13994\/revisions"}],"wp:attachment":[{"href":"https:\/\/www.schiebener.net\/wordpress\/wp-json\/wp\/v2\/media?parent=13994"}],"wp:term":[{"taxonomy":"category","embeddable":true,"href":"https:\/\/www.schiebener.net\/wordpress\/wp-json\/wp\/v2\/categories?post=13994"},{"taxonomy":"post_tag","embeddable":true,"href":"https:\/\/www.schiebener.net\/wordpress\/wp-json\/wp\/v2\/tags?post=13994"}],"curies":[{"name":"wp","href":"https:\/\/api.w.org\/{rel}","templated":true}]}}