{"id":13923,"date":"2011-10-04T19:25:35","date_gmt":"2011-10-04T18:25:35","guid":{"rendered":"http:\/\/www.schiebener.net\/wordpress\/?p=13923"},"modified":"2013-03-22T07:00:32","modified_gmt":"2013-03-22T06:00:32","slug":"umleitung-piraten-allmende-scheis-gute-sitten-klarnamen-bei-google-plus-meinungsmonopole-und-noch-viel-mehr","status":"publish","type":"post","link":"https:\/\/www.schiebener.net\/wordpress\/umleitung-piraten-allmende-scheis-gute-sitten-klarnamen-bei-google-plus-meinungsmonopole-und-noch-viel-mehr\/","title":{"rendered":"Umleitung: Piraten, Allmende, Schei\u00df Gute Sitten, Klarnamen bei Google plus, Meinungsmonopole und noch viel mehr."},"content":{"rendered":"<figure id=\"attachment_13924\" aria-describedby=\"caption-attachment-13924\" style=\"width: 320px\" class=\"wp-caption alignleft\"><img loading=\"lazy\" decoding=\"async\" class=\"size-full wp-image-13924\" title=\"wdr320111002b\" alt=\"Am Wegesrand (foto: zoom)\" src=\"http:\/\/www.schiebener.net\/wordpress\/wp-content\/uploads\/2011\/10\/wdr320111002b.jpg\" width=\"320\" height=\"158\" srcset=\"https:\/\/www.schiebener.net\/wordpress\/wp-content\/uploads\/2011\/10\/wdr320111002b.jpg 320w, https:\/\/www.schiebener.net\/wordpress\/wp-content\/uploads\/2011\/10\/wdr320111002b-300x148.jpg 300w\" sizes=\"auto, (max-width: 320px) 85vw, 320px\" \/><figcaption id=\"caption-attachment-13924\" class=\"wp-caption-text\">Am Wegesrand (foto: zoom)<\/figcaption><\/figure>\n<p><strong>Parlament geentert, Piraten an Bord:<\/strong> Die Piratenpartei ist aus dem Abwehrkampf gegen eine aktuelle Entwicklung entstanden, die der Rechtswissenschaftler James Boyle mit der historischen \u00dcberf\u00fchrung von Gemeindeland in privaten Gro\u00dfgrundbesitz im England des 18. Jahrhunderts vergleicht &#8230; <a href=\"http:\/\/www.blaetter.de\/archiv\/jahrgaenge\/2011\/oktober\/parlament-geentert-piraten-an-bord\" target=\"_blank\">blaetter<\/a><\/p>\n<p><strong>Selbstreferenz &#8211; zum Kampf um den \u00f6ffentlichen Raum<\/strong> hatten wir vor \u00fcber einem Jahr hier im Blog Folgendes geschrieben: &#8222;Der Kampf um den medialen Raum erinnnert mich an die <a href=\"http:\/\/de.wikipedia.org\/wiki\/Enclosure_Movement\" target=\"_blank\">Einhegungen<\/a> im fr\u00fchkapitalistischen England, die die Allmende fast v\u00f6llig privatisierten und den physikalisch-\u00f6ffentlichen Raum auf dass &#8222;<a href=\"http:\/\/www.naturenet.net\/row\/rowdefinitions.html\" target=\"_blank\">Public Right of Way&#8220;<\/a> \u009d reduzierten &#8230; <a href=\"http:\/\/www.schiebener.net\/wordpress\/?p=8564\" target=\"_blank\">hier im Blog<\/a><\/p>\n<p><strong>Klarnamenzwang kickt Kixka:<\/strong> Bye, bye Google plus &#8230; <a href=\"http:\/\/www.profilagentin.com\/2011\/10\/klarnamenzwang-google-kixka-abschied\/\" target=\"_blank\">profilagentin<\/a><\/p>\n<p><strong>Gute Sitten I:<\/strong> Die Fresse und die Schei\u00dfe des Herrn Bosbach &#8230; <a href=\"http:\/\/www.wiesaussieht.de\/2011\/10\/02\/die-fresse-und-die-scheise-des-herrn-bosbach\/\" target=\"_blank\">wiesaussieht<\/a><\/p>\n<p><strong>Gute Sitten II:<\/strong> ein Typ, der den Bezug auf eine tragende S\u00e4ule der Demokratie &#8211; &#8222;das freie Mandat&#8220; als &#8222;Schei\u00dfe&#8220; abtut, ist irgendwie \u00fcberfl\u00fcssig &#8230; <a href=\"http:\/\/www.neheims-netz.de\/?p=1551\" target=\"_blank\">neheimsnetz<\/a><\/p>\n<p><strong>Gute Sitten III: <\/strong>Arroganz der Macht &#8230; <a href=\"http:\/\/www.wir-in-nrw-blog.de\/2011\/10\/arroganz-der-macht\/\" target=\"_blank\">WirInNRW<\/a><\/p>\n<p><strong>Paradox der Freiheit konfessionsfreier Menschen:<\/strong> &#8230; den Kirchen, ein Machtpotenzial gibt, das letztendlich zur Einschr\u00e4nkung der individuellen Selbstbestimmungsrechte aller f\u00fchrt &#8230; <a href=\"http:\/\/hpd.de\/node\/12054\" target=\"_blank\">hpd<\/a><\/p>\n<p><strong>Veranstaltung:<\/strong> Das Problem hei\u00dft Antisemitismus. Duisburg, die Linke und die &#8222;Israelkritik&#8220; &#8230; <a href=\"http:\/\/campuswatchude.wordpress.com\/2011\/08\/22\/veranstaltung-das-problem-heist-antisemitismus-duisburg-die-linke-und-die-israelkritik-2\/\" target=\"_blank\">bga<\/a><\/p>\n<p><strong>Sahra Wagenknecht:<\/strong> St\u00e4rker immer, schw\u00e4cher nimmer &#8211; Vorw\u00e4rts in die Vergangenheit &#8230; <a href=\"http:\/\/www.jurga.de\/53.html\" target=\"_blank\">jurga<\/a><\/p>\n<p><strong>Meinungsmonopole:<\/strong> Mit Bloggerblumen gegen Medienpanzer &#8230; <a href=\"http:\/\/www.nachdenkseiten.de\/?p=10871#more-10871\" target=\"_blank\">nachdenkseiten<\/a><\/p>\n<p><strong>Schulreform &#8211; Dummheit reloaded:<\/strong> Frickeleien am Bildungssystem &#8230; <a href=\"http:\/\/www.querblog.de\/2011\/10\/03\/frickeleien-am-bildungssystem\/\" target=\"_blank\">querblog<\/a><\/p>\n<p><strong>Bildungsb\u00fcrger, B\u00fcrgerkinder, b\u00fcrgerlich:<\/strong> was ist das, was soll das, was will das? &#8230; <a href=\"http:\/\/www.ruhrbarone.de\/bildungsbuerger-buergerkinder-buergerlich-was-ist-das-was-soll-das-was-will-das\/\" target=\"_blank\">ruhrbarone<\/a><\/p>\n<p><strong>WAZ-Gruppe und Springer:<\/strong> Das Wohl der Erben im Blick &#8230; <a href=\"http:\/\/www.sueddeutsche.de\/medien\/waz-gruppe-das-wohl-der-erben-im-blick-1.1154661\" target=\"_blank\">sueddeutsche<\/a><\/p>\n<p><strong>Nachtrag zum 3. Oktober:<\/strong> &#8222;Mir fehlt die Ode an die Freude bei den Hymnen&#8220;, meint Jens vom &#8230; <a href=\"http:\/\/www.pottblog.de\/2011\/10\/03\/mir-fehlt-die-ode-an-die-freude-bei-den-hymnen-egal-ob-am-tag-der-deutschen-einheit-bei-cdu-veranstaltungen-usw\/#more-21737\" target=\"_blank\">pottblog<\/a><\/p>\n<p><strong>Finanznot der St\u00e4dte:<\/strong> SIHK fordert Kommunen zu energischem Handeln auf &#8230; <a href=\"http:\/\/doppelwacholder.wordpress.com\/2011\/10\/04\/finanznot-der-stadte-sihk-fordert-kommunen-zu-energischem-handeln-auf\/\" target=\"_blank\">doppelwacholder<\/a><\/p>\n<p><strong>Politiker durchkreuzen Innovation-City-Idee:<\/strong> Automeile statt Frischluftschneise. Umwelt und Geschichte werden geopfert &#8230; <a href=\"http:\/\/damals.inbottrop.net\/2011\/10\/03\/politiker-durchkreuzen-innovation-city-idee-automeile-statt-frischluftschneise-umwelt-und-geschichte-werden-geopfert\/\" target=\"_blank\">bottblog<\/a><\/p>\n<p><strong>Recklinghausen:<\/strong> &#8222;Pro NRW&#8220; entdeckt Hochverr\u00e4ter &#8230; <a href=\"http:\/\/nrwrex.wordpress.com\/2011\/10\/03\/re-%E2%80%9Epro-nrw%E2%80%9C-entdeckt-hochverrater\/\" target=\"_blank\">nrwrechtsaussen<\/a><\/p>\n","protected":false},"excerpt":{"rendered":"<p>Parlament geentert, Piraten an Bord: Die Piratenpartei ist aus dem Abwehrkampf gegen eine aktuelle Entwicklung entstanden, die der Rechtswissenschaftler James Boyle mit der historischen \u00dcberf\u00fchrung von Gemeindeland in privaten Gro\u00dfgrundbesitz &hellip; <a href=\"https:\/\/www.schiebener.net\/wordpress\/umleitung-piraten-allmende-scheis-gute-sitten-klarnamen-bei-google-plus-meinungsmonopole-und-noch-viel-mehr\/\" class=\"more-link\"><span class=\"screen-reader-text\">\u201eUmleitung: Piraten, Allmende, Schei\u00df Gute Sitten, Klarnamen bei Google plus, Meinungsmonopole und noch viel mehr.\u201c <\/span>weiterlesen<\/a><\/p>\n","protected":false},"author":3,"featured_media":0,"comment_status":"open","ping_status":"open","sticky":false,"template":"","format":"standard","meta":{"footnotes":""},"categories":[319,6,674,80,32,24,49,379,549],"tags":[3016,362,3019,3017,3018,2852,3020,561,1700,456,766],"class_list":["post-13923","post","type-post","status-publish","format-standard","hentry","category-geschichte","category-kalenderblatt","category-kultur","category-lokales","category-medien","category-politik","category-religion","category-umleitung","category-umwelt","tag-allmende","tag-antisemitismus","tag-bosbach","tag-einhegungen","tag-enclosure","tag-google-plus","tag-innovation-city","tag-piraten","tag-pofalla","tag-pro-nrw","tag-sahra-wagenknecht"],"_links":{"self":[{"href":"https:\/\/www.schiebener.net\/wordpress\/wp-json\/wp\/v2\/posts\/13923","targetHints":{"allow":["GET"]}}],"collection":[{"href":"https:\/\/www.schiebener.net\/wordpress\/wp-json\/wp\/v2\/posts"}],"about":[{"href":"https:\/\/www.schiebener.net\/wordpress\/wp-json\/wp\/v2\/types\/post"}],"author":[{"embeddable":true,"href":"https:\/\/www.schiebener.net\/wordpress\/wp-json\/wp\/v2\/users\/3"}],"replies":[{"embeddable":true,"href":"https:\/\/www.schiebener.net\/wordpress\/wp-json\/wp\/v2\/comments?post=13923"}],"version-history":[{"count":0,"href":"https:\/\/www.schiebener.net\/wordpress\/wp-json\/wp\/v2\/posts\/13923\/revisions"}],"wp:attachment":[{"href":"https:\/\/www.schiebener.net\/wordpress\/wp-json\/wp\/v2\/media?parent=13923"}],"wp:term":[{"taxonomy":"category","embeddable":true,"href":"https:\/\/www.schiebener.net\/wordpress\/wp-json\/wp\/v2\/categories?post=13923"},{"taxonomy":"post_tag","embeddable":true,"href":"https:\/\/www.schiebener.net\/wordpress\/wp-json\/wp\/v2\/tags?post=13923"}],"curies":[{"name":"wp","href":"https:\/\/api.w.org\/{rel}","templated":true}]}}