{"id":13805,"date":"2011-09-24T18:01:39","date_gmt":"2011-09-24T17:01:39","guid":{"rendered":"http:\/\/www.schiebener.net\/wordpress\/?p=13805"},"modified":"2011-09-24T18:41:32","modified_gmt":"2011-09-24T17:41:32","slug":"bad-arolsen-ist-voller-ratsel-was-will-uns-beispielsweise-dieses-mosaik-sagen","status":"publish","type":"post","link":"https:\/\/www.schiebener.net\/wordpress\/bad-arolsen-ist-voller-ratsel-was-will-uns-beispielsweise-dieses-mosaik-sagen\/","title":{"rendered":"Bad Arolsen ist voller R\u00e4tsel. Was will uns beispielsweise dieses Mosaik sagen?"},"content":{"rendered":"<p><img loading=\"lazy\" decoding=\"async\" class=\"aligncenter size-full wp-image-13806\" title=\"arolsen2011092301\" src=\"http:\/\/www.schiebener.net\/wordpress\/wp-content\/uploads\/2011\/09\/arolsen2011092301.jpg\" alt=\"arolsen2011092301\" width=\"512\" height=\"382\" \/><strong>Die hessische Stadt Bad Arolsen gibt uns mit diesem Mosaik in der Mitte des Ortes ein kleines R\u00e4tsel auf.<\/strong><\/p>\n<p>Sind die Arolser nicht zufrieden mit der der jetzigen Gr\u00f6\u00dfe unseres sch\u00f6nen Staates Deutschland? Hatte der K\u00fcnstler einfach zu viele Steinchchen gekloppt und und ist dann mental nach Osten abgedriftet? M\u00fcssen wir in Zukunft mit weiteren Wiedervereinigungen rechnen? Reicht die Gr\u00f6\u00dfe und Qualit\u00e4t unserer Bundeswehr f\u00fcr diese Aufgabe aus, wo sie doch schon \u00fcberall auf der Welt damit besch\u00e4ftigt ist, in humanit\u00e4ren Eins\u00e4tzen Frieden zu stiften? Existieren eventuell noch irgendwo auf der Welt weitere Mosaike, die nicht von unserem sch\u00f6nen unteilbaren Deutschland abgetrennt werden d\u00fcrfen?<\/p>\n<p>Alles nicht so gemeint, meinen die Arolser, denn statt das Mosaik auf den M\u00fcllhaufen der Geschichte zu werfen, haben sie 1990 eine Tafel angebracht, auf welcher zu lesen steht:<\/p>\n<p><img loading=\"lazy\" decoding=\"async\" class=\"aligncenter size-full wp-image-13808\" title=\"arolsen2011092302\" src=\"http:\/\/www.schiebener.net\/wordpress\/wp-content\/uploads\/2011\/09\/arolsen2011092302.jpg\" alt=\"arolsen2011092302\" width=\"408\" height=\"306\" srcset=\"https:\/\/www.schiebener.net\/wordpress\/wp-content\/uploads\/2011\/09\/arolsen2011092302.jpg 408w, https:\/\/www.schiebener.net\/wordpress\/wp-content\/uploads\/2011\/09\/arolsen2011092302-300x225.jpg 300w\" sizes=\"auto, (max-width: 408px) 85vw, 408px\" \/><\/p>\n<p>&#8222;Das vereinte Deutschland erhebt keinerlei Gebietsanspr\u00fcche gegen andere Staaten und wird solche auch in Zukunft nicht geltend machen.&#8220;<\/p>\n<p>Gl\u00fcck gehabt, liebe Polen und K\u00f6nigsberger.<\/p>\n<p>Der Abriss der Tafel war im Jahre 1990 <a href=\"http:\/\/books.google.de\/books?id=Rnp-UlOvlQMC&amp;pg=PA224&amp;lpg=PA224&amp;dq=Bad+Arolsen+Deutschland+unteilbar&amp;source=bl&amp;ots=f_TxQEPm9e&amp;sig=-braws2efxc_8niS-hRarr41f1g&amp;hl=de&amp;ei=4Qp-ToLlGqTG0QXH0dj7Dw&amp;sa=X&amp;oi=book_result&amp;ct=result&amp;resnum=1&amp;ved=0CBwQ6AEwAA#v=onepage&amp;q=Bad%20Arolsen%20Deutschland%20unteilbar&amp;f=false\" target=\"_blank\">von den Gr\u00fcnen im Stadparlament beantragt worden<\/a>, fand allerdings keine Mehrheit.<\/p>\n<p>In einer <a href=\"http:\/\/www.bund-der-vertriebenen.de\/pdf-mahnmal\/hessen-1.pdf\" target=\"_blank\">Brosch\u00fcre wirbt der Bund der Vertriebenen<\/a> f\u00fcr das &#8222;Denkmal&#8220;, selbstverst\u00e4ndlich in neutralem, objektivem Ton.<\/p>\n","protected":false},"excerpt":{"rendered":"<p>Die hessische Stadt Bad Arolsen gibt uns mit diesem Mosaik in der Mitte des Ortes ein kleines R\u00e4tsel auf. Sind die Arolser nicht zufrieden mit der der jetzigen Gr\u00f6\u00dfe unseres &hellip; <a href=\"https:\/\/www.schiebener.net\/wordpress\/bad-arolsen-ist-voller-ratsel-was-will-uns-beispielsweise-dieses-mosaik-sagen\/\" class=\"more-link\"><span class=\"screen-reader-text\">\u201eBad Arolsen ist voller R\u00e4tsel. Was will uns beispielsweise dieses Mosaik sagen?\u201c <\/span>weiterlesen<\/a><\/p>\n","protected":false},"author":3,"featured_media":0,"comment_status":"open","ping_status":"open","sticky":false,"template":"","format":"standard","meta":{"footnotes":""},"categories":[174,80,24,648],"tags":[2997,1159,164],"class_list":["post-13805","post","type-post","status-publish","format-standard","hentry","category-dit-und-dat","category-lokales","category-politik","category-was-tun-gegen-langweile","tag-bad-arolsen","tag-bund-der-vertriebenen","tag-grune"],"_links":{"self":[{"href":"https:\/\/www.schiebener.net\/wordpress\/wp-json\/wp\/v2\/posts\/13805","targetHints":{"allow":["GET"]}}],"collection":[{"href":"https:\/\/www.schiebener.net\/wordpress\/wp-json\/wp\/v2\/posts"}],"about":[{"href":"https:\/\/www.schiebener.net\/wordpress\/wp-json\/wp\/v2\/types\/post"}],"author":[{"embeddable":true,"href":"https:\/\/www.schiebener.net\/wordpress\/wp-json\/wp\/v2\/users\/3"}],"replies":[{"embeddable":true,"href":"https:\/\/www.schiebener.net\/wordpress\/wp-json\/wp\/v2\/comments?post=13805"}],"version-history":[{"count":0,"href":"https:\/\/www.schiebener.net\/wordpress\/wp-json\/wp\/v2\/posts\/13805\/revisions"}],"wp:attachment":[{"href":"https:\/\/www.schiebener.net\/wordpress\/wp-json\/wp\/v2\/media?parent=13805"}],"wp:term":[{"taxonomy":"category","embeddable":true,"href":"https:\/\/www.schiebener.net\/wordpress\/wp-json\/wp\/v2\/categories?post=13805"},{"taxonomy":"post_tag","embeddable":true,"href":"https:\/\/www.schiebener.net\/wordpress\/wp-json\/wp\/v2\/tags?post=13805"}],"curies":[{"name":"wp","href":"https:\/\/api.w.org\/{rel}","templated":true}]}}