{"id":13742,"date":"2011-09-17T21:06:34","date_gmt":"2011-09-17T20:06:34","guid":{"rendered":"http:\/\/www.schiebener.net\/wordpress\/?p=13742"},"modified":"2016-04-12T22:08:17","modified_gmt":"2016-04-12T21:08:17","slug":"noch-gibt-es-tickets-biermosl-blosn-und-gerhard-polt-in-der-bigger-schutzenhalle","status":"publish","type":"post","link":"https:\/\/www.schiebener.net\/wordpress\/noch-gibt-es-tickets-biermosl-blosn-und-gerhard-polt-in-der-bigger-schutzenhalle\/","title":{"rendered":"Noch gibt es Tickets: Bierm\u00f6sl Blosn und Gerhard Polt in der Bigger Sch\u00fctzenhalle."},"content":{"rendered":"<figure id=\"attachment_13743\" aria-describedby=\"caption-attachment-13743\" style=\"width: 512px\" class=\"wp-caption aligncenter\"><a href=\"http:\/\/www.schiebener.net\/wordpress\/wp-content\/uploads\/2011\/09\/biermoesl01.jpg\"><img loading=\"lazy\" decoding=\"async\" class=\"size-full wp-image-13743\" title=\"biermoesl01\" src=\"http:\/\/www.schiebener.net\/wordpress\/wp-content\/uploads\/2011\/09\/biermoesl01.jpg\" alt=\"Sie kommen ins Sauerland. Sie kommen nach Bigge. Bierm\u00f6sl Blosn plus Gerhard Polt (foto: bierm\u00f6sl blosn)\" width=\"512\" height=\"365\" \/><\/a><figcaption id=\"caption-attachment-13743\" class=\"wp-caption-text\">Sie kommen ins Sauerland. Sie kommen nach Bigge. Bierm\u00f6sl Blosn plus Gerhard Polt (foto: bierm\u00f6sl blosn)<\/figcaption><\/figure>\n<p><strong>Kann nicht sein. Oder doch? Bierm\u00f6sel Blosn in Bigge und dann noch der Gerhard Polt dazu. Die, wo auf der Hosen-LP das Lied vom Willi verziert und eigenh\u00e4ndig, kraft ihrer musikalischen Subversivit\u00e4t den Freistaat Bayern in die Moderne geblasen haben.<\/strong><\/p>\n<p>Vor drei Tagen haben wir noch ein paar <a href=\"http:\/\/www.reservix.de\/tickets-gerhard-polt-biermoesl-blosn-in-olsberg-schuetzenhalle-bigge-rundhalle-am-19-10-2011\/e189890\" target=\"_blank\">Karten im Online-Verkauf <\/a>gezogen. Wir werden am Mittwoch, dem 19. Oktober, in der Rundhalle der Bigger Sch\u00fctzenbr\u00fcder(sic!) stehen, und unsere Erwartungen werden hoch sein, sehr hoch.<\/p>\n<p><iframe loading=\"lazy\" src=\"http:\/\/www.youtube.com\/embed\/wD3UqTkzDJ4?rel=0\" width=\"420\" height=\"315\" frameborder=\"0\" allowfullscreen=\"allowfullscreen\"><\/iframe><\/p>\n<p>Denn die Bierm\u00f6sls wollen sich trennen, nachdem sie von Links unten kommend die politische Kultur in Bayern und der umliegenden Welt durcheinander gewirbelt haben.<\/p>\n<p>Die S\u00fcddeutsche<a href=\"http:\/\/www.biermoesl-blosn.de\/index2.htm\" target=\"_blank\"> schrieb im August :<\/a> &#8222;35 Jahre lang hat die Bierm\u00f6sl Blosn durchgehalten, hat mit hinterk\u00fcnftiger List gegen die Obrigkeit angesungen und ganz nebenbei die Volksmusik repolitisiert. Im kommenden Jahr wird sich die bayerische Kultband aufl\u00f6sen &#8211; und doch wird man auch in Zukunft noch eine Menge von den Well-Buben h\u00f6ren&#8230; &#8220;<\/p>\n<p>Man sieht sich &#8230; in Bigge &#8211; bigger than ever \ud83d\ude09<\/p>\n","protected":false},"excerpt":{"rendered":"<p>Kann nicht sein. Oder doch? Bierm\u00f6sel Blosn in Bigge und dann noch der Gerhard Polt dazu. Die, wo auf der Hosen-LP das Lied vom Willi verziert und eigenh\u00e4ndig, kraft ihrer &hellip; <a href=\"https:\/\/www.schiebener.net\/wordpress\/noch-gibt-es-tickets-biermosl-blosn-und-gerhard-polt-in-der-bigger-schutzenhalle\/\" class=\"more-link\"><span class=\"screen-reader-text\">\u201eNoch gibt es Tickets: Bierm\u00f6sl Blosn und Gerhard Polt in der Bigger Sch\u00fctzenhalle.\u201c <\/span>weiterlesen<\/a><\/p>\n","protected":false},"author":3,"featured_media":0,"comment_status":"open","ping_status":"open","sticky":false,"template":"","format":"standard","meta":{"footnotes":""},"categories":[674,80,2782],"tags":[2486,413,2485],"class_list":["post-13742","post","type-post","status-publish","format-standard","hentry","category-kultur","category-lokales","category-satire","tag-biermosl-blosn","tag-bigge","tag-gerhard-polt"],"_links":{"self":[{"href":"https:\/\/www.schiebener.net\/wordpress\/wp-json\/wp\/v2\/posts\/13742","targetHints":{"allow":["GET"]}}],"collection":[{"href":"https:\/\/www.schiebener.net\/wordpress\/wp-json\/wp\/v2\/posts"}],"about":[{"href":"https:\/\/www.schiebener.net\/wordpress\/wp-json\/wp\/v2\/types\/post"}],"author":[{"embeddable":true,"href":"https:\/\/www.schiebener.net\/wordpress\/wp-json\/wp\/v2\/users\/3"}],"replies":[{"embeddable":true,"href":"https:\/\/www.schiebener.net\/wordpress\/wp-json\/wp\/v2\/comments?post=13742"}],"version-history":[{"count":0,"href":"https:\/\/www.schiebener.net\/wordpress\/wp-json\/wp\/v2\/posts\/13742\/revisions"}],"wp:attachment":[{"href":"https:\/\/www.schiebener.net\/wordpress\/wp-json\/wp\/v2\/media?parent=13742"}],"wp:term":[{"taxonomy":"category","embeddable":true,"href":"https:\/\/www.schiebener.net\/wordpress\/wp-json\/wp\/v2\/categories?post=13742"},{"taxonomy":"post_tag","embeddable":true,"href":"https:\/\/www.schiebener.net\/wordpress\/wp-json\/wp\/v2\/tags?post=13742"}],"curies":[{"name":"wp","href":"https:\/\/api.w.org\/{rel}","templated":true}]}}