{"id":13737,"date":"2011-09-16T13:48:02","date_gmt":"2011-09-16T12:48:02","guid":{"rendered":"http:\/\/www.schiebener.net\/wordpress\/?p=13737"},"modified":"2020-10-28T17:47:56","modified_gmt":"2020-10-28T16:47:56","slug":"neheims-netz-berichtet-der-siedlinghauser-kreis-buchvorstellung-und-literarische-gedenkfeier","status":"publish","type":"post","link":"https:\/\/www.schiebener.net\/wordpress\/neheims-netz-berichtet-der-siedlinghauser-kreis-buchvorstellung-und-literarische-gedenkfeier\/","title":{"rendered":"Neheims-Netz berichtet: Der Siedlinghauser Kreis &#8211; Buchvorstellung und literarische Gedenkfeier"},"content":{"rendered":"<p><strong>Das Nachbarblog <a href=\"http:\/\/www.neheims-netz.de\/\" target=\"_blank\" rel=\"noopener noreferrer\">Neheims-Netz<\/a> berichtet, dass die Christine-Koch-Gesellschaft (CKG) zusammen mit den &#8222;Siedlinghauser Heimatstuben&#8220; zu einer literarischen Gedenkfeier f\u00fcr den &#8222;<a href=\"http:\/\/de.wikipedia.org\/wiki\/Siedlinghauser_Kreis\" target=\"_blank\" rel=\"noopener noreferrer\">Siedlinghauser Kreis&#8220; <\/a>am Samstag, den 17. September, einl\u00e4dt. <\/strong><\/p>\n<p>&#8222;Beginn ist um 10:00 Uhr auf dem Friedhof in Siedlinghausen mit der Einweihung der neuen, von Thomas Simon gestalteten Gedenkst\u00e4tte f\u00fcr den Kreis aus K\u00fcnstlern und Intellektuellen, die vor, nach und auch in der Zeit des Nationalsozialismus im oberen Sauerland zusammenkamen und Gedanken austauschten. Ab 11:00 Uhr wird im Kolpinghaus die von Klaus Mickus verfa\u00dfte Publikation &#8222;Der Siedlinghauser Kreis&#8220;\u009d, die besonders dank zahlreicher Textdokumente von Mitgliedern des Kreises hervorsticht, vorgestellt. Au\u00dferdem ein breites Spektrum aus weiterer Literatur und Bildmaterial.&#8220;<\/p>\n<p><a href=\"http:\/\/www.neheims-netz.de\/?p=1422\" target=\"_blank\" rel=\"noopener noreferrer\">Alles lesen bei Neheims-Netz.<\/a><\/p>\n","protected":false},"excerpt":{"rendered":"<p>Das Nachbarblog Neheims-Netz berichtet, dass die Christine-Koch-Gesellschaft (CKG) zusammen mit den &#8222;Siedlinghauser Heimatstuben&#8220; zu einer literarischen Gedenkfeier f\u00fcr den &#8222;Siedlinghauser Kreis&#8220; am Samstag, den 17. September, einl\u00e4dt. &#8222;Beginn ist um &hellip; <a href=\"https:\/\/www.schiebener.net\/wordpress\/neheims-netz-berichtet-der-siedlinghauser-kreis-buchvorstellung-und-literarische-gedenkfeier\/\" class=\"more-link\"><span class=\"screen-reader-text\">\u201eNeheims-Netz berichtet: Der Siedlinghauser Kreis &#8211; Buchvorstellung und literarische Gedenkfeier\u201c <\/span>weiterlesen<\/a><\/p>\n","protected":false},"author":3,"featured_media":0,"comment_status":"open","ping_status":"open","sticky":false,"template":"","format":"standard","meta":{"footnotes":""},"categories":[319,674,80],"tags":[2984,2986,2985],"class_list":["post-13737","post","type-post","status-publish","format-standard","hentry","category-geschichte","category-kultur","category-lokales","tag-christine-koch-gesellschaft","tag-klaus-mickus","tag-siedlinghauser-kreis"],"_links":{"self":[{"href":"https:\/\/www.schiebener.net\/wordpress\/wp-json\/wp\/v2\/posts\/13737","targetHints":{"allow":["GET"]}}],"collection":[{"href":"https:\/\/www.schiebener.net\/wordpress\/wp-json\/wp\/v2\/posts"}],"about":[{"href":"https:\/\/www.schiebener.net\/wordpress\/wp-json\/wp\/v2\/types\/post"}],"author":[{"embeddable":true,"href":"https:\/\/www.schiebener.net\/wordpress\/wp-json\/wp\/v2\/users\/3"}],"replies":[{"embeddable":true,"href":"https:\/\/www.schiebener.net\/wordpress\/wp-json\/wp\/v2\/comments?post=13737"}],"version-history":[{"count":0,"href":"https:\/\/www.schiebener.net\/wordpress\/wp-json\/wp\/v2\/posts\/13737\/revisions"}],"wp:attachment":[{"href":"https:\/\/www.schiebener.net\/wordpress\/wp-json\/wp\/v2\/media?parent=13737"}],"wp:term":[{"taxonomy":"category","embeddable":true,"href":"https:\/\/www.schiebener.net\/wordpress\/wp-json\/wp\/v2\/categories?post=13737"},{"taxonomy":"post_tag","embeddable":true,"href":"https:\/\/www.schiebener.net\/wordpress\/wp-json\/wp\/v2\/tags?post=13737"}],"curies":[{"name":"wp","href":"https:\/\/api.w.org\/{rel}","templated":true}]}}