{"id":1370,"date":"2008-12-04T22:52:15","date_gmt":"2008-12-04T21:52:15","guid":{"rendered":"http:\/\/www.schiebener.net\/wordpress\/?p=1370"},"modified":"2008-12-04T23:01:22","modified_gmt":"2008-12-04T22:01:22","slug":"medien-die-krise-als-ausrede","status":"publish","type":"post","link":"https:\/\/www.schiebener.net\/wordpress\/medien-die-krise-als-ausrede\/","title":{"rendered":"Medien: Die Krise als Ausrede"},"content":{"rendered":"<p>Eigentlich wollte ich heute kein &#8222;WAZ-Blog&#8220; gestalten, aber die Ereignisse haben mich dann hin- und fortgerissen. Im ruhigeren Fahrwasser werde ich  sp\u00e4testens morgen die  <a href=\"http:\/\/www.freitag.de\/2008\/49\/medien.php\" target=\"_blank\">Doppelseite  im  linksliberalen Freitag zur Medienkrise <\/a>studieren.<\/p>\n<p>F\u00fcr heute m\u00f6ge f\u00fcr alle, die vor der morgigen  Betriebsversammlung der WAZ-Gruppe noch ein wenig sp\u00e4tabendlich ideologisieren wollen, der <a href=\"http:\/\/www.freitag.de\/2008\/49\/08490603.php\" target=\"_blank\">Artikel von Klaus Raab <\/a>gen\u00fcgen. Sein Fazit:<\/p>\n<blockquote><p>&#8222;&#8230; Das Hauptproblem der Branche ist nicht die drohende Anzeigenflaute, sondern die Einfallslosigkeit. In Zeiten, in denen man mit neuen Ideen Geld verdienen und nebenbei auch noch publizistisch gewinnen k\u00f6nnte, entwerten Unternehmen ihre Publikationen, indem sie diese austauschbar machen. Erstaunlich viele Verlagsobere ruhen sich darauf aus, dass die Wirtschaftskrise sie angeblich zu K\u00fcrzungen zwingt. Statt aber die Produkte zu verbessern, die sie verkaufen wollen, tragen die Verlagschefs dazu bei, deren Substanz zu zerst\u00f6ren. Die Krise ist f\u00fcr sie eine M\u00f6glichkeit, Fehlentscheidungen zu treffen &#8211; und damit davonzukommen&#8230;&#8220;<\/p><\/blockquote>\n<p>Und damit: Gute Nacht! Ich dr\u00fccke allen WAZ-Mitarbeitern f\u00fcr morgen die Daumen! Diskutiert nicht zu lange <a href=\"http:\/\/www.medienmoral-nrw.de\/2008\/11\/ernst-verhaltene-stimmung-in-der-betriebsversammlung\/\" target=\"_blank\">im Protestblog \u00fcber die taktische Klimax <\/a>des heutigen Abends. M\u00f6ge die enge Zusammenarbeit von Gesch\u00e4ftsf\u00fchrung und Gewerkschaft(?) nicht zu einer postkoitalen Depression in der Essener Lichtburg f\u00fchren ;-&gt;<\/p>\n","protected":false},"excerpt":{"rendered":"<p>Eigentlich wollte ich heute kein &#8222;WAZ-Blog&#8220; gestalten, aber die Ereignisse haben mich dann hin- und fortgerissen. Im ruhigeren Fahrwasser werde ich sp\u00e4testens morgen die Doppelseite im linksliberalen Freitag zur Medienkrise &hellip; <a href=\"https:\/\/www.schiebener.net\/wordpress\/medien-die-krise-als-ausrede\/\" class=\"more-link\"><span class=\"screen-reader-text\">\u201eMedien: Die Krise als Ausrede\u201c <\/span>weiterlesen<\/a><\/p>\n","protected":false},"author":3,"featured_media":0,"comment_status":"open","ping_status":"open","sticky":false,"template":"","format":"standard","meta":{"footnotes":""},"categories":[32,24],"tags":[278,202],"class_list":["post-1370","post","type-post","status-publish","format-standard","hentry","category-medien","category-politik","tag-medienkrise","tag-waz"],"_links":{"self":[{"href":"https:\/\/www.schiebener.net\/wordpress\/wp-json\/wp\/v2\/posts\/1370","targetHints":{"allow":["GET"]}}],"collection":[{"href":"https:\/\/www.schiebener.net\/wordpress\/wp-json\/wp\/v2\/posts"}],"about":[{"href":"https:\/\/www.schiebener.net\/wordpress\/wp-json\/wp\/v2\/types\/post"}],"author":[{"embeddable":true,"href":"https:\/\/www.schiebener.net\/wordpress\/wp-json\/wp\/v2\/users\/3"}],"replies":[{"embeddable":true,"href":"https:\/\/www.schiebener.net\/wordpress\/wp-json\/wp\/v2\/comments?post=1370"}],"version-history":[{"count":0,"href":"https:\/\/www.schiebener.net\/wordpress\/wp-json\/wp\/v2\/posts\/1370\/revisions"}],"wp:attachment":[{"href":"https:\/\/www.schiebener.net\/wordpress\/wp-json\/wp\/v2\/media?parent=1370"}],"wp:term":[{"taxonomy":"category","embeddable":true,"href":"https:\/\/www.schiebener.net\/wordpress\/wp-json\/wp\/v2\/categories?post=1370"},{"taxonomy":"post_tag","embeddable":true,"href":"https:\/\/www.schiebener.net\/wordpress\/wp-json\/wp\/v2\/tags?post=1370"}],"curies":[{"name":"wp","href":"https:\/\/api.w.org\/{rel}","templated":true}]}}