{"id":13684,"date":"2011-09-10T09:08:26","date_gmt":"2011-09-10T08:08:26","guid":{"rendered":"http:\/\/www.schiebener.net\/wordpress\/?p=13684"},"modified":"2011-09-10T15:36:44","modified_gmt":"2011-09-10T14:36:44","slug":"britischer-premier-fur-prugelstrafe-an-schulen","status":"publish","type":"post","link":"https:\/\/www.schiebener.net\/wordpress\/britischer-premier-fur-prugelstrafe-an-schulen\/","title":{"rendered":"Britischer Premier f\u00fcr Pr\u00fcgelstrafe an Schulen"},"content":{"rendered":"<figure id=\"attachment_13581\" aria-describedby=\"caption-attachment-13581\" style=\"width: 103px\" class=\"wp-caption alignleft\"><img loading=\"lazy\" decoding=\"async\" class=\"size-full wp-image-13581    \" title=\"david-cameron\" src=\"http:\/\/www.schiebener.net\/wordpress\/wp-content\/uploads\/2011\/08\/david-cameron.jpg\" alt=\"Premier Cameron\" width=\"103\" height=\"154\" \/><figcaption id=\"caption-attachment-13581\" class=\"wp-caption-text\">David Cameron, hier in Wachs und W\u00fcrde. (foto:chris)<\/figcaption><\/figure>\n<p>Strenge und Disziplin sind David Camerons Antwort auf alle Fragen dieser Welt. Er wird in der heutigen Ausgabe der <a href=\"http:\/\/www.sueddeutsche.de\/karriere\/schulreform-in-grossbritannien-strenge-lehrer-bevorzugt-1.1141262\" target=\"_blank\">S\u00fcddeutschen Zeitung<\/a> mit den Worten zitiert:<\/p>\n<p>&#8222;Der wichtigste Wert, den wir in die Klassen zur\u00fcckbringen m\u00fcssen,  ist\u00a0Strenge.&#8220;<\/p>\n<p>Er pl\u00e4diert f\u00fcr die Wiedereinf\u00fchrung k\u00f6rperlicher Z\u00fcchtigung von Sch\u00fclern durch die Lehrer.<\/p>\n<p>Eltern von Schulschw\u00e4nzern<a href=\"http:\/\/www.eveningnews24.co.uk\/news\/prime_minister_david_cameron_praises_norwich_school_1_1018508\" target=\"_blank\"> aus sozial schwachen Familien <\/a> will er die staatlichen Zusch\u00fcsse k\u00fcrzen.<\/p>\n<p>Wie es Cameron, privilegierter Spross einer wohlhabenden Familie, mit der eigenen Strenge und Disziplin h\u00e4lt, war eindrucksvoll in der Unterhausdebatte der vergangenen Woche zu sehen, &#8222;where he lost it&#8220;.\u00a0 Die britische Presse sprach von Macho-Gehabe und dem Gel\u00e4chter von Schuljungen.<\/p>\n<p><iframe loading=\"lazy\" width=\"500\" height=\"300\" src=\"http:\/\/www.youtube.com\/embed\/fZsC0E2IiZc\" frameborder=\"0\" allowfullscreen><\/iframe><\/p>\n","protected":false},"excerpt":{"rendered":"<p>Strenge und Disziplin sind David Camerons Antwort auf alle Fragen dieser Welt. Er wird in der heutigen Ausgabe der S\u00fcddeutschen Zeitung mit den Worten zitiert: &#8222;Der wichtigste Wert, den wir &hellip; <a href=\"https:\/\/www.schiebener.net\/wordpress\/britischer-premier-fur-prugelstrafe-an-schulen\/\" class=\"more-link\"><span class=\"screen-reader-text\">\u201eBritischer Premier f\u00fcr Pr\u00fcgelstrafe an Schulen\u201c <\/span>weiterlesen<\/a><\/p>\n","protected":false},"author":21,"featured_media":0,"comment_status":"open","ping_status":"open","sticky":false,"template":"","format":"standard","meta":{"footnotes":""},"categories":[1,3,24],"tags":[2975,2974,2976],"class_list":["post-13684","post","type-post","status-publish","format-standard","hentry","category-allgemein","category-bildung-und-schule","category-politik","tag-david-cameron","tag-prugelstrafe","tag-unterhaus"],"_links":{"self":[{"href":"https:\/\/www.schiebener.net\/wordpress\/wp-json\/wp\/v2\/posts\/13684","targetHints":{"allow":["GET"]}}],"collection":[{"href":"https:\/\/www.schiebener.net\/wordpress\/wp-json\/wp\/v2\/posts"}],"about":[{"href":"https:\/\/www.schiebener.net\/wordpress\/wp-json\/wp\/v2\/types\/post"}],"author":[{"embeddable":true,"href":"https:\/\/www.schiebener.net\/wordpress\/wp-json\/wp\/v2\/users\/21"}],"replies":[{"embeddable":true,"href":"https:\/\/www.schiebener.net\/wordpress\/wp-json\/wp\/v2\/comments?post=13684"}],"version-history":[{"count":0,"href":"https:\/\/www.schiebener.net\/wordpress\/wp-json\/wp\/v2\/posts\/13684\/revisions"}],"wp:attachment":[{"href":"https:\/\/www.schiebener.net\/wordpress\/wp-json\/wp\/v2\/media?parent=13684"}],"wp:term":[{"taxonomy":"category","embeddable":true,"href":"https:\/\/www.schiebener.net\/wordpress\/wp-json\/wp\/v2\/categories?post=13684"},{"taxonomy":"post_tag","embeddable":true,"href":"https:\/\/www.schiebener.net\/wordpress\/wp-json\/wp\/v2\/tags?post=13684"}],"curies":[{"name":"wp","href":"https:\/\/api.w.org\/{rel}","templated":true}]}}