{"id":13664,"date":"2011-09-08T14:10:50","date_gmt":"2011-09-08T13:10:50","guid":{"rendered":"http:\/\/www.schiebener.net\/wordpress\/?p=13664"},"modified":"2011-09-08T14:10:50","modified_gmt":"2011-09-08T13:10:50","slug":"ahs-schulkonsens-in-nrw-ist-ein-herber-ruckschlag-fur-die-inklusion","status":"publish","type":"post","link":"https:\/\/www.schiebener.net\/wordpress\/ahs-schulkonsens-in-nrw-ist-ein-herber-ruckschlag-fur-die-inklusion\/","title":{"rendered":"AHS: Schulkonsens in NRW ist ein herber R\u00fcckschlag f\u00fcr die Inklusion"},"content":{"rendered":"<figure id=\"attachment_8144\" aria-describedby=\"caption-attachment-8144\" style=\"width: 130px\" class=\"wp-caption alignleft\"><img loading=\"lazy\" decoding=\"async\" class=\"size-full wp-image-8144  \" title=\"Detlef Tr\u00e4bert, Bundesvorsitzender AHS\" src=\"http:\/\/www.schiebener.net\/wordpress\/wp-content\/uploads\/2010\/06\/traebert.png\" alt=\"Detlef Tr\u00e4bert: &quot;Wir brauchen das KiWaBez jetzt.&quot; (foto: tr\u00e4bert)\" width=\"130\" height=\"182\" srcset=\"https:\/\/www.schiebener.net\/wordpress\/wp-content\/uploads\/2010\/06\/traebert.png 360w, https:\/\/www.schiebener.net\/wordpress\/wp-content\/uploads\/2010\/06\/traebert-213x300.png 213w\" sizes=\"auto, (max-width: 130px) 85vw, 130px\" \/><figcaption id=\"caption-attachment-8144\" class=\"wp-caption-text\">Detlef Tr\u00e4bert: &quot;Der Konsens mit der CDU schadet der Inklusion zu Lasten der Kinder.&quot; (foto: tr\u00e4bert)<\/figcaption><\/figure>\n<p>Niederkassel. (<a href=\"http:\/\/www.aktion-humane-schule.de\/Prmt-2011-4-Verfassungsanderung.pdf\" target=\"_blank\">ahs<\/a>) \u00e2\u20ac\u017eDer Schulkonsens zwischen SPD, B\u00dcNDNIS 90\/DIE GR\u00dcNEN und CDU ist ein herber R\u00fcckschlag f\u00fcr die Inklusion\u00e2\u20ac\u0153, bewertet die <a href=\"http:\/\/www.aktion-humane-schule.de\/\" target=\"_blank\">Aktion Humane Schule (AHS)<\/a> die gemeinsamen <a href=\"http:\/\/www.gew-nrw.de\/uploads\/tx_files\/LTD_15_2767.pdf\" target=\"_blank\">Gesetzentw\u00fcrfe der drei Fraktionen<\/a>. Sie werden am morgigen Freitag im Landtag in erster Lesung beraten und sollen Ende Oktober bereits verabschiedet werden.<\/p>\n<p>Die in diesem Zusammenhang <a href=\"http:\/\/www.gew-nrw.de\/uploads\/tx_files\/LTD_15_2768.pdf\" target=\"_blank\">geplante \u00c4nderung der Landesverfassung<\/a> sieht f\u00fcr den Artikel 8, Abs. 1, S\u00e4tze 3 und 4, folgenden Wortlaut vor: \u00e2\u20ac\u017eDas Land gew\u00e4hrleistet in allen Landesteilen ein ausreichendes und vielf\u00e4ltiges \u00f6ffentliches Bildungs- und Schulwesen, das ein gegliedertes Schulsystem, integrierte Schulformen sowie weitere andere Schulformen umfasst. F\u00fcr die Aufnahme in eine Schule sind Anlage und Neigung des Kindes ma\u00dfgebend, nicht die wirtschaftliche Lage und die gesellschaftliche Stellung der Eltern.\u00e2\u20ac\u0153<\/p>\n<p>In allen Dokumenten der UNESCO sowie in der f\u00fcr Deutschland verbindlichen <a href=\"http:\/\/de.wikipedia.org\/wiki\/UN-Konvention_%C3%BCber_die_Rechte_von_Menschen_mit_Behinderungen\" target=\"_blank\">UN-Behindertenrechtskonvention<\/a> hei\u00dft Inklusion jedoch, alle Kinder unabh\u00e4ngig von unterschiedlichen Anlagen oder einer Behinderung gemeinsam zu beschulen.<\/p>\n<p>\u00e2\u20ac\u017eDer Schulkonsens zementiert den Fortbestand des mit Inklusion unvereinbaren Selektionsprinzips f\u00fcr mindestens zw\u00f6lf Jahre\u00e2\u20ac\u0153, stellt AHS-Bundesvorsitzender Detlef Tr\u00e4bert fest. \u00e2\u20ac\u017eEs war ein schwerer Fehler der Landesregierung, die Entwicklung eines Inklusionsplans von der Weiterentwicklung des Schulwesens und seiner Strukturen abzukoppeln. Der Konsens mit der CDU schadet der Inklusion zu Lasten der Kinder. Er schadet aber auch der Volkswirtschaft, weil er die Entwicklung eines innovativen, leistungsf\u00e4higeren Schulsystems behindert. Die Sekundarschule ist so lange kein Fortschritt, wie Gymnasien Sch\u00fcler abschulen d\u00fcrfen und F\u00f6rderschulen nicht ins allgemeine Schulwesen integriert werden.\u00e2\u20ac\u0153<\/p>\n","protected":false},"excerpt":{"rendered":"<p>Niederkassel. (ahs) \u00e2\u20ac\u017eDer Schulkonsens zwischen SPD, B\u00dcNDNIS 90\/DIE GR\u00dcNEN und CDU ist ein herber R\u00fcckschlag f\u00fcr die Inklusion\u00e2\u20ac\u0153, bewertet die Aktion Humane Schule (AHS) die gemeinsamen Gesetzentw\u00fcrfe der drei Fraktionen. &hellip; <a href=\"https:\/\/www.schiebener.net\/wordpress\/ahs-schulkonsens-in-nrw-ist-ein-herber-ruckschlag-fur-die-inklusion\/\" class=\"more-link\"><span class=\"screen-reader-text\">\u201eAHS: Schulkonsens in NRW ist ein herber R\u00fcckschlag f\u00fcr die Inklusion\u201c <\/span>weiterlesen<\/a><\/p>\n","protected":false},"author":17,"featured_media":0,"comment_status":"open","ping_status":"open","sticky":false,"template":"","format":"standard","meta":{"footnotes":""},"categories":[3,303,1043],"tags":[1607,1781,229,2895],"class_list":["post-13664","post","type-post","status-publish","format-standard","hentry","category-bildung-und-schule","category-in-unserem-briefkasten","category-pressemitteilungen","tag-ahs","tag-inklusion","tag-nrw","tag-schulkonsens"],"_links":{"self":[{"href":"https:\/\/www.schiebener.net\/wordpress\/wp-json\/wp\/v2\/posts\/13664","targetHints":{"allow":["GET"]}}],"collection":[{"href":"https:\/\/www.schiebener.net\/wordpress\/wp-json\/wp\/v2\/posts"}],"about":[{"href":"https:\/\/www.schiebener.net\/wordpress\/wp-json\/wp\/v2\/types\/post"}],"author":[{"embeddable":true,"href":"https:\/\/www.schiebener.net\/wordpress\/wp-json\/wp\/v2\/users\/17"}],"replies":[{"embeddable":true,"href":"https:\/\/www.schiebener.net\/wordpress\/wp-json\/wp\/v2\/comments?post=13664"}],"version-history":[{"count":0,"href":"https:\/\/www.schiebener.net\/wordpress\/wp-json\/wp\/v2\/posts\/13664\/revisions"}],"wp:attachment":[{"href":"https:\/\/www.schiebener.net\/wordpress\/wp-json\/wp\/v2\/media?parent=13664"}],"wp:term":[{"taxonomy":"category","embeddable":true,"href":"https:\/\/www.schiebener.net\/wordpress\/wp-json\/wp\/v2\/categories?post=13664"},{"taxonomy":"post_tag","embeddable":true,"href":"https:\/\/www.schiebener.net\/wordpress\/wp-json\/wp\/v2\/tags?post=13664"}],"curies":[{"name":"wp","href":"https:\/\/api.w.org\/{rel}","templated":true}]}}