{"id":13619,"date":"2011-08-31T19:32:15","date_gmt":"2011-08-31T18:32:15","guid":{"rendered":"http:\/\/www.schiebener.net\/wordpress\/?p=13619"},"modified":"2011-08-31T19:33:37","modified_gmt":"2011-08-31T18:33:37","slug":"waldorfschulen-und-rudolf-steiner-rassismus-zu-multikulti","status":"publish","type":"post","link":"https:\/\/www.schiebener.net\/wordpress\/waldorfschulen-und-rudolf-steiner-rassismus-zu-multikulti\/","title":{"rendered":"Waldorfschulen und Rudolf Steiner: Rassismus zu Multikulti umdeuten?"},"content":{"rendered":"<p><strong><img loading=\"lazy\" decoding=\"async\" class=\"alignleft size-full wp-image-13620\" title=\"steiner_rassen\" src=\"http:\/\/www.schiebener.net\/wordpress\/wp-content\/uploads\/2011\/08\/steiner_rassen.jpg\" alt=\"steiner_rassen\" width=\"300\" height=\"259\" \/><a href=\"http:\/\/www.esowatch.com\/ge\/index.php?title=Detlef_Hardorp\" target=\"_blank\">Dr. Detlef Hardorp<\/a>, bildungspolitischer Sprecher der <\/strong><strong>Waldorfschulen  in Berlin-Brandenburg, behauptet, dass sich Rudolf Steiner f\u00fcr eine  multikulturelle Gesellschaft engagiert habe.<br \/>\n<em>Von Andreas Lichte.<\/em><\/strong><em><strong><\/strong><\/em><\/p>\n<p><em><span class=\"Apple-style-span\" style=\"font-family: Verdana,Arial,Helvetica,sans-serif; color: #262722; font-size: 13px; line-height: 18px;\">Andreas  Lichte ist ausgebildeter Waldorflehrer und Grafiker, lebt in Berlin. Er  ist Autor kritischer Artikel zur Waldorfp\u00e4dagogik und Anthroposophie.  Er erstellte f\u00fcr die <a href=\"http:\/\/www.bundespruefstelle.de\/\" target=\"_blank\">Bundespr\u00fcfstelle f\u00fcr jugendgef\u00e4hrdende Medien  (BPjM)<\/a> ein Gutachten zur Indizierung zweier Werke Rudolf Steiners, die  fortan nur noch in kommentierter Form erscheinen d\u00fcrfen.<\/span><\/em><\/p>\n<p><em><span class=\"Apple-style-span\" style=\"font-family: Verdana,Arial,Helvetica,sans-serif; color: #262722; font-size: 13px; line-height: 18px;\">Der hier ver\u00f6ffentlichte Artikel ist <a href=\"http:\/\/www.ruhrbarone.de\/waldorfschule-dr-detlef-hardorp-verkauft-rudolf-steiners-rassismus-als-multikulti\/\" target=\"_blank\">zuerst bei den Ruhrbaronen<\/a> erschienen. Dort sind auch weitere Hinweise zu Rudolf Steiner und der Waldorfp\u00e4dagogik zu finden (s.u.).<\/span><\/em><\/p>\n<p><strong>Ausgerechnet an Rudolf Steiners ber\u00fcchtigtem \u00e2\u20ac\u017eArbeitervortrag\u00e2\u20ac\u0153 \u00e2\u20ac\u201c <a href=\"http:\/\/fvn-rs.net\/index.php?option=com_content&amp;view=article&amp;id=3709:dritter-vortrag-dornach-3-maerz-1923&amp;catid=247:ga-349-vom-lebens-des-menschen-und-erde-&amp;Itemid=19\" target=\"_blank\">\u00e2\u20ac\u017eVom Leben des Menschen und der Erde \u00e2\u20ac\u201c \u00dcber das Wesen des Christentums\u00e2\u20ac\u0153, GA 349, Dritter Vortrag, Dornach, 3. M\u00e4rz 1923<\/a> \u00e2\u20ac\u201c versucht Detlef Hardorp zu belegen, dass Rudolf Steiner kein Rassist sei. Steiner sagt dort, Seite 54f.:<\/strong><\/p>\n<p>\u00e2\u20ac\u017eErfindungen sind in Asien sehr wenig gemacht worden. Verarbeitet  kann dann die Geschichte werden; aber Erfindungen selber, durch die sie  das, was durch die Erfahrung mit der Au\u00dfenwelt entspringt, verwenden,  das k\u00f6nnen die Asiaten nicht machen.<\/p>\n<p>Zum Beispiel war es einmal so mit einem Schraubendampfer. Den haben  die Japaner den Europ\u00e4ern abgeguckt, und nun wollten sie auch allein  fahren. Vorher fuhren immer die Europ\u00e4er und haben die Geschichte  dirigiert. Nun wollten sie einmal allein fahren. Die englischen  Ingenieure sind zur\u00fcckgeblieben an der K\u00fcste. Pl\u00f6tzlich gerieten die  Japaner drau\u00dfen, die dann das Schiff geleitet haben, in helle  Verzweiflung, denn das Dampfschiff drehte sich fortw\u00e4hrend um sich  selber. Sie kriegten es nicht heraus, wie sie zu der Drehung die  richtige Fortbewegung hinzubringen konnten. Die Europ\u00e4er, die das  wu\u00dften, die grinsten nat\u00fcrlich furchtbar am Ufer. Also dieses  selbst\u00e4ndige Denken, das der Europ\u00e4er im Umgang mit der Umgebung  entwickelt, das haben die Asiaten nicht. Die Japaner werden daher alle  europ\u00e4ischen Erfindungen ausbilden; aber selber etwas ausdenken, das  werden die Japaner nicht.<\/p>\n<p>Es ist einmal so beim Menschengeschlecht, da\u00df die Menschen \u00fcber die  Erde hin eigentlich alle aufeinander angewiesen sind. Sie m\u00fcssen  einander helfen. Das ergibt sich schon aus ihrer Naturanlage.\u00e2\u20ac\u0153<\/p>\n<p>Der Deutlichkeit halber noch einmal kurz zusammengefasst, Steiner  behauptet: Asiaten haben kein selbst\u00e4ndiges Denken. Asiaten k\u00f6nnen keine  eigenen Erfindungen machen. Asiaten k\u00f6nnen nur die Europ\u00e4er nachahmen.  Deshalb m\u00fcssen die Europ\u00e4er den Asiaten helfen.<\/p>\n<p>Hardorp macht daraus aber dies, Zitat aus Hardorps Artikel <a href=\"http:\/\/www.waldorf.net\/html\/aktuell\/3sat.htm\" target=\"_blank\">\u00e2\u20ac\u017eDie Menschen sind \u00fcber die Erde hin aufeinander angewiesen\u00e2\u20ac\u0153<\/a>:<\/p>\n<p>\u00e2\u20ac\u017eSteiner hat Differenzen in der Naturanlage zwischen  Menschengruppierungen nicht geleugnet. Daraus leitet er aber keinen  Rassismus ab, sondern im Gegenteil die Notwendigkeit einer symbiotischen  Zusammenarbeit innerhalb einer multikulturellen Gesellschaft. Steiner  in dem umstrittenen Arbeitervortrag: \u00bbEs ist einmal so beim  Menschengeschlecht, dass die Menschen \u00fcber die Erde hin eigentlich alle  aufeinander angewiesen sind. Sie m\u00fcssen einander helfen. Das ergibt sich  schon aus der Naturanlage.\u00ab\u00a0Das ist das erw\u00e4hnenswerte eigentliche  Fazit des umstrittenen Vortrages, das ist Steiners Haltung zur  multikulturellen Gesellschaft in einer globablisierten Welt.\u00e2\u20ac\u0153<\/p>\n<p>Hardorp zitiert Steiner sinnentstellend, indem er den Kontext des  Steiner-Zitats verschweigt. So verkehrt Hardorp die rassistischen  Ausf\u00fchrungen Rudolf Steiners in ihr Gegenteil. Hardorps Fazit ist das  Ergebnis anthroposophischer \u00e2\u20ac\u017eZitierkunst\u00e2\u20ac\u0153, wie sie auch der prominente  Anthroposoph <a href=\"http:\/\/www.ruhrbarone.de\/waldiwissenschaft-lorenzo-ravagli-an-der-privatuniversitat-wittenherdecke\/\" target=\"_blank\">Lorenzo Ravagli<\/a> praktiziert.<\/p>\n<p>Aber Hardorp wirft sein eigenes Verfahren Kritikern Rudolf Steiners vor, Zitat Hardorp:<\/p>\n<p>\u00e2\u20ac\u017eUm Rudolf Steiner als \u00bbRassisten\u00ab zu brandmarken, werden immer  wieder dieselben Bruchst\u00fccke aus einem Vortrag zitiert, den er [vor]  einer Versammlung von Bauarbeitern am 3. M\u00e4rz 1923 hielt.\u00e2\u20ac\u0153<\/p>\n<p>Nein, ich m\u00f6chte hier keine weiteren \u00e2\u20ac\u017eBruchst\u00fccke\u00e2\u20ac\u0153 zitieren, ich m\u00f6chte die Leser bitten, doch <a href=\"http:\/\/fvn-rs.net\/index.php?option=com_content&amp;view=article&amp;id=3709:dritter-vortrag-dornach-3-maerz-1923&amp;catid=247:ga-349-vom-lebens-des-menschen-und-erde-&amp;Itemid=19\" target=\"_blank\">den gesamten Vortrag Steiners<\/a> zu lesen, um sich selber ein Urteil zu bilden. Soviel sei verraten:  Steiner wird noch weit deutlicher, als in dem obigen Zitat, irgendwie  muss er ja sein Programm \u00e2\u20ac\u017eerkl\u00e4ren\u00e2\u20ac\u0153, Zitat Steiner: \u00e2\u20ac\u017eDie wei\u00dfe Rasse ist  die zuk\u00fcnftige, ist die am Geiste schaffende Rasse.\u00e2\u20ac\u0153<\/p>\n<p>Ich k\u00f6nnte nun \u00e2\u20ac\u201c Zeile f\u00fcr Zeile \u00e2\u20ac\u201c Hardorps Artikel <a href=\"http:\/\/www.waldorf.net\/html\/aktuell\/3sat.htm\" target=\"_blank\">\u00e2\u20ac\u017eDie Menschen sind \u00fcber die Erde hin aufeinander angewiesen\u00e2\u20ac\u0153<\/a> richtig stellen, hier sei aber nur noch beispielhaft ein weiteres von  Anthroposophen gebetsm\u00fchlenhaft wiederholtes \u00e2\u20ac\u017eArgument\u00e2\u20ac\u0153 f\u00fcr  Waldorf-\u00e2\u20ac\u017eMultikulti\u00e2\u20ac\u0153 herausgegriffen, Zitat Hardorp:<\/p>\n<p>\u00e2\u20ac\u017e(\u00e2\u20ac\u00a6) dass Waldorfschulen bereits in der Zeit des Apartheidregimes  (!)\u00a0in S\u00fcdafrika\u00a0die Rassentrennung im Unterricht aufgehoben haben (\u00e2\u20ac\u00a6)\u00e2\u20ac\u0153<\/p>\n<p>Dazu sagt der Amerikanische Historiker Peter Staudenmaier bei <a href=\"http:\/\/groups.yahoo.com\/group\/waldorf-critics\/message\/16472\" target=\"_blank\">\u00e2\u20ac\u017ewaldorf-critics\u00e2\u20ac\u0153<\/a> (meine \u00dcbersetzung):<\/p>\n<p>\u00e2\u20ac\u017e(\u00e2\u20ac\u00a6) Max Stibbe war ein lautstarker Verteidiger der Apartheid und  verbrachte das letzte Jahrzehnt seines Lebens im Weiss-regierten  S\u00fcdafrika. Er gr\u00fcndete die Waldorfschule in Pretoria, die <a href=\"http:\/\/www.maxstibbe.co.za\/\" target=\"_blank\">bis heute nach ihm benannt<\/a> ist.<\/p>\n<p>Stibbes Verm\u00e4chtnis lebte nach seinem Tod im Jahre 1973 f\u00fcr  Jahrzehnte weiter, nicht nur in S\u00fcdafrika, sondern auch in den  Niederlanden. Stibbe war eine der Hauptfiguren, die die \u00e2\u20ac\u017eRassenkunde\u00e2\u20ac\u0153 zu  einem Teil der Waldorfp\u00e4dagogik machten. Die rassistischen Artikel, die  Stibbe in den Sechzigerjahren in \u00e2\u20ac\u017eVrije Opvoedkunst\u00e2\u20ac\u0153 [\u00e2\u20ac\u017eFreie  Erziehungskunst\u00e2\u20ac\u0153] ver\u00f6ffentlichte, bildeten die Grundlage f\u00fcr  \u00e2\u20ac\u017eRasse-V\u00f6lkerkunde\u00e2\u20ac\u0153-Kurse in Niederl\u00e4ndischen Waldorfschulen bis weit in  die Neunzigerjahre.\u00e2\u20ac\u0153<\/p>\n<p>Es ist also besser, niemals ungepr\u00fcft einem Funktion\u00e4r der  Waldorfschulen zu glauben, und schon gar nicht Detlef Hardorp, denn was  ist von einem Anthroposophen zu halten, der wie Hardorp auch noch <a href=\"http:\/\/www.ruhrbarone.de\/waldorfschule-detlef-hardorp-lautsprecher-der-anthroposophie\/\" target=\"_blank\">Rudolf Steiner zum eigentlichen Entdecker der Quantenphysik verkl\u00e4rt<\/a>?<\/p>\n<p>Die Einordnung von Rudolf Steiners Rassimus \u00fcberlasse ich Prof. Dr.  Stefan T. Hopmann, Bildungswissenschaftler an der Universit\u00e4t Wien, den  ich <a href=\"http:\/\/www.ruhrbarone.de\/waldorfschule-%E2%80%9Eman-kann-nicht-nur-ein-%C2%BBbisschen%C2%AB-waldorf-sein%E2%80%9C\/\" target=\"_blank\">f\u00fcr die Ruhrbarone interviewte<\/a>, Zitat Hopmann:<\/p>\n<p>\u00e2\u20ac\u017eTats\u00e4chlich sind der Rassismus, die Entwicklungslehre, die  Geschichtsphilosophie und die \u00fcbrigen Bausteine des Zeitgeists des  sp\u00e4ten 19. Jahrhunderts, die Steiner zu einer eigenen Weltanschauung  amalgamiert hat, so eng verbunden, dass man da nicht nur ein \u00bbbisschen\u00ab  Waldorf sein kann. Allerdings machen die Waldorfschulen das schon  geschickt: Sie fallen nicht mit der T\u00fcr ins Haus, sie unterrichten nicht  direkt aus Steiners Werken, sondern sie lassen ihre Weltanschauung eher  still und heimlich in ihre Arbeit einflie\u00dfen, in ihre  Kinderwahrnehmung, in ihre Auswahl der Unterrichtsinhalte usw. \u00c4hnlich  wie auch bei anderen Sekten ist das ein schleichendes Gift, dessen  Wirkung man oft erst merkt, wenn es fast zu sp\u00e4t ist.\u00e2\u20ac\u0153<\/p>\n<p><strong>Weiterf\u00fchrende Artikel bei den Ruhrbaronen:<\/strong><\/p>\n<p><a href=\"http:\/\/www.ruhrbarone.de\/waldorfschule-detlef-hardorp-lautsprecher-der-anthroposophie\/\" target=\"_blank\"><strong>Waldorfschule: Physik vom Hellseher<\/strong><\/a> \u00e2\u20ac\u201c Dr. Detlef Hardorp erkl\u00e4rt Rudolf Steiner zum eigentlichen Entdecker der Quantenphysik, von Dr. Tobias Maier<\/p>\n<p><a href=\"http:\/\/www.ruhrbarone.de\/waldorfschule-%E2%80%9Edetlef-hardorp-der-berlin-brandenburgische-bullterrier-der-anthroposophischen-offentlichkeitsarbeit%E2%80%9C\/\" target=\"_blank\"><strong>Waldorfschule: \u00e2\u20ac\u017eDetlef Hardorp, der Berlin-Brandenburgische Bullterrier der anthroposophischen \u00d6ffentlichkeitsarbeit\u00e2\u20ac\u0153<\/strong><\/a>\u00e2\u20ac\u201c<strong> <\/strong>\u00fcber Dr. Detlef Hardorp<\/p>\n<p><a href=\"http:\/\/www.ruhrbarone.de\/waldiwissenschaft-lorenzo-ravagli-an-der-privatuniversitat-wittenherdecke\/\" target=\"_blank\"><strong>Waldiwissenschaft: Lorenzo Ravagli an der Privatuniversit\u00e4t Witten\/Herdecke<\/strong><\/a><strong> <\/strong>\u00e2\u20ac\u201c<strong> <\/strong>\u00fcber Lorenzo Ravagli<\/p>\n<p><a href=\"http:\/\/www.ruhrbarone.de\/3-jahre-rudolf-steiner-ist-%E2%80%9Ezum-rassenhass-anreizend-bzw-als-rassen-diskriminierend-anzusehen%E2%80%9C\/\" target=\"_blank\"><strong>3 Jahre Rudolf Steiner ist \u00e2\u20ac\u017ezum Rassenhass anreizend bzw. als Rassen diskriminierend anzusehen\u00e2\u20ac\u0153<\/strong><\/a><strong> <\/strong>\u00e2\u20ac\u201c<strong> <\/strong>die \u00e2\u20ac\u017eBundespr\u00fcfstelle f\u00fcr jugendgef\u00e4hrdende Medien\u00e2\u20ac\u0153 (BPjM) entschied, dass B\u00fccher Rudolf Steiners rassistischen Inhalt haben<\/p>\n<p><a href=\"http:\/\/www.ruhrbarone.de\/waldorfschule-%E2%80%9Eman-kann-nicht-nur-ein-%C2%BBbisschen%C2%AB-waldorf-sein%E2%80%9C\/\" target=\"_blank\"><strong>Waldorfschule: \u00e2\u20ac\u017eMan kann nicht nur ein \u00bbbisschen\u00ab Waldorf sein\u00e2\u20ac\u0153<\/strong><\/a>,<strong> <\/strong>Interview mit Prof. Dr. Stefan T. Hopmann, Bildungswissenschaftler an der Universit\u00e4t Wien<\/p>\n<p><span class=\"Apple-style-span\" style=\"font-family: Verdana,Arial,Helvetica,sans-serif; color: #262722; font-size: 13px; line-height: 18px;\"><br \/>\n<\/span><\/p>\n","protected":false},"excerpt":{"rendered":"<p>Dr. Detlef Hardorp, bildungspolitischer Sprecher der Waldorfschulen in Berlin-Brandenburg, behauptet, dass sich Rudolf Steiner f\u00fcr eine multikulturelle Gesellschaft engagiert habe. Von Andreas Lichte. Andreas Lichte ist ausgebildeter Waldorflehrer und Grafiker, &hellip; <a href=\"https:\/\/www.schiebener.net\/wordpress\/waldorfschulen-und-rudolf-steiner-rassismus-zu-multikulti\/\" class=\"more-link\"><span class=\"screen-reader-text\">\u201eWaldorfschulen und Rudolf Steiner: Rassismus zu Multikulti umdeuten?\u201c <\/span>weiterlesen<\/a><\/p>\n","protected":false},"author":18,"featured_media":0,"comment_status":"open","ping_status":"open","sticky":false,"template":"","format":"standard","meta":{"footnotes":""},"categories":[5,46,49],"tags":[2958,1858,398],"class_list":["post-13619","post","type-post","status-publish","format-standard","hentry","category-naturwissenschaft","category-philosophie","category-religion","tag-dr-detlef-hardorp","tag-rudolf-steiner","tag-waldorfschulen"],"_links":{"self":[{"href":"https:\/\/www.schiebener.net\/wordpress\/wp-json\/wp\/v2\/posts\/13619","targetHints":{"allow":["GET"]}}],"collection":[{"href":"https:\/\/www.schiebener.net\/wordpress\/wp-json\/wp\/v2\/posts"}],"about":[{"href":"https:\/\/www.schiebener.net\/wordpress\/wp-json\/wp\/v2\/types\/post"}],"author":[{"embeddable":true,"href":"https:\/\/www.schiebener.net\/wordpress\/wp-json\/wp\/v2\/users\/18"}],"replies":[{"embeddable":true,"href":"https:\/\/www.schiebener.net\/wordpress\/wp-json\/wp\/v2\/comments?post=13619"}],"version-history":[{"count":0,"href":"https:\/\/www.schiebener.net\/wordpress\/wp-json\/wp\/v2\/posts\/13619\/revisions"}],"wp:attachment":[{"href":"https:\/\/www.schiebener.net\/wordpress\/wp-json\/wp\/v2\/media?parent=13619"}],"wp:term":[{"taxonomy":"category","embeddable":true,"href":"https:\/\/www.schiebener.net\/wordpress\/wp-json\/wp\/v2\/categories?post=13619"},{"taxonomy":"post_tag","embeddable":true,"href":"https:\/\/www.schiebener.net\/wordpress\/wp-json\/wp\/v2\/tags?post=13619"}],"curies":[{"name":"wp","href":"https:\/\/api.w.org\/{rel}","templated":true}]}}