{"id":1355,"date":"2008-12-04T16:29:41","date_gmt":"2008-12-04T15:29:41","guid":{"rendered":"http:\/\/www.schiebener.net\/wordpress\/?p=1355"},"modified":"2008-12-04T16:29:41","modified_gmt":"2008-12-04T15:29:41","slug":"peter-maiwald-ist-tot","status":"publish","type":"post","link":"https:\/\/www.schiebener.net\/wordpress\/peter-maiwald-ist-tot\/","title":{"rendered":"Peter Maiwald ist tot"},"content":{"rendered":"<p>Auf dem R\u00fcckweg von der Arbeit im Radio aufgeschnappt. Ich wei\u00df nicht mehr, ob <a href=\"http:\/\/www.dradio.de\/dkultur\/\" target=\"_blank\">DRadio Kultur<\/a> oder <a href=\"http:\/\/www.wdr5.de\" target=\"_blank\">WDR5<\/a>:<\/p>\n<p>Der Dichter <a href=\"http:\/\/www.spiegel.de\/kultur\/literatur\/0,1518,594459,00.html\" target=\"_blank\">Peter Maiwald ist im Alter von 62 Jahren <\/a>am vergangenen Montag in D\u00fcsseldorf gestorben. Der Lyriker wurde Mitte der 1980er Jahre mit seinem Gedichtband \u00e2\u20ac\u017eBalladen von Samstag auf Sonntag\u00e2\u20ac\u0153 bekannt. Er galt als Dichter mit einem guten Gef\u00fchl f\u00fcr die Sprache und Themen des Volkes. Maiwald schrieb au\u00dfer Gedichten auch Kurzprosa, H\u00f6rspiele, Reportagen und Texte f\u00fcrs Kabarett. Seit 1985 lebte er in D\u00fcsseldorf.<\/p>\n<p>Maiwald arbeitete bei der &#8222;<a href=\"http:\/\/www.zeit.de\/1988\/29\/Ende-der-Debatte\" target=\"_blank\">D\u00fcsseldorfer Debatte<\/a>&#8220; mit und wurde 1984 als &#8222;Abweichler&#8220; aus der DKP ausgeschlossen. Von Marcel Reich-Ranicki wurde Peter Maiwald f\u00fcr seine &#8222;Balladen von Samstag auf Sonntag&#8220; hoch gelobt. Von diesem Lob hat sich Maiwald allerdings nie mehr &#8222;erholt&#8220;. F\u00fcr die gro\u00dfe \u00d6ffentlichkeit fiel er dem Vergessen anheim.<\/p>\n<p>Mehr f\u00e4llt mir momentan, so zwischen T\u00fcr und Angel, nicht ein.<\/p>\n<p>Wer wei\u00df mehr als Spiegel und FAZ? Wer hat Erinnerungen an die &#8222;D\u00fcsseldorfer Debatte&#8220;?<\/p>\n","protected":false},"excerpt":{"rendered":"<p>Auf dem R\u00fcckweg von der Arbeit im Radio aufgeschnappt. Ich wei\u00df nicht mehr, ob DRadio Kultur oder WDR5: Der Dichter Peter Maiwald ist im Alter von 62 Jahren am vergangenen &hellip; <a href=\"https:\/\/www.schiebener.net\/wordpress\/peter-maiwald-ist-tot\/\" class=\"more-link\"><span class=\"screen-reader-text\">\u201ePeter Maiwald ist tot\u201c <\/span>weiterlesen<\/a><\/p>\n","protected":false},"author":3,"featured_media":0,"comment_status":"open","ping_status":"open","sticky":false,"template":"","format":"standard","meta":{"footnotes":""},"categories":[218,6,24],"tags":[282,281],"class_list":["post-1355","post","type-post","status-publish","format-standard","hentry","category-bucher","category-kalenderblatt","category-politik","tag-dusseldorfer-debatte","tag-peter-maiwald"],"_links":{"self":[{"href":"https:\/\/www.schiebener.net\/wordpress\/wp-json\/wp\/v2\/posts\/1355","targetHints":{"allow":["GET"]}}],"collection":[{"href":"https:\/\/www.schiebener.net\/wordpress\/wp-json\/wp\/v2\/posts"}],"about":[{"href":"https:\/\/www.schiebener.net\/wordpress\/wp-json\/wp\/v2\/types\/post"}],"author":[{"embeddable":true,"href":"https:\/\/www.schiebener.net\/wordpress\/wp-json\/wp\/v2\/users\/3"}],"replies":[{"embeddable":true,"href":"https:\/\/www.schiebener.net\/wordpress\/wp-json\/wp\/v2\/comments?post=1355"}],"version-history":[{"count":0,"href":"https:\/\/www.schiebener.net\/wordpress\/wp-json\/wp\/v2\/posts\/1355\/revisions"}],"wp:attachment":[{"href":"https:\/\/www.schiebener.net\/wordpress\/wp-json\/wp\/v2\/media?parent=1355"}],"wp:term":[{"taxonomy":"category","embeddable":true,"href":"https:\/\/www.schiebener.net\/wordpress\/wp-json\/wp\/v2\/categories?post=1355"},{"taxonomy":"post_tag","embeddable":true,"href":"https:\/\/www.schiebener.net\/wordpress\/wp-json\/wp\/v2\/tags?post=1355"}],"curies":[{"name":"wp","href":"https:\/\/api.w.org\/{rel}","templated":true}]}}