{"id":13535,"date":"2011-08-27T17:26:21","date_gmt":"2011-08-27T16:26:21","guid":{"rendered":"http:\/\/www.schiebener.net\/wordpress\/?p=13535"},"modified":"2011-08-27T17:46:47","modified_gmt":"2011-08-27T16:46:47","slug":"das-gluck-mancher-eltern-in-sundern-das-tatsachlich-beitragsfreie-kita-jahr","status":"publish","type":"post","link":"https:\/\/www.schiebener.net\/wordpress\/das-gluck-mancher-eltern-in-sundern-das-tatsachlich-beitragsfreie-kita-jahr\/","title":{"rendered":"Das Gl\u00fcck mancher Eltern in Sundern: Das tats\u00e4chlich beitragsfreie Kita-Jahr"},"content":{"rendered":"<p><strong>Im folgenden Text geht es in erster Linie um b\u00fcrokratische Entscheidungen und um den \u00e2\u20ac\u017ekleinen Unterschied\u00e2\u20ac\u0153 bei der Beitragsfreiheit im letzten Kindergartenjahr. Die Regelung im Hochsauerlandkreis ist nur mit einer Ausnahme im Sinne des Erfinders.<\/strong><\/p>\n<p>Die Politik feiert(e). Sie feiert(e) die Verabschiedung des Gesetzes:<\/p>\n<p>&#8222;Letztes <a href=\"http:\/\/www.mfkjks.nrw.de\/presse\/bildung-soll-grundsaetzlich-beitragsfrei-sein-10131\/\" target=\"_blank\">Kindergartenjahr in NRW ist beitragsfrei<\/a>\u00e2\u20ac\u0153! Die Neuregelung gilt ab dem 01.08.2011.<\/p>\n<p>\u00e2\u20ac\u017eSuper!\u00e2\u20ac\u0153 dachten sich auch viele Eltern. \u00e2\u20ac\u017eUnser knappes Haushaltsbudget wird jetzt etwas entlastet!\u00e2\u20ac\u0153 Leider mussten ganz schnell manche Eltern feststellen, das war <a href=\"http:\/\/www.ksta.de\/html\/artikel\/1314393932261.shtml\" target=\"_blank\">ein \u00e2\u20ac\u017eFall von Denkste\u00e2\u20ac\u0153.<\/a><\/p>\n<p>M\u00fctter und V\u00e4ter im Hochsauerlandkreis sind durch das Gesetz \u00e2\u20ac\u017egekniffen\u00e2\u20ac\u0153. Und zwar die, die mehr als ein Kind haben. Warum? Weil der Hochsauerlandkreis als Jugendhilfetr\u00e4ger \u00e2\u20ac\u201cvorsorglich- bereits vor Verabschiedung des Gesetzes eine Satzung ge\u00e4ndert hat. Am 01.07. 2011 entschied der Kreistag, dem Beschlussvorschlag der Verwaltung zu folgen, und ab 01.08.2011 die Beitragsbefreiung des 1. Geschwisterkindes (f\u00fcr den Besuch von Tageseinrichtungen, Tagespflegestellen oder Ganztagsschulen) aufzuheben.<\/p>\n<p>Das gut gemeinte Gesetz der rot-gr\u00fcnen Landesregierung wird somit also konterkariert.<\/p>\n<p>Auf telefonische Nachfrage der Sauerl\u00e4nder B\u00fcrgerliste (SBL) beim zust\u00e4ndigen Ministerium in D\u00fcsseldorf hie\u00df es, das Vorgehen des HSK und anderer Jugendhilfetr\u00e4ger sei nicht im Sinne der Landesregierung. Leider h\u00e4tten Regierung und Ministerium darauf aber keinen Einfluss.<\/p>\n<p>Und das, obwohl der Hochsauerlandkreis vom Land eine Ausgleichszahlung f\u00fcr die Kosten des beitragsfreien Kindergartenjahres erhalten wird. Laut Auskunft des Ministeriums entscheiden die Kommunalen Spitzenverb\u00e4nde in K\u00fcrze\u00a0 \u00fcber die H\u00f6he der Zahlung. Derzeit erhielten die Jugendhilfetr\u00e4ger bereits Abschlagzahlungen. Kann es also sein, dass der HSK Dank des beitragsfreien letzten Kita-Jahr sogar Plus machen wird? Er vereinnahmt ja schlie\u00dflich die Ausgleichszahlungen des Landes plus Elternbeitr\u00e4ge f\u00fcr das bisher beitragsfreie erste Geschwisterkind. Warten wir mal ab, wie hoch die Ausgleichszahlung letztendlich ausfallen wird?! Das Kreisjugendamt hat dem Kreistag offensichtlich eine falsche Entscheidungsgrundlage geliefert. In der Beschlussvorlage f\u00fcr die Kreistagssitzung am 01.07.2011 steht:<\/p>\n<p>\u00e2\u20ac\u0153Angesichts der erheblichen finanziellen Mehrbelastung durch das KiBiz empfiehlt die Verwaltung, von einer doppelten Elternbeitragsbefreiung abzusehen und den Satzungstext neu zu formulieren.\u00e2\u20ac\u009d<\/p>\n<p>\u00dcbrigens, die St\u00e4dte Arnsberg, Schmallenberg und Sundern, die eigene Jugend\u00e4mter haben, agieren bei den Geschwisterbeitr\u00e4gen unterschiedlich. Arnsberg verf\u00e4hrt wie der Hochsauerlandkreis, und Schmallenberg wartet, laut Auskunft eines Mitarbeiters, auf das Votum des n\u00e4chsten Jugendhilfeausschusses. Gl\u00fcck haben die Eltern in Sundern. Die Stadt hat die Satzung bzgl. der Geschwisterkinder nicht ge\u00e4ndert. Dort gibt es also in vielen F\u00e4llen die \u00e2\u20ac\u017edoppelte Elternbefreiung\u00e2\u20ac\u0153 und damit ein wirkliches Plus in der Haushaltskasse so mancher Familie mit kleinen Kindern!<\/p>\n","protected":false},"excerpt":{"rendered":"<p>Im folgenden Text geht es in erster Linie um b\u00fcrokratische Entscheidungen und um den \u00e2\u20ac\u017ekleinen Unterschied\u00e2\u20ac\u0153 bei der Beitragsfreiheit im letzten Kindergartenjahr. Die Regelung im Hochsauerlandkreis ist nur mit einer &hellip; <a href=\"https:\/\/www.schiebener.net\/wordpress\/das-gluck-mancher-eltern-in-sundern-das-tatsachlich-beitragsfreie-kita-jahr\/\" class=\"more-link\"><span class=\"screen-reader-text\">\u201eDas Gl\u00fcck mancher Eltern in Sundern: Das tats\u00e4chlich beitragsfreie Kita-Jahr\u201c <\/span>weiterlesen<\/a><\/p>\n","protected":false},"author":25,"featured_media":0,"comment_status":"open","ping_status":"open","sticky":false,"template":"","format":"standard","meta":{"footnotes":""},"categories":[1,80,24],"tags":[835,494,227,294],"class_list":["post-13535","post","type-post","status-publish","format-standard","hentry","category-allgemein","category-lokales","category-politik","tag-hochsauerlandkreis","tag-kreistag-meschede","tag-sauerlander-burgerliste","tag-sbl"],"_links":{"self":[{"href":"https:\/\/www.schiebener.net\/wordpress\/wp-json\/wp\/v2\/posts\/13535","targetHints":{"allow":["GET"]}}],"collection":[{"href":"https:\/\/www.schiebener.net\/wordpress\/wp-json\/wp\/v2\/posts"}],"about":[{"href":"https:\/\/www.schiebener.net\/wordpress\/wp-json\/wp\/v2\/types\/post"}],"author":[{"embeddable":true,"href":"https:\/\/www.schiebener.net\/wordpress\/wp-json\/wp\/v2\/users\/25"}],"replies":[{"embeddable":true,"href":"https:\/\/www.schiebener.net\/wordpress\/wp-json\/wp\/v2\/comments?post=13535"}],"version-history":[{"count":0,"href":"https:\/\/www.schiebener.net\/wordpress\/wp-json\/wp\/v2\/posts\/13535\/revisions"}],"wp:attachment":[{"href":"https:\/\/www.schiebener.net\/wordpress\/wp-json\/wp\/v2\/media?parent=13535"}],"wp:term":[{"taxonomy":"category","embeddable":true,"href":"https:\/\/www.schiebener.net\/wordpress\/wp-json\/wp\/v2\/categories?post=13535"},{"taxonomy":"post_tag","embeddable":true,"href":"https:\/\/www.schiebener.net\/wordpress\/wp-json\/wp\/v2\/tags?post=13535"}],"curies":[{"name":"wp","href":"https:\/\/api.w.org\/{rel}","templated":true}]}}