{"id":13514,"date":"2011-08-26T12:50:49","date_gmt":"2011-08-26T11:50:49","guid":{"rendered":"http:\/\/www.schiebener.net\/wordpress\/?p=13514"},"modified":"2011-08-26T12:51:12","modified_gmt":"2011-08-26T11:51:12","slug":"rennstrecke-nuttlar-schwerer-unfall-mit-funf-verletzten","status":"publish","type":"post","link":"https:\/\/www.schiebener.net\/wordpress\/rennstrecke-nuttlar-schwerer-unfall-mit-funf-verletzten\/","title":{"rendered":"&#8222;Rennstrecke&#8220; Nuttlar: Schwerer Unfall mit f\u00fcnf Verletzten"},"content":{"rendered":"<figure id=\"attachment_13515\" aria-describedby=\"caption-attachment-13515\" style=\"width: 242px\" class=\"wp-caption alignleft\"><a href=\"http:\/\/www.schiebener.net\/wordpress\/wp-content\/uploads\/2011\/08\/unfall_rennstrecke_25082011.jpg\" target=\"_blank\"><img loading=\"lazy\" decoding=\"async\" class=\"size-full wp-image-13515  \" title=\"unfall_rennstrecke_25082011\" src=\"http:\/\/www.schiebener.net\/wordpress\/wp-content\/uploads\/2011\/08\/unfall_rennstrecke_25082011.jpg\" alt=\"unfall_rennstrecke_25082011\" width=\"242\" height=\"182\" \/><\/a><figcaption id=\"caption-attachment-13515\" class=\"wp-caption-text\">Unfall auf der Nuttlarer Rennstrecke (foto: polizeibericht)<\/figcaption><\/figure>\n<p><strong>Bestwig.  (<a href=\"http:\/\/www.presseportal.de\/polizeipresse\/pm\/65847\/2101624\/pol-hsk-schwerer-unfall-mit-fuenf-verletzten-bei-nuttlar\" target=\"_blank\">polizeimeldung<\/a>) F\u00fcnf Verletzte und 58.000 Euro Sachschaden sind die Bilanz eines Verkehrsunfalls, der sich am fr\u00fchen Donnerstagabend auf der Landstra\u00dfe 776, der so genannten &#8222;Rennstrecke&#8220; bei Nuttlar ereignete. <\/strong><\/p>\n<p>Ein 22-j\u00e4hriger Autofahrer aus Bestwig verlor auf der absch\u00fcssigen Strecke in Fahrtrichtung Nuttlar vor einer Linkskurve die Kontrolle \u00fcber seinen Wagen.<\/p>\n<p>Er kam zun\u00e4chst leicht nach rechts von der Fahrbahn ab, geriet dann in der Linkskurve in den Gegenverkehr und stie\u00df dort mit dem entgegenkommenden Auto eines 50-J\u00e4hrigen aus Meschede zusammen. Der Mescheder wollte noch nach rechts ausweichen, prallte dabei aber in die Leitplanke. Ein hinter dem 50-J\u00e4hrigen fahrender, 41-j\u00e4hriger Rennradfahrer aus Wickede fuhr in den pl\u00f6tzlich stehenden Wagen.<\/p>\n<p>Bei dem Zusammensto\u00df der beiden Pkw riss die Fahrert\u00fcr des Wagens des Unfallverursachers ab, schleuderte \u00fcber den Wagen des Mescheders und den Radfahrer hinweg und traf den nachfolgenden Pkw eines 52-j\u00e4hrigen Warsteiners. Der Unfallverursacher und der Radfahrer wurden schwer, seine zwei 21 und 23 Jahre alten Mitfahrer aus Bestwig und der 50-J\u00e4hrige aus Meschede leicht verletzt.<\/p>\n<p>Die Verletzten kamen mit Rettungswagen in umliegende Krankenh\u00e4user. An den beiden zusammengesto\u00dfenen Fahrzeugen entstand Totalschaden. Die Landstra\u00dfe 776 musste f\u00fcr zwei Stunden voll gesperrt werden. Die Polizei leitete den Verkehr ab.<\/p>\n","protected":false},"excerpt":{"rendered":"<p>Bestwig. (polizeimeldung) F\u00fcnf Verletzte und 58.000 Euro Sachschaden sind die Bilanz eines Verkehrsunfalls, der sich am fr\u00fchen Donnerstagabend auf der Landstra\u00dfe 776, der so genannten &#8222;Rennstrecke&#8220; bei Nuttlar ereignete. Ein &hellip; <a href=\"https:\/\/www.schiebener.net\/wordpress\/rennstrecke-nuttlar-schwerer-unfall-mit-funf-verletzten\/\" class=\"more-link\"><span class=\"screen-reader-text\">\u201e&#8222;Rennstrecke&#8220; Nuttlar: Schwerer Unfall mit f\u00fcnf Verletzten\u201c <\/span>weiterlesen<\/a><\/p>\n","protected":false},"author":17,"featured_media":0,"comment_status":"open","ping_status":"open","sticky":false,"template":"","format":"standard","meta":{"footnotes":""},"categories":[80,2181,1043,618],"tags":[91,2939],"class_list":["post-13514","post","type-post","status-publish","format-standard","hentry","category-lokales","category-polizeiberichte","category-pressemitteilungen","category-verkehr","tag-autounfall","tag-nuttlar-rennstrecke"],"_links":{"self":[{"href":"https:\/\/www.schiebener.net\/wordpress\/wp-json\/wp\/v2\/posts\/13514","targetHints":{"allow":["GET"]}}],"collection":[{"href":"https:\/\/www.schiebener.net\/wordpress\/wp-json\/wp\/v2\/posts"}],"about":[{"href":"https:\/\/www.schiebener.net\/wordpress\/wp-json\/wp\/v2\/types\/post"}],"author":[{"embeddable":true,"href":"https:\/\/www.schiebener.net\/wordpress\/wp-json\/wp\/v2\/users\/17"}],"replies":[{"embeddable":true,"href":"https:\/\/www.schiebener.net\/wordpress\/wp-json\/wp\/v2\/comments?post=13514"}],"version-history":[{"count":0,"href":"https:\/\/www.schiebener.net\/wordpress\/wp-json\/wp\/v2\/posts\/13514\/revisions"}],"wp:attachment":[{"href":"https:\/\/www.schiebener.net\/wordpress\/wp-json\/wp\/v2\/media?parent=13514"}],"wp:term":[{"taxonomy":"category","embeddable":true,"href":"https:\/\/www.schiebener.net\/wordpress\/wp-json\/wp\/v2\/categories?post=13514"},{"taxonomy":"post_tag","embeddable":true,"href":"https:\/\/www.schiebener.net\/wordpress\/wp-json\/wp\/v2\/tags?post=13514"}],"curies":[{"name":"wp","href":"https:\/\/api.w.org\/{rel}","templated":true}]}}