{"id":13351,"date":"2011-08-05T20:26:00","date_gmt":"2011-08-05T19:26:00","guid":{"rendered":"http:\/\/www.schiebener.net\/wordpress\/?p=13351"},"modified":"2011-08-05T20:26:00","modified_gmt":"2011-08-05T19:26:00","slug":"sachbeschadigung-als-%e2%80%9enationaler-widerstand%e2%80%9c-neonazis-beschadigen-fahrzeug-eines-piratenpartei-aktivisten","status":"publish","type":"post","link":"https:\/\/www.schiebener.net\/wordpress\/sachbeschadigung-als-%e2%80%9enationaler-widerstand%e2%80%9c-neonazis-beschadigen-fahrzeug-eines-piratenpartei-aktivisten\/","title":{"rendered":"Sachbesch\u00e4digung als \u00e2\u20ac\u017eNationaler Widerstand\u00e2\u20ac\u0153 Neonazis besch\u00e4digen Fahrzeug eines Piratenpartei-Aktivisten"},"content":{"rendered":"<p><strong>Dortmund. (pressemeldung) In der Nacht auf Freitag, den 29. Juli haben Unbekannte einem Mitglied der Piratenpartei im Dortmunder Stadtteil Brackel die Autoreifen zerstochen und den Wagen mit Hakenkreuzen und dem Schriftzug \u00e2\u20ac\u017eNW DO\u00e2\u20ac\u0153 bespr\u00fcht.<\/strong><\/p>\n<p>Die Abk\u00fcrzung steht wahrscheinlich f\u00fcr \u00e2\u20ac\u017eNationaler Widerstand Dortmund\u00e2\u20ac\u0153. Der entstandene Sachschaden bel\u00e4uft sich auf mehrere hundert Euro, Personen wurden nicht verletzt. Auf eine fr\u00fchere Ver\u00f6ffentlichung hat die Piratenpartei aus R\u00fccksicht auf die laufenden Ermittlungen verzichtet.<\/p>\n<p>Der Name, die Anschrift und ein Foto des Dortmunder Piraten wurden vor einigen Wochen auf einer rechtsextremen Website aufgef\u00fchrt. Deren Betreiber hatten bereits mehrfach Gegner des rechten Spektrums unter Nennung der vollst\u00e4ndigen\u00a0 Adressdaten ver\u00f6ffentlicht.<\/p>\n<p>Das Internet-Angebot ist inzwischen nicht mehr erreichbar, da der zugeh\u00f6rige Server bereits im Rahmen eines anderen Ermittlungsverfahrens beschlagnahmt wurde. Zum Stand der Auswertung der sichergestellten Daten liegen der Piratenpartei derzeit keine Informationen vor.<\/p>\n<p>\u00e2\u20ac\u017eDas Attentat in Norwegen und die Vorbereitungen auf die j\u00e4hrlich stattfindende gro\u00dfe Naziprovokationdemonstration in Dortmund geben den Nazis R\u00fcckenwind\u00e2\u20ac\u0153, \u00e4u\u00dfert sich der Betroffene zum Hintergrund der Tat und kritisiert die Spitzen der Beh\u00f6rden: \u00e2\u20ac\u017eHinzu kommen die Aussage des &#8217;sozialdemokratischen&#8216; Polizeipr\u00e4sidenten Schulz, Dortmund habe kein Naziproblem, und die recht entspannte Herangehensweise der Staatsanwaltschaft an die Strafverfolgung bekannter T\u00e4ter.\u00e2\u20ac\u0153<\/p>\n<p>Diese Haltung unterstellen die Dortmunder Piraten aber keinesfalls den gesamten Ermittlungsbeh\u00f6rden. \u00a0Mit denen werden sie sich auch in Verbindung setzen, um die M\u00f6glichkeiten von Straf- und Zivilklagen zu kl\u00e4ren.<\/p>\n<p>Die Nacht auf Freitag stellt einen H\u00f6hepunkt der kriminellen Aktivit\u00e4ten der<br \/>\nsogenannten \u00e2\u20ac\u017eAutonomen Nationalisten\u00e2\u20ac\u0153 dar. An mindestens zwei anderen Stellen in Dortmund wurden Autos besch\u00e4digt und Parolen an H\u00e4user gespr\u00fcht.<\/p>\n<p>Ebenso wurden in Bochum-Hamme mindestens 13 H\u00e4user mit Hakenkreuze bespr\u00fcht [1]. Gleichzeitig fand der \u00dcberfall mit Baseballschl\u00e4gern auf junge Linke statt [2] [3].<\/p>\n<p>Aber auch in den vorigen N\u00e4chten wurden derartige Angriffe durchgef\u00fchrt [4].<\/p>\n<p>Die Piraten lehnen totalit\u00e4re, diktatorische und faschistische Bestrebungen<br \/>\njeder Art entschieden ab und werden weiteren Einsch\u00fcchterungsversuchen mit allen legalen Mitteln begegnen.<\/p>\n<p>* Quellen:<br \/>\n* [1] Polizeibericht Bochum<br \/>\n<a class=\"ulink\" href=\"http:\/\/www.presseportal.de\/polizeipresse\/pm\/11530\/2086330\/pol-bo-bochum-hakenkreuze-an-hauswaende-geschmiert-zeugen-gesucht%3Cbr%20\/%3E\" target=\"_blank\">http:\/\/www.presseportal.de\/polizeipresse\/pm\/11530\/2086330\/pol-bo-bochum-hakenkreuze-an-hauswaende-geschmiert-zeugen-gesucht <\/a><br \/>\n* [2] Der Westen,<br \/>\n<a class=\"ulink\" href=\"http:\/\/www.derwesten.de\/staedte\/dortmund\/Bewaffnete-Rechte-ueberfielen-Linke-und-Anti-Nazi-Plakate-in-Dortmund-Wellinghofen-id4917490.html%3Cbr%20\/%3E\" target=\"_blank\">http:\/\/www.derwesten.de\/staedte\/dortmund\/Bewaffnete-Rechte-ueberfielen-Linke-und-Anti-Nazi-Plakate-in-Dortmund-Wellinghofen-id4917490.html <\/a><br \/>\n* [3] Ruhrnachrichten<br \/>\n<a class=\"ulink\" href=\"http:\/\/www.ruhrnachrichten.de\/lokales\/dortmund\/sueden\/Bewaffnete-Rechtsextreme-ueberfallen-Gruppe-von-Linken;art2575,1361784%3Cbr%20\/%3E\" target=\"_blank\">http:\/\/www.ruhrnachrichten.de\/lokales\/dortmund\/sueden\/Bewaffnete-Rechtsextreme-ueberfallen-Gruppe-von-Linken;art2575,1361784 <\/a><br \/>\n* [4] Der Westen<br \/>\n<a class=\"ulink\" href=\"http:\/\/www.derwesten.de\/staedte\/dortmund\/Rechtsradikale-Anschlaege-auf-Antifaschisten-und-Protest-vor-Nazi-Demo-in-Dortmund-id4905109.html%3Cbr%20\/%3E\" target=\"_blank\">http:\/\/www.derwesten.de\/staedte\/dortmund\/Rechtsradikale-Anschlaege-auf-Antifaschisten-und-Protest-vor-Nazi-Demo-in-Dortmund-id4905109.html <\/a><\/p>\n","protected":false},"excerpt":{"rendered":"<p>Dortmund. (pressemeldung) In der Nacht auf Freitag, den 29. Juli haben Unbekannte einem Mitglied der Piratenpartei im Dortmunder Stadtteil Brackel die Autoreifen zerstochen und den Wagen mit Hakenkreuzen und dem &hellip; <a href=\"https:\/\/www.schiebener.net\/wordpress\/sachbeschadigung-als-%e2%80%9enationaler-widerstand%e2%80%9c-neonazis-beschadigen-fahrzeug-eines-piratenpartei-aktivisten\/\" class=\"more-link\"><span class=\"screen-reader-text\">\u201eSachbesch\u00e4digung als \u00e2\u20ac\u017eNationaler Widerstand\u00e2\u20ac\u0153 Neonazis besch\u00e4digen Fahrzeug eines Piratenpartei-Aktivisten\u201c <\/span>weiterlesen<\/a><\/p>\n","protected":false},"author":3,"featured_media":0,"comment_status":"open","ping_status":"open","sticky":false,"template":"","format":"standard","meta":{"footnotes":""},"categories":[303,24,1043],"tags":[404,512,561],"class_list":["post-13351","post","type-post","status-publish","format-standard","hentry","category-in-unserem-briefkasten","category-politik","category-pressemitteilungen","tag-dortmund","tag-neonazis","tag-piraten"],"_links":{"self":[{"href":"https:\/\/www.schiebener.net\/wordpress\/wp-json\/wp\/v2\/posts\/13351","targetHints":{"allow":["GET"]}}],"collection":[{"href":"https:\/\/www.schiebener.net\/wordpress\/wp-json\/wp\/v2\/posts"}],"about":[{"href":"https:\/\/www.schiebener.net\/wordpress\/wp-json\/wp\/v2\/types\/post"}],"author":[{"embeddable":true,"href":"https:\/\/www.schiebener.net\/wordpress\/wp-json\/wp\/v2\/users\/3"}],"replies":[{"embeddable":true,"href":"https:\/\/www.schiebener.net\/wordpress\/wp-json\/wp\/v2\/comments?post=13351"}],"version-history":[{"count":0,"href":"https:\/\/www.schiebener.net\/wordpress\/wp-json\/wp\/v2\/posts\/13351\/revisions"}],"wp:attachment":[{"href":"https:\/\/www.schiebener.net\/wordpress\/wp-json\/wp\/v2\/media?parent=13351"}],"wp:term":[{"taxonomy":"category","embeddable":true,"href":"https:\/\/www.schiebener.net\/wordpress\/wp-json\/wp\/v2\/categories?post=13351"},{"taxonomy":"post_tag","embeddable":true,"href":"https:\/\/www.schiebener.net\/wordpress\/wp-json\/wp\/v2\/tags?post=13351"}],"curies":[{"name":"wp","href":"https:\/\/api.w.org\/{rel}","templated":true}]}}