{"id":13229,"date":"2011-07-25T20:24:28","date_gmt":"2011-07-25T19:24:28","guid":{"rendered":"http:\/\/www.schiebener.net\/wordpress\/?p=13229"},"modified":"2013-06-10T10:17:56","modified_gmt":"2013-06-10T08:17:56","slug":"ich-bin-voller-hass-und-das-liebe-ich-ein-buch-zum-thema","status":"publish","type":"post","link":"https:\/\/www.schiebener.net\/wordpress\/ich-bin-voller-hass-und-das-liebe-ich-ein-buch-zum-thema\/","title":{"rendered":"&#8222;Ich bin voller Hass &#8211; und das liebe ich&#8220;  Ein Buch zum Thema"},"content":{"rendered":"<figure id=\"attachment_13228\" aria-describedby=\"caption-attachment-13228\" style=\"width: 80px\" class=\"wp-caption alignleft\"><img loading=\"lazy\" decoding=\"async\" class=\"size-full wp-image-13228 \" alt=\"ich-bin-voller-hass\" src=\"http:\/\/www.schiebener.net\/wordpress\/wp-content\/uploads\/2011\/07\/ich-bin-voller-hass.jpg\" width=\"80\" height=\"139\" \/><figcaption id=\"caption-attachment-13228\" class=\"wp-caption-text\">Eichborn Verlag, Berlin 2009<\/figcaption><\/figure>\n<p><strong>Eric Harris (18) und Dylan Klebold (17) richteten am 20. April 1999 in der Columbine High School in Littleton, Colorado ein Blutbad an. Sie t\u00f6teten 12 Sch\u00fcler und einen Lehrer. Anschlie\u00dfend erschossen sie sich selbst. Sie w\u00e4hlten den Jahrestag von Hitlers Geburtstag.<\/strong><\/p>\n<p>Die Amerikanische Justiz hat Dokumente wie Videoaufnahmen, Schulaufs\u00e4tze, Eintr\u00e4ge im Internet und Tagebuchaufzeichnungen der M\u00f6rder sowie die Vernehmungsprotokolle zug\u00e4nglich gemacht.<\/p>\n<p>Joachim Gaertner hat diese Dokumente ausgewertet, \u00fcbersetzt und sie in dem Dokumentarischen Roman <em>Ich bin voller Hass &#8211; und das liebe ich. Aus den Original-Dokumenten zum Massaker an der Columbine Highschool <\/em>verarbeitet.<\/p>\n<p>Die Dokumente zeichnen ein Bild von zwei widerspr\u00fcchlichen, von Gewalt, Waffen und Mord faszinierten jungen M\u00e4nnern, selber ausgegrenzt und gleichzeitig rassistisch. Erschreckend sind die immer wieder formulierten T\u00f6tungsfantasien und im Gegensatz dazu die &#8222;politisch korrekten&#8220; und meist gut bis sehr gut benoteten Aufs\u00e4tze und Essays.<\/p>\n<p>Im ersten Auszug beschreibt Eric Harris sein mangelndes Selbstbewusstsein, seine Unsicherheit gegen\u00fcber Frauen und gleichzeitig seine Bewunderung f\u00fcr den Nationalsozialistischen Staat. Im zweiten hier abgedruckten Text problematisiert der Sheriff von Jefferson County die widerspr\u00fcchliche Rolle von Medien und Polizei.<\/p>\n<p>Eric Harris, Journal, 17.11.1998, (S. 143)<\/p>\n<blockquote><p>Ich habe immer gehasst, wie ich aussehe. Ich mache mich \u00fcber Leute lustig, die aussehen wie ich, manchmal ohne dr\u00fcber nachzudenken, manchmal nur, um mich selbst schlecht zu machen. Daher kommt ein gro\u00dfer Teil meines Hasses, dass ich praktisch kein Selbstbewusstsein habe, speziell was M\u00e4dchen und Aussehen und so was betrifft.<br \/>\nHASS! Ich bin voller Hass &#8211; und das liebe ich!!<br \/>\nICH HASSE MENSCHEN, und sie h\u00e4tten besser Angst vor mir, wenn sie wissen, was gut f\u00fcr sie ist. Yo, ich hasse, und ich nehme an, ich will dass sie es wissen. Ja, ich bin ein Rassist, und ich habe nichts dagegen. Nigger und schei\u00df Latinos sind selber schuld, aber ich bin auch sehr rassistisch gegen\u00fcber White-Trash-Schei\u00dfe. Sie verdienen den Hass.<br \/>\n\u00dcbrigens kann ich nicht genug kriegen von der Swastika, der SS und dem Eisernen Kreuz. Hitler und seine Jungs haben ein paar Mal Schei\u00dfe gebaut, und das hat sie den Krieg gekostet, aber ich liebe, woran sie glaubten und wer sie waren, was sie taten und was sie wollten.<br \/>\nWei\u00dft du was &#8211; vielleicht muss ich einfach mal flachgelegt werden.<\/p><\/blockquote>\n<p>Ted Mink, Sheriff Jefferson County, Interview, 18.10.2006 (S. 174)<\/p>\n<blockquote><p>Die Medien und wir, die Polizei, haben Eric Harris und Dylan Klebold so ber\u00fchmt gemacht. Wir haben sie zu Stars gemacht. Und das war das, was sie immer wollten. Sie haben es sogar selbst in den Videos gesagt. Sie wussten genau, dass sie ber\u00fchmt werden w\u00fcrden. Und was passiert? Die Medien und wir haben sie ber\u00fchmt gemacht.<\/p><\/blockquote>\n<p>Der Autor fragt in seinem Nachwort, ob es sinnvoll ist, &#8222;solche T\u00e4ter-Dokumente&#8220; zu ver\u00f6ffentlichen, sieht jedoch darin die Voraussetzung, um &#8222;im Gestr\u00fcpp dieser Texte (&#8230;) nach Alternativen, nach M\u00f6glichkeiten zu suchen&#8220;.<\/p>\n<p>In diesem Sinne ein empfehlenswertes Buch zu einem leider wieder sehr aktuellen Thema.<\/p>\n","protected":false},"excerpt":{"rendered":"<p>Eric Harris (18) und Dylan Klebold (17) richteten am 20. April 1999 in der Columbine High School in Littleton, Colorado ein Blutbad an. Sie t\u00f6teten 12 Sch\u00fcler und einen Lehrer. &hellip; <a href=\"https:\/\/www.schiebener.net\/wordpress\/ich-bin-voller-hass-und-das-liebe-ich-ein-buch-zum-thema\/\" class=\"more-link\"><span class=\"screen-reader-text\">\u201e&#8222;Ich bin voller Hass &#8211; und das liebe ich&#8220;  Ein Buch zum Thema\u201c <\/span>weiterlesen<\/a><\/p>\n","protected":false},"author":21,"featured_media":0,"comment_status":"open","ping_status":"open","sticky":false,"template":"","format":"standard","meta":{"footnotes":""},"categories":[1,218,32,24],"tags":[2910,2914,2909],"class_list":["post-13229","post","type-post","status-publish","format-standard","hentry","category-allgemein","category-bucher","category-medien","category-politik","tag-attentat","tag-columbine-high-school","tag-oslo"],"_links":{"self":[{"href":"https:\/\/www.schiebener.net\/wordpress\/wp-json\/wp\/v2\/posts\/13229","targetHints":{"allow":["GET"]}}],"collection":[{"href":"https:\/\/www.schiebener.net\/wordpress\/wp-json\/wp\/v2\/posts"}],"about":[{"href":"https:\/\/www.schiebener.net\/wordpress\/wp-json\/wp\/v2\/types\/post"}],"author":[{"embeddable":true,"href":"https:\/\/www.schiebener.net\/wordpress\/wp-json\/wp\/v2\/users\/21"}],"replies":[{"embeddable":true,"href":"https:\/\/www.schiebener.net\/wordpress\/wp-json\/wp\/v2\/comments?post=13229"}],"version-history":[{"count":0,"href":"https:\/\/www.schiebener.net\/wordpress\/wp-json\/wp\/v2\/posts\/13229\/revisions"}],"wp:attachment":[{"href":"https:\/\/www.schiebener.net\/wordpress\/wp-json\/wp\/v2\/media?parent=13229"}],"wp:term":[{"taxonomy":"category","embeddable":true,"href":"https:\/\/www.schiebener.net\/wordpress\/wp-json\/wp\/v2\/categories?post=13229"},{"taxonomy":"post_tag","embeddable":true,"href":"https:\/\/www.schiebener.net\/wordpress\/wp-json\/wp\/v2\/tags?post=13229"}],"curies":[{"name":"wp","href":"https:\/\/api.w.org\/{rel}","templated":true}]}}