{"id":13167,"date":"2011-07-23T22:21:44","date_gmt":"2011-07-23T21:21:44","guid":{"rendered":"http:\/\/www.schiebener.net\/wordpress\/?p=13167"},"modified":"2011-07-23T22:24:18","modified_gmt":"2011-07-23T21:24:18","slug":"anders-b-der-moderne-timothy-mcveigh","status":"publish","type":"post","link":"https:\/\/www.schiebener.net\/wordpress\/anders-b-der-moderne-timothy-mcveigh\/","title":{"rendered":"Anders B., der moderne Timothy McVeigh?"},"content":{"rendered":"<figure id=\"attachment_13171\" aria-describedby=\"caption-attachment-13171\" style=\"width: 258px\" class=\"wp-caption alignleft\"><img loading=\"lazy\" decoding=\"async\" class=\"size-full wp-image-13171   \" src=\"http:\/\/www.schiebener.net\/wordpress\/wp-content\/uploads\/2011\/07\/kristiansand.jpg\" alt=\"Norwegisches Idyll\" width=\"258\" height=\"152\" \/><figcaption id=\"caption-attachment-13171\" class=\"wp-caption-text\">Norwegisches Idyll (archiv: chris)<\/figcaption><\/figure>\n<p><strong>In seinem <a href=\"http:\/\/www.schiebener.net\/wordpress\/?p=13162\" target=\"_blank\">hier verlinkten Artikel<\/a> weist Werner <a href=\"http:\/\/www.jurga.de\/30.html\" target=\"_blank\">Jurga<\/a> auf die Parallelen zwischen Oslo 2011 und Oklahoma City 1993 hin. In beiden F\u00e4llen morden m\u00e4nnliche Staatsb\u00fcrger mit rechtsextremer Gesinnung aus Hass.<\/strong><\/p>\n<p>Der Osloer Tatverd\u00e4chtige Anders B., so berichtet die <a href=\"http:\/\/www.tagesschau.de\/ausland\/oslo146.html\" target=\"_blank\">ARD,<\/a> habe  \u00e2\u20ac\u017enationalistische Gesinnung sowie eine &#8218;antiislamische&#8216; Haltung offenbart. Der Verd\u00e4chtige habe Postings auf einer Webseite f\u00fcr christliche Fundamentalisten ver\u00f6ffentlicht\u00e2\u20ac\u009d.<\/p>\n<p>Timothy McVeigh, der das Regierungsgeb\u00e4ude in Oklahoma City zerst\u00f6rte und dabei 168 Menschen t\u00f6tete, wurde sp\u00e4ter daf\u00fcr hingerichtet.\u00a0 Er sympathisierte ebenfalls mit rechtsextremen und antisemitischen Positionen (Der 9. September stand noch bevor, eine antiislamische Haltung spielte eine noch geringe Rolle).<\/p>\n<p>Dazu kamen bei McVeigh die eher US-typischen Ingredienzien wie Begeisterung f\u00fcr Waffen und\u00a0 Kriegserfahrung. Laut <a href=\"http:\/\/news.bbc.co.uk\/2\/hi\/1321244.stm\">BBC <\/a>hat ihn sein Einsatz im Irakkrieg 1992 gelehrt, seine Gef\u00fchle auszuschalten. Als wichtiger Katalysator f\u00fcr seinen Hass erwies sich sein zunehmender Hass gegen die US-Regierung.<\/p>\n<p>Ihn pr\u00e4gte die Belagerung und anschlie\u00dfende Zerst\u00f6rung des Gel\u00e4ndes der Protestantischen Sekte <a href=\"http:\/\/en.wikipedia.org\/wiki\/Branch_Davidians\" target=\"_blank\">Branch Davidians<\/a> in <a href=\"http:\/\/en.wikipedia.org\/wiki\/Waco_Siege\" target=\"_blank\">Waco<\/a> durch das FBI.\u00a0 Bei dem Sturm auf das Gel\u00e4nde starben 76 Menschen. McVeigh war voller Hass und wollte Rache.<\/p>\n<p>Anders B., der mutma\u00dfliche Attent\u00e4ter von Oslo, ist die moderne, europ\u00e4ische Variante von Timothy McVeigh. Er f\u00fchlt sich\u00a0 von Einwanderern und dem Islam bedroht. Die <a href=\"http:\/\/www.welt.de\/politik\/ausland\/article13503960\/Ein-einsamer-Sonderling-voll-hasserfuellter-Gedanken.html\" target=\"_blank\">WELT am Sonntag <\/a> hat seine Interneteintr\u00e4ge ausgewertet: Anders B. will einen christlichen, national gepr\u00e4gten Staat. &#8220;  Der entscheidende Kampf sei nicht mehr Kapitalismus gegen Kommunismus,  sondern Internationalismus gegen Nationalismus,&#8220; so die Einsch\u00e4tzung des mutma\u00dflichen M\u00f6rders.<\/p>\n<p>Wie t\u00f6dlich die Verquickung von \u00fcbersteigertem Nationalismus, Intoleranz und fundamentalistischer religi\u00f6ser Orientierung sein kann, haben beide Attentate gezeigt.<\/p>\n","protected":false},"excerpt":{"rendered":"<p>In seinem hier verlinkten Artikel weist Werner Jurga auf die Parallelen zwischen Oslo 2011 und Oklahoma City 1993 hin. In beiden F\u00e4llen morden m\u00e4nnliche Staatsb\u00fcrger mit rechtsextremer Gesinnung aus Hass. &hellip; <a href=\"https:\/\/www.schiebener.net\/wordpress\/anders-b-der-moderne-timothy-mcveigh\/\" class=\"more-link\"><span class=\"screen-reader-text\">\u201eAnders B., der moderne Timothy McVeigh?\u201c <\/span>weiterlesen<\/a><\/p>\n","protected":false},"author":21,"featured_media":0,"comment_status":"open","ping_status":"open","sticky":false,"template":"","format":"standard","meta":{"footnotes":""},"categories":[1,319,24,49],"tags":[2910,2911,2909,2912],"class_list":["post-13167","post","type-post","status-publish","format-standard","hentry","category-allgemein","category-geschichte","category-politik","category-religion","tag-attentat","tag-oklahoma","tag-oslo","tag-timothy-mcveigh"],"_links":{"self":[{"href":"https:\/\/www.schiebener.net\/wordpress\/wp-json\/wp\/v2\/posts\/13167","targetHints":{"allow":["GET"]}}],"collection":[{"href":"https:\/\/www.schiebener.net\/wordpress\/wp-json\/wp\/v2\/posts"}],"about":[{"href":"https:\/\/www.schiebener.net\/wordpress\/wp-json\/wp\/v2\/types\/post"}],"author":[{"embeddable":true,"href":"https:\/\/www.schiebener.net\/wordpress\/wp-json\/wp\/v2\/users\/21"}],"replies":[{"embeddable":true,"href":"https:\/\/www.schiebener.net\/wordpress\/wp-json\/wp\/v2\/comments?post=13167"}],"version-history":[{"count":0,"href":"https:\/\/www.schiebener.net\/wordpress\/wp-json\/wp\/v2\/posts\/13167\/revisions"}],"wp:attachment":[{"href":"https:\/\/www.schiebener.net\/wordpress\/wp-json\/wp\/v2\/media?parent=13167"}],"wp:term":[{"taxonomy":"category","embeddable":true,"href":"https:\/\/www.schiebener.net\/wordpress\/wp-json\/wp\/v2\/categories?post=13167"},{"taxonomy":"post_tag","embeddable":true,"href":"https:\/\/www.schiebener.net\/wordpress\/wp-json\/wp\/v2\/tags?post=13167"}],"curies":[{"name":"wp","href":"https:\/\/api.w.org\/{rel}","templated":true}]}}