{"id":13110,"date":"2011-07-19T18:34:51","date_gmt":"2011-07-19T17:34:51","guid":{"rendered":"http:\/\/www.schiebener.net\/wordpress\/?p=13110"},"modified":"2011-07-19T21:45:36","modified_gmt":"2011-07-19T20:45:36","slug":"schulkonsens-in-nrw-ein-sieg-der-cdu","status":"publish","type":"post","link":"https:\/\/www.schiebener.net\/wordpress\/schulkonsens-in-nrw-ein-sieg-der-cdu\/","title":{"rendered":"Schulkonsens in NRW &#8211; Ein Sieg der CDU?"},"content":{"rendered":"<figure id=\"attachment_13120\" aria-describedby=\"caption-attachment-13120\" style=\"width: 314px\" class=\"wp-caption aligncenter\"><img loading=\"lazy\" decoding=\"async\" class=\"size-full wp-image-13120\" src=\"http:\/\/www.schiebener.net\/wordpress\/wp-content\/uploads\/2011\/07\/grundschulechristian.jpg\" alt=\"grundschulechristian\" width=\"314\" height=\"152\" \/><figcaption id=\"caption-attachment-13120\" class=\"wp-caption-text\">Gemeinsames Lernen in einer deutschen Grundschule in den 60er Jahren. (archiv: chris)<\/figcaption><\/figure>\n<p><strong>Fast alle Parteien sind zufrieden: Die gr\u00fcne Ministerin L\u00f6hrmann mit ihrem Koalitionspartner.\u00a0 Landeschefin Kraft (SPD) freut sich \u00fcber einen Schulfrieden f\u00fcr die n\u00e4chsten 12 Jahre. <\/strong><\/p>\n<p>Die CDU stimmt ein, Philologenverband, GEW, VBE und DGB signalisieren Zustimmung. Die Rede ist von &#8222;Frieden&#8220;, &#8222;Konsens&#8220; und &#8222;Kompromiss&#8220;. Das klingt nach Harmonie. Lediglich die kleine FDP st\u00e4nkert ein wenig und sieht das Gymnasium gef\u00e4hrdet.<\/p>\n<p>Im Kern stimmt die gro\u00dfe Bildungskoalition f\u00fcr das Zwei-S\u00e4ulenmodel: Hier die Sekundarschule, explizit ohne Sekundarstufe II, dort das Gymnasium mit Oberstufe und Abitur nach acht Jahren. Damit keiner unzufrieden ist (Konsens!), kann es weiterhin Hauptschulen, Realschulen und Gesamtschulen in NRW geben.<\/p>\n<p>Die Klassengr\u00f6\u00dfe in der Sekundarschule darf h\u00f6chstens 25 Sch\u00fcler betragen, in den Klassen 5 und 6 wird l\u00e4nger gemeinsam gelernt, es werden auch gymnasiale Standards gelehrt, unterrichtet wird auf Grundlage der Lehrpl\u00e4ne f\u00fcr Real- und Gesamtschulen. (Ist dies nicht ein Widerspruch?)<\/p>\n<p>Die CDU nimmt Abschied von der eh gescheiterten Verbund-Schule, ebenso wie sie Abschied von der abgew\u00e4hlten Hauptschule nehmen muss. In der Bildungspolitik wird diese Partei von der tats\u00e4chlichen Entwicklung getrieben. Und nun ist es ihr gelungen, den Status Quo f\u00fcr die kommenden 12 Jahre festzuschreiben. Es war der CDU wichtig, dass die Sekundarschule ohne eine eigenst\u00e4ndige Oberstufe daherkommt. Nur so kann die Oppositionspartei die Entwicklung dieser Schulform zu einer attraktiven Alternative zum herk\u00f6mmlichen Gymnasium verhindern.<\/p>\n<p>Vermutlich ist in diesem Land tats\u00e4chlich nicht mehr drin. Wer das Ziel eines integrativen Schulsystems noch nicht aufgegeben hat, wer sich optimal ausgestattete Schulen w\u00fcnscht, in denen alle Kinder gemeinsam entsprechend ihrer F\u00e4higkeiten lernen und gef\u00f6rdert werden und alle \u00e2\u20ac\u201c unabh\u00e4ngig von ihrer sozialen Herkunft \u00e2\u20ac\u201c die gleichen Chancen haben, der kann \u00fcber diesen Schulfrieden nur den Kopf sch\u00fctteln.<\/p>\n<p>Gerade in einer Zeit, in der durch den demographischen Wandel gro\u00dfe Ver\u00e4nderungen im Bildungssystem anstehen, wird das gegliederte Schulsystem in Nordrhein-Westfalen einzementiert.<\/p>\n","protected":false},"excerpt":{"rendered":"<p>Fast alle Parteien sind zufrieden: Die gr\u00fcne Ministerin L\u00f6hrmann mit ihrem Koalitionspartner.\u00a0 Landeschefin Kraft (SPD) freut sich \u00fcber einen Schulfrieden f\u00fcr die n\u00e4chsten 12 Jahre. Die CDU stimmt ein, Philologenverband, &hellip; <a href=\"https:\/\/www.schiebener.net\/wordpress\/schulkonsens-in-nrw-ein-sieg-der-cdu\/\" class=\"more-link\"><span class=\"screen-reader-text\">\u201eSchulkonsens in NRW &#8211; Ein Sieg der CDU?\u201c <\/span>weiterlesen<\/a><\/p>\n","protected":false},"author":21,"featured_media":0,"comment_status":"open","ping_status":"open","sticky":false,"template":"","format":"standard","meta":{"footnotes":""},"categories":[1,3],"tags":[229,2895,2896],"class_list":["post-13110","post","type-post","status-publish","format-standard","hentry","category-allgemein","category-bildung-und-schule","tag-nrw","tag-schulkonsens","tag-sekundarschule"],"_links":{"self":[{"href":"https:\/\/www.schiebener.net\/wordpress\/wp-json\/wp\/v2\/posts\/13110","targetHints":{"allow":["GET"]}}],"collection":[{"href":"https:\/\/www.schiebener.net\/wordpress\/wp-json\/wp\/v2\/posts"}],"about":[{"href":"https:\/\/www.schiebener.net\/wordpress\/wp-json\/wp\/v2\/types\/post"}],"author":[{"embeddable":true,"href":"https:\/\/www.schiebener.net\/wordpress\/wp-json\/wp\/v2\/users\/21"}],"replies":[{"embeddable":true,"href":"https:\/\/www.schiebener.net\/wordpress\/wp-json\/wp\/v2\/comments?post=13110"}],"version-history":[{"count":0,"href":"https:\/\/www.schiebener.net\/wordpress\/wp-json\/wp\/v2\/posts\/13110\/revisions"}],"wp:attachment":[{"href":"https:\/\/www.schiebener.net\/wordpress\/wp-json\/wp\/v2\/media?parent=13110"}],"wp:term":[{"taxonomy":"category","embeddable":true,"href":"https:\/\/www.schiebener.net\/wordpress\/wp-json\/wp\/v2\/categories?post=13110"},{"taxonomy":"post_tag","embeddable":true,"href":"https:\/\/www.schiebener.net\/wordpress\/wp-json\/wp\/v2\/tags?post=13110"}],"curies":[{"name":"wp","href":"https:\/\/api.w.org\/{rel}","templated":true}]}}