{"id":12962,"date":"2011-07-08T23:04:52","date_gmt":"2011-07-08T22:04:52","guid":{"rendered":"http:\/\/www.schiebener.net\/wordpress\/?p=12962"},"modified":"2011-07-08T23:14:50","modified_gmt":"2011-07-08T22:14:50","slug":"ein-sumpf-ohne-boden-schweinereien-auf-der-insel","status":"publish","type":"post","link":"https:\/\/www.schiebener.net\/wordpress\/ein-sumpf-ohne-boden-schweinereien-auf-der-insel\/","title":{"rendered":"Ein Sumpf ohne Boden &#8211; Schweinereien auf der Insel"},"content":{"rendered":"<figure id=\"attachment_12964\" aria-describedby=\"caption-attachment-12964\" style=\"width: 512px\" class=\"wp-caption aligncenter\"><strong><strong><img loading=\"lazy\" decoding=\"async\" class=\"size-full wp-image-12964 \" src=\"http:\/\/www.schiebener.net\/wordpress\/wp-content\/uploads\/2011\/07\/schweine.jpg\" alt=\"Echte Schweine in englischer Landschaft (foto:chris)\" width=\"512\" height=\"319\" srcset=\"https:\/\/www.schiebener.net\/wordpress\/wp-content\/uploads\/2011\/07\/schweine.jpg 512w, https:\/\/www.schiebener.net\/wordpress\/wp-content\/uploads\/2011\/07\/schweine-300x186.jpg 300w\" sizes=\"auto, (max-width: 512px) 85vw, 512px\" \/><\/strong><\/strong><figcaption id=\"caption-attachment-12964\" class=\"wp-caption-text\">Schweine in englischer Landschaft  (foto: chris)<\/figcaption><\/figure>\n<p><strong>Erst die \u00f6konomische Krise und nun die Medienkrise, die gleichzeitig eine moralische ist und schon morgen eine politische sein kann.<\/strong><\/p>\n<p>Schon lange werden Handys Prominenter von Mitarbeitern der zum Murdoch Konzern geh\u00f6renden &#8222;Sun&#8220; (wie &#8222;Bild&#8220;, nur noch schlimmer) bzw. ihrer nun in die Schlagzeilen geratenen Sonntagsausgabe &#8222;News of the World&#8220; im K\u00f6nigreich gehackt. Nur so, meinten die Verantwortlichen, sei noch mehr Umsatz des Blattes m\u00f6glich. Und der Leser machte willig mit, schlie\u00dflich vers\u00fc\u00dfen Details \u00fcber das Leben der Sch\u00f6nen und Reichen die Tristesse des eigenen Alltags.<\/p>\n<p>Doch was nun ans Tageslicht kommt, dass ist ein Abgrund, der Boden ist nicht zu erkennen: Da wurde das Handy eines entf\u00fchrten M\u00e4dchens gehackt, Nachrichten auf der Voicemail gel\u00f6scht, sodass die verzweifelten Eltern dachten, sie w\u00fcrde noch leben, obwohl sie schon tot war.<\/p>\n<p>F\u00fcr die r\u00fchrseligen Geschichten \u00fcber gefallenen britische Soldaten zapfte &#8222;Journalisten&#8220; die Handys der Hinterbliebenen an, sie hackten sich in die Leitungen der Menschen, die ihre Verwandten bei einem Bombenanschlag auf einen Londoner Bus verloren hatten.<\/p>\n<p>Und dies ist nur die Spitze des Eisbergs. Inzwischen wurde bekannt, dass verantwortliche Mitarbeiter von &#8222;News of the World&#8220;\u00a0 Massen an <a href=\"http:\/\/www.guardian.co.uk\/media\/2011\/jul\/08\/phone-hacking-emails-news-international\" target=\"_self\">E-Mails gel\u00f6scht<\/a> haben, <span class=\"st\"><em><\/em><\/span>die bis ins Jahr 2005 zur\u00fcck reichen.<\/p>\n<p>Dem britischen Premier Cameron wird zum einen die <a href=\"http:\/\/www.guardian.co.uk\/politics\/2011\/jul\/08\/david-cameron-decision-andy-coulson\" target=\"_blank\">Wahl seines ehemaligen Kommunikationschefs Andy Couson<\/a> vorgeworfen, zum anderen jedoch auch seine<a href=\"http:\/\/www.guardian.co.uk\/media\/2011\/jul\/08\/rebekah-brooks-profile-phone-hacking\" target=\"_blank\"> N\u00e4he zu der ehemaligen Herausgeberin der Zeitung &#8222;News of the World&#8220;\u00a0 Rebekah Brooks<\/a>.<\/p>\n<p>Viele haben lange mitgespielt. Alle wollten die Unterst\u00fctzung der Murdoch-Presse. Das galt f\u00fcr Labour, das gilt nun f\u00fcr die Konservativen. Die Polizei schaute weg,\u00a0 Prominente lie\u00dfen sich durch eine finanzielle Entsch\u00e4digungen bes\u00e4nftigen. So ging alles seinen Gang,\u00a0 &#8222;business as usual&#8220;. Bis\u00a0 nun die britische Zeitung <a href=\"http:\/\/www.guardian.co.uk\/\" target=\"_blank\">The Guardian<\/a> die Hintergr\u00fcnde beleuchtete, sie \u00f6ffentlich machte und st\u00e4ndig neue Details publiziert.\u00a0 Nun endlich sind Presse, Politiker, Publikum und Justiz in Bewegung geraten.<\/p>\n<p>&#8222;News of the World&#8220; wird geschlossen, die Mitarbeiter entlassen. Sie werden sicher nicht die einzigen Opfer dieser <a href=\"http:\/\/www.sueddeutsche.de\/medien\/news-of-the-world-fall-dowler-die-dubiosen-methoden-der-null-toleranz-zeitung-1.1116486-2\">&#8222;Schweinerei&#8220;<\/a> bleiben. wie die S\u00fcddeutsche Zeitung heute diesen Skandal nennt.<\/p>\n","protected":false},"excerpt":{"rendered":"<p>Erst die \u00f6konomische Krise und nun die Medienkrise, die gleichzeitig eine moralische ist und schon morgen eine politische sein kann. Schon lange werden Handys Prominenter von Mitarbeitern der zum Murdoch &hellip; <a href=\"https:\/\/www.schiebener.net\/wordpress\/ein-sumpf-ohne-boden-schweinereien-auf-der-insel\/\" class=\"more-link\"><span class=\"screen-reader-text\">\u201eEin Sumpf ohne Boden &#8211; Schweinereien auf der Insel\u201c <\/span>weiterlesen<\/a><\/p>\n","protected":false},"author":21,"featured_media":0,"comment_status":"open","ping_status":"open","sticky":false,"template":"","format":"standard","meta":{"footnotes":""},"categories":[32,24,1208],"tags":[2720,470,2873,2866],"class_list":["post-12962","post","type-post","status-publish","format-standard","hentry","category-medien","category-politik","category-wirtschaft","tag-cameron","tag-guardian","tag-murdoch","tag-news-of-the-world"],"_links":{"self":[{"href":"https:\/\/www.schiebener.net\/wordpress\/wp-json\/wp\/v2\/posts\/12962","targetHints":{"allow":["GET"]}}],"collection":[{"href":"https:\/\/www.schiebener.net\/wordpress\/wp-json\/wp\/v2\/posts"}],"about":[{"href":"https:\/\/www.schiebener.net\/wordpress\/wp-json\/wp\/v2\/types\/post"}],"author":[{"embeddable":true,"href":"https:\/\/www.schiebener.net\/wordpress\/wp-json\/wp\/v2\/users\/21"}],"replies":[{"embeddable":true,"href":"https:\/\/www.schiebener.net\/wordpress\/wp-json\/wp\/v2\/comments?post=12962"}],"version-history":[{"count":0,"href":"https:\/\/www.schiebener.net\/wordpress\/wp-json\/wp\/v2\/posts\/12962\/revisions"}],"wp:attachment":[{"href":"https:\/\/www.schiebener.net\/wordpress\/wp-json\/wp\/v2\/media?parent=12962"}],"wp:term":[{"taxonomy":"category","embeddable":true,"href":"https:\/\/www.schiebener.net\/wordpress\/wp-json\/wp\/v2\/categories?post=12962"},{"taxonomy":"post_tag","embeddable":true,"href":"https:\/\/www.schiebener.net\/wordpress\/wp-json\/wp\/v2\/tags?post=12962"}],"curies":[{"name":"wp","href":"https:\/\/api.w.org\/{rel}","templated":true}]}}