{"id":1273,"date":"2008-11-26T23:18:17","date_gmt":"2008-11-26T22:18:17","guid":{"rendered":"http:\/\/www.schiebener.net\/wordpress\/?p=1273"},"modified":"2008-11-27T20:36:19","modified_gmt":"2008-11-27T19:36:19","slug":"gegenwart-und-zukunft-des-lokaljournalismus-eine-polemik","status":"publish","type":"post","link":"https:\/\/www.schiebener.net\/wordpress\/gegenwart-und-zukunft-des-lokaljournalismus-eine-polemik\/","title":{"rendered":"Gegenwart und Zukunft des Lokaljournalismus &#8211; eine Polemik."},"content":{"rendered":"<h3>Viel Text ohne Bilder und nur 1 Link \ud83d\ude09<\/h3>\n<p><strong>Im <a href=\"http:\/\/www.medienmoral-nrw.de\/2008\/11\/waz-gruppe-erwagt-online-zukaufe\/\" target=\"_blank\">WAZ-Protestblog <\/a>drehen sich die Argumente mehr und mehr im Kreis.<\/strong> Was k\u00f6nnte auch noch gesagt werden. In wenigen Tagen werden die <strong>politischen Akteure <\/strong>wieder sichtbarer und scharfkantiger werden: Betriebsr\u00e4te, Gesch\u00e4ftsleitung, Mitarbeiter und \u00d6ffentlichkeit. Letztere repr\u00e4sentiert durch Prominente und Leser. Ich kann und will mir an dieser Stelle nicht vorstellen, wie der <strong>Konflikt <\/strong>ausgehen wird.<\/p>\n<p><strong>\u00dcber den Wolken <\/strong>denke ich folgendes:<\/p>\n<p>Die <strong>Lokalzeitungen<\/strong> (print, online, egal) haben die Aufgabe die bewussten und unbewussten \u00c4u\u00dferungen des politischen Lebens in ihren Gebiet zu <strong>sammeln, sortieren und offen zu bewerten<\/strong>.<\/p>\n<p>Mehr nicht.<\/p>\n<p>Wenn Leserinnen und Leser ihre <strong>Abos k\u00fcndigen<\/strong> liegt es daran, dass sie die Zeitung nicht mehr in dieser Funktion wahrnehmen.<\/p>\n<p>Ich habe oft erlebt, erfahren, dass die Lokalzeitung eine <strong>Autorit\u00e4t <\/strong>hatte(hat), die ich selbst f\u00fcr v\u00f6llig \u00fcberh\u00f6ht hielt und halte: &#8222;Das ist so, denn es hat am Dienstag in der Zeitung gestanden.&#8220; &#8222;\u00dcberh\u00f6ht&#8220; schreibe ich hier deshalb, weil es sich oft um unrecherchierte Artikel handelt(e), auf die sich die Menschen bezogen.<\/p>\n<p>Diese <strong>Naivit\u00e4t der Leser(innen) <\/strong>kann sich hier im Sauerland, meinem Wahrnehmungsgebiet, der &#8222;Sauerlandkurier&#8220; zunutze machen.<\/p>\n<p>\u00dcberspitzt: Als ich noch in der Stadt lebte, habe ich <strong>Anzeigenbl\u00e4tter <\/strong>immer(!!!) sofort von der Treppenstufe in den <strong>Altpapier-Container entsorgt.<\/strong> Hier im Sauerland lese ich das Zeugs, weil ich wei\u00df, dass es bewu\u00dftseinsbildend ist. Diese Pseudo-Zeitung hat (fast) die <strong>gleiche Autorit\u00e4t wie die Westfalenpost.<\/strong><\/p>\n<p>Die <strong>Westfalenpost<\/strong> enth\u00e4lt leider viele Elemente des Anzeigenbl\u00e4ttchens und ist somit nicht klar und eindeutig abgrenzbar, obwohl ich die Redakteure f\u00fcr die eindeutig 1000 Prozent besseren &#8222;Handwerker&#8220; halte.<\/p>\n<p>Das <strong>Dilemma <\/strong>vieler Lokalzeitungen, gerade im l\u00e4ndlichen Raum, scheint mir zu sein, dass es keine klare Linie zwischen der Beachtung lokaler Besonderheiten und dem Opportunismus gegen\u00fcber den lokalen Gr\u00f6\u00dfen und der &#8222;Dummheit&#8220; der Leser gibt.<\/p>\n<p>Ein <strong>Journalist<\/strong> darf diese &#8222;Dummheit&#8220; allerdings nicht beklagen, denn sie ist gewisserma\u00dfen der Urzustand. Seine Aufgabe ist es aufzukl\u00e4ren. Aufkl\u00e4rung im Lokaljournalismus hei\u00dft aber wiederum nichts anders als : <strong>Sammeln, sortieren und bewerten.<\/strong><\/p>\n<p><strong>So,<\/strong> und meiner Meinung nach nur so, bekommt die Lokalzeitung Autorit\u00e4t und erzieht bzw. zieht sich die Leserinnen und Leser.<\/p>\n<p>Und dann, und nur dann, <strong>ben\u00f6tige ich auch diese Lokalzeitung<\/strong>. Eine solche Lokalzeitung w\u00fcrde ich auch zus\u00e4tzlich zu einer  &#8222;\u00dcberregionalen&#8220; beziehen und lesen.<\/p>\n<p><strong>Ein Letztes:<\/strong><\/p>\n<p><strong>Vergesst<\/strong> eine Heimatzeitung a la &#8222;<strong>Glaube, Sitte, Heimat<\/strong>&#8222;. Auch das Sauerland ist inzwischen <strong>mehr als die Summe seiner Kirchen und Sch\u00fctzenhallen<\/strong> \ud83d\ude09<\/p>\n","protected":false},"excerpt":{"rendered":"<p>Viel Text ohne Bilder und nur 1 Link \ud83d\ude09 Im WAZ-Protestblog drehen sich die Argumente mehr und mehr im Kreis. Was k\u00f6nnte auch noch gesagt werden. In wenigen Tagen werden &hellip; <a href=\"https:\/\/www.schiebener.net\/wordpress\/gegenwart-und-zukunft-des-lokaljournalismus-eine-polemik\/\" class=\"more-link\"><span class=\"screen-reader-text\">\u201eGegenwart und Zukunft des Lokaljournalismus &#8211; eine Polemik.\u201c <\/span>weiterlesen<\/a><\/p>\n","protected":false},"author":3,"featured_media":0,"comment_status":"open","ping_status":"open","sticky":false,"template":"","format":"standard","meta":{"footnotes":""},"categories":[80,32],"tags":[274,202,252],"class_list":["post-1273","post","type-post","status-publish","format-standard","hentry","category-lokales","category-medien","tag-lokaljournalismus","tag-waz","tag-zeitungskrise"],"_links":{"self":[{"href":"https:\/\/www.schiebener.net\/wordpress\/wp-json\/wp\/v2\/posts\/1273","targetHints":{"allow":["GET"]}}],"collection":[{"href":"https:\/\/www.schiebener.net\/wordpress\/wp-json\/wp\/v2\/posts"}],"about":[{"href":"https:\/\/www.schiebener.net\/wordpress\/wp-json\/wp\/v2\/types\/post"}],"author":[{"embeddable":true,"href":"https:\/\/www.schiebener.net\/wordpress\/wp-json\/wp\/v2\/users\/3"}],"replies":[{"embeddable":true,"href":"https:\/\/www.schiebener.net\/wordpress\/wp-json\/wp\/v2\/comments?post=1273"}],"version-history":[{"count":0,"href":"https:\/\/www.schiebener.net\/wordpress\/wp-json\/wp\/v2\/posts\/1273\/revisions"}],"wp:attachment":[{"href":"https:\/\/www.schiebener.net\/wordpress\/wp-json\/wp\/v2\/media?parent=1273"}],"wp:term":[{"taxonomy":"category","embeddable":true,"href":"https:\/\/www.schiebener.net\/wordpress\/wp-json\/wp\/v2\/categories?post=1273"},{"taxonomy":"post_tag","embeddable":true,"href":"https:\/\/www.schiebener.net\/wordpress\/wp-json\/wp\/v2\/tags?post=1273"}],"curies":[{"name":"wp","href":"https:\/\/api.w.org\/{rel}","templated":true}]}}