{"id":12720,"date":"2011-06-21T15:48:33","date_gmt":"2011-06-21T14:48:33","guid":{"rendered":"http:\/\/www.schiebener.net\/wordpress\/?p=12720"},"modified":"2011-06-21T15:48:33","modified_gmt":"2011-06-21T14:48:33","slug":"kommunalpolitik-sauerlander-burgerliste-sbl-ladt-zum-treffen-ein","status":"publish","type":"post","link":"https:\/\/www.schiebener.net\/wordpress\/kommunalpolitik-sauerlander-burgerliste-sbl-ladt-zum-treffen-ein\/","title":{"rendered":"Kommunalpolitik: Sauerl\u00e4nder B\u00fcrgerliste (SBL) l\u00e4dt zum Treffen ein"},"content":{"rendered":"<figure id=\"attachment_12722\" aria-describedby=\"caption-attachment-12722\" style=\"width: 512px\" class=\"wp-caption aligncenter\"><img loading=\"lazy\" decoding=\"async\" class=\"size-full wp-image-12722\" title=\"pulverturm\" src=\"http:\/\/www.schiebener.net\/wordpress\/wp-content\/uploads\/2011\/06\/pulverturm.jpg\" alt=\"Vom Turm noch 100 Meter bis zur Gastst\u00e4tte &quot;Am Pulverturm&quot; (fotoarchiv: zoom)\" width=\"512\" height=\"283\" srcset=\"https:\/\/www.schiebener.net\/wordpress\/wp-content\/uploads\/2011\/06\/pulverturm.jpg 512w, https:\/\/www.schiebener.net\/wordpress\/wp-content\/uploads\/2011\/06\/pulverturm-300x165.jpg 300w\" sizes=\"auto, (max-width: 512px) 85vw, 512px\" \/><figcaption id=\"caption-attachment-12722\" class=\"wp-caption-text\">Vom Turm noch 100 Meter bis zur Gastst\u00e4tte &quot;Zum Pulverturm&quot; (fotoarchiv: zoom)<\/figcaption><\/figure>\n<p><strong>Meschede. (pressemeldung) Das Kreistagsmitglied der Sauerl\u00e4nder B\u00fcrgerliste, Reinhard Loos, l\u00e4dt zu Montag, dem 27.06.2011 um 20.00 Uhr, alle interessierten B\u00fcrgerinnen und B\u00fcrger zu einem Treffen in die Gastst\u00e4tte \u00e2\u20ac\u017e<a href=\"http:\/\/www.zum-pulverturm.de\/\" target=\"_blank\">Zum Pulverturm<\/a>\u00e2\u20ac\u0153, Pulverturmstra\u00dfe in Meschede ein. <\/strong><\/p>\n<p>Der SBL-Politiker m\u00f6chte an diesem Abend \u00fcber aktuelle kommunalpolitische Themen informieren und sich Ihren Anregungen und Fragen stellen.<\/p>\n<p>Besonders wichtig sind ihm die Themen, die auf der Tagesordnung der Kreistagssitzung am Freitag, dem 1. Juli 2011 stehen.<\/p>\n<p>Das sind beispielsweise der  \u00e2\u20ac\u017eSachstandsbericht Regionale 2013\u00e2\u20ac\u0153, der \u00e2\u20ac\u017eStand der Umsetzung des Bildungs- und Teilhabepaketes in der Region\u00e2\u20ac\u0153, die \u00e2\u20ac\u017eEinf\u00fchrung eines Medizinstipendiums Hochsauerlandkreis\u00e2\u20ac\u0153, das \u00e2\u20ac\u017eKlimaschutzkonzept des Hochsauerlandkreises\u00e2\u20ac\u0153, die \u00e2\u20ac\u017e\u00c4nderung der Wasserschutzgebiets-Verordnung Kelbketal-Marloh-Quelle\u00e2\u20ac\u0153 (betrifft Wennemen, Bockum und Stesse) und vieles mehr.<\/p>\n","protected":false},"excerpt":{"rendered":"<p>Meschede. (pressemeldung) Das Kreistagsmitglied der Sauerl\u00e4nder B\u00fcrgerliste, Reinhard Loos, l\u00e4dt zu Montag, dem 27.06.2011 um 20.00 Uhr, alle interessierten B\u00fcrgerinnen und B\u00fcrger zu einem Treffen in die Gastst\u00e4tte \u00e2\u20ac\u017eZum Pulverturm\u00e2\u20ac\u0153, &hellip; <a href=\"https:\/\/www.schiebener.net\/wordpress\/kommunalpolitik-sauerlander-burgerliste-sbl-ladt-zum-treffen-ein\/\" class=\"more-link\"><span class=\"screen-reader-text\">\u201eKommunalpolitik: Sauerl\u00e4nder B\u00fcrgerliste (SBL) l\u00e4dt zum Treffen ein\u201c <\/span>weiterlesen<\/a><\/p>\n","protected":false},"author":17,"featured_media":0,"comment_status":"open","ping_status":"open","sticky":false,"template":"","format":"standard","meta":{"footnotes":""},"categories":[303,80,24,1043],"tags":[1382,227,294],"class_list":["post-12720","post","type-post","status-publish","format-standard","hentry","category-in-unserem-briefkasten","category-lokales","category-politik","category-pressemitteilungen","tag-pulverturm","tag-sauerlander-burgerliste","tag-sbl"],"_links":{"self":[{"href":"https:\/\/www.schiebener.net\/wordpress\/wp-json\/wp\/v2\/posts\/12720","targetHints":{"allow":["GET"]}}],"collection":[{"href":"https:\/\/www.schiebener.net\/wordpress\/wp-json\/wp\/v2\/posts"}],"about":[{"href":"https:\/\/www.schiebener.net\/wordpress\/wp-json\/wp\/v2\/types\/post"}],"author":[{"embeddable":true,"href":"https:\/\/www.schiebener.net\/wordpress\/wp-json\/wp\/v2\/users\/17"}],"replies":[{"embeddable":true,"href":"https:\/\/www.schiebener.net\/wordpress\/wp-json\/wp\/v2\/comments?post=12720"}],"version-history":[{"count":0,"href":"https:\/\/www.schiebener.net\/wordpress\/wp-json\/wp\/v2\/posts\/12720\/revisions"}],"wp:attachment":[{"href":"https:\/\/www.schiebener.net\/wordpress\/wp-json\/wp\/v2\/media?parent=12720"}],"wp:term":[{"taxonomy":"category","embeddable":true,"href":"https:\/\/www.schiebener.net\/wordpress\/wp-json\/wp\/v2\/categories?post=12720"},{"taxonomy":"post_tag","embeddable":true,"href":"https:\/\/www.schiebener.net\/wordpress\/wp-json\/wp\/v2\/tags?post=12720"}],"curies":[{"name":"wp","href":"https:\/\/api.w.org\/{rel}","templated":true}]}}