{"id":12512,"date":"2011-06-08T16:19:32","date_gmt":"2011-06-08T15:19:32","guid":{"rendered":"http:\/\/www.schiebener.net\/wordpress\/?p=12512"},"modified":"2011-06-08T16:19:32","modified_gmt":"2011-06-08T15:19:32","slug":"%e2%80%9edigibib%e2%80%9c-fur-die-bildungsstadt-arnsberg-spd-verwaltung-soll-teilnahme-am-projekt-einer-digitalen-bibliothek-prufen","status":"publish","type":"post","link":"https:\/\/www.schiebener.net\/wordpress\/%e2%80%9edigibib%e2%80%9c-fur-die-bildungsstadt-arnsberg-spd-verwaltung-soll-teilnahme-am-projekt-einer-digitalen-bibliothek-prufen\/","title":{"rendered":"\u00e2\u20ac\u017eDigiBib\u00e2\u20ac\u0153 f\u00fcr die Bildungsstadt Arnsberg? SPD: Verwaltung soll Teilnahme am Projekt einer Digitalen Bibliothek pr\u00fcfen"},"content":{"rendered":"<figure id=\"attachment_12513\" aria-describedby=\"caption-attachment-12513\" style=\"width: 134px\" class=\"wp-caption alignleft\"><img loading=\"lazy\" decoding=\"async\" class=\"size-full wp-image-12513  \" title=\"gerdstuttgenkorte\" src=\"http:\/\/www.schiebener.net\/wordpress\/wp-content\/uploads\/2011\/06\/gerdstuttgenkorte.jpg\" alt=\"Gerd St\u00fcttgen (foto: spd)\" width=\"134\" height=\"202\" srcset=\"https:\/\/www.schiebener.net\/wordpress\/wp-content\/uploads\/2011\/06\/gerdstuttgenkorte.jpg 320w, https:\/\/www.schiebener.net\/wordpress\/wp-content\/uploads\/2011\/06\/gerdstuttgenkorte-199x300.jpg 199w\" sizes=\"auto, (max-width: 134px) 85vw, 134px\" \/><figcaption id=\"caption-attachment-12513\" class=\"wp-caption-text\">Gerd St\u00fcttgen (foto: spd)<\/figcaption><\/figure>\n<p><strong>Arnsberg. (pressemitteilung*) <a href=\"http:\/\/www.spd-arnsberg.de\/personen\/7178\/86973\/Gerd-Stuettgen-MdL.html\" target=\"_blank\">Gerd St\u00fcttgen SPD<\/a>** (stellv. Vorsitzender im Kulturausschuss) ist sich sicher, dass auf dem Weg zur Wissensgesellschaft ein m\u00f6glichst breiter Zugang zu Informationen aller Art immer wichtiger werden wird. F\u00fcr die Vermittlung von Wissen spielen die Stadtb\u00fcchereien eine wichtige Rolle. <\/strong><\/p>\n<p>Mittlerweile bietet bekanntlich auch das Internet in verschiedenster Weise Zugang zu Wissen an. Aber der Zugang bleibt zu spezifischen Fachinformationen immer noch beschr\u00e4nkt, so St\u00fcttgen weiter.<\/p>\n<p>In Hinblick auf die Zug\u00e4nglichkeit von Fachwissen ist die \u00e2\u20ac\u017eBildungsstadt Arnsberg\u00e2\u20ac\u0153 gegen\u00fcber den Universit\u00e4tsstandorten klar im Nachteil. Dies hat auch negative Folgen f\u00fcr den Wirtschaftsstandort.<\/p>\n<p>Eine M\u00f6glichkeit diese Defizite teilweise zu begegnen, bietet die <a href=\"http:\/\/www.digibib.net\/Digibib\" target=\"_blank\">Digitale Bibliothek<\/a>, heute in der Tr\u00e4gerschaft des <a href=\"http:\/\/www.hbz-nrw.de\/\" target=\"_blank\">Hochschulbibliothekszentrums NRW<\/a>. Sie bietet die M\u00f6glichkeit nach Literatur und ihrer Verf\u00fcgbarkeit in zahlreichen Datenbanken, Verzeichnissen und Katalogen zu suchen. Au\u00dferdem wird angezeigt, wie der Nutzer am Besten an die gefundene Literatur herankommt.<\/p>\n<p>eben der Bestellung \u00fcber Fernleihe besonders interessant ist der direkte Zugang zu elektronischen Ressourcen. \u00dcber eine Digitale Bibliothek w\u00e4re es dem registrierten Kunden dann m\u00f6glich, die Nutzung der DigiBib einschlie\u00dflich der Fernleihe von zuhause aus zu t\u00e4tigen.<\/p>\n<p>Die SPD-Fraktion sieht in der Teilnahme am Projekt DigiBib eine M\u00f6glichkeit, die Attraktivit\u00e4t unserer Stadtb\u00fccherei mit ihren Standorten zu verbessern. Leider ist die Nutzung des Angebots f\u00fcr die Kommunen mit Kosten verbunden, so St\u00fcttgen. Wir haben die Verwaltung dennoch gebeten eine m\u00f6gliche Teilnahme an dem Projekt zu pr\u00fcfen und im kommenden Ausschuss dar\u00fcber zu berichten.<\/p>\n<p><em>*es handelt sich um eine Pressemitteilung der <a href=\"http:\/\/www.spd-arnsberg.de\/html\/7174\/welcome\/Home.html\" target=\"_blank\">SPD Arnsberg<\/a><\/em><\/p>\n<p><em>** s\u00e4mtliche Links wurden von uns hinzugef\u00fcgt<\/em><\/p>\n","protected":false},"excerpt":{"rendered":"<p>Arnsberg. (pressemitteilung*) Gerd St\u00fcttgen SPD** (stellv. Vorsitzender im Kulturausschuss) ist sich sicher, dass auf dem Weg zur Wissensgesellschaft ein m\u00f6glichst breiter Zugang zu Informationen aller Art immer wichtiger werden wird. &hellip; <a href=\"https:\/\/www.schiebener.net\/wordpress\/%e2%80%9edigibib%e2%80%9c-fur-die-bildungsstadt-arnsberg-spd-verwaltung-soll-teilnahme-am-projekt-einer-digitalen-bibliothek-prufen\/\" class=\"more-link\"><span class=\"screen-reader-text\">\u201e\u00e2\u20ac\u017eDigiBib\u00e2\u20ac\u0153 f\u00fcr die Bildungsstadt Arnsberg? SPD: Verwaltung soll Teilnahme am Projekt einer Digitalen Bibliothek pr\u00fcfen\u201c <\/span>weiterlesen<\/a><\/p>\n","protected":false},"author":3,"featured_media":0,"comment_status":"open","ping_status":"open","sticky":false,"template":"","format":"standard","meta":{"footnotes":""},"categories":[3,80,32,1043],"tags":[2723,2553],"class_list":["post-12512","post","type-post","status-publish","format-standard","hentry","category-bildung-und-schule","category-lokales","category-medien","category-pressemitteilungen","tag-digibib","tag-spd-arnsberg"],"_links":{"self":[{"href":"https:\/\/www.schiebener.net\/wordpress\/wp-json\/wp\/v2\/posts\/12512","targetHints":{"allow":["GET"]}}],"collection":[{"href":"https:\/\/www.schiebener.net\/wordpress\/wp-json\/wp\/v2\/posts"}],"about":[{"href":"https:\/\/www.schiebener.net\/wordpress\/wp-json\/wp\/v2\/types\/post"}],"author":[{"embeddable":true,"href":"https:\/\/www.schiebener.net\/wordpress\/wp-json\/wp\/v2\/users\/3"}],"replies":[{"embeddable":true,"href":"https:\/\/www.schiebener.net\/wordpress\/wp-json\/wp\/v2\/comments?post=12512"}],"version-history":[{"count":0,"href":"https:\/\/www.schiebener.net\/wordpress\/wp-json\/wp\/v2\/posts\/12512\/revisions"}],"wp:attachment":[{"href":"https:\/\/www.schiebener.net\/wordpress\/wp-json\/wp\/v2\/media?parent=12512"}],"wp:term":[{"taxonomy":"category","embeddable":true,"href":"https:\/\/www.schiebener.net\/wordpress\/wp-json\/wp\/v2\/categories?post=12512"},{"taxonomy":"post_tag","embeddable":true,"href":"https:\/\/www.schiebener.net\/wordpress\/wp-json\/wp\/v2\/tags?post=12512"}],"curies":[{"name":"wp","href":"https:\/\/api.w.org\/{rel}","templated":true}]}}