{"id":1236,"date":"2008-11-23T23:20:52","date_gmt":"2008-11-23T22:20:52","guid":{"rendered":"http:\/\/www.schiebener.net\/wordpress\/?p=1236"},"modified":"2008-11-23T23:20:52","modified_gmt":"2008-11-23T22:20:52","slug":"gesprache-am-rande-waz-kahlschlag-und-westfalenpost","status":"publish","type":"post","link":"https:\/\/www.schiebener.net\/wordpress\/gesprache-am-rande-waz-kahlschlag-und-westfalenpost\/","title":{"rendered":"Gespr\u00e4che am Rande: WAZ-Kahlschlag und Westfalenpost"},"content":{"rendered":"<p>Freitag abend: Kegeln. Bevor die Bahn ge\u00f6ffnet wird &#8211; oben an der Theke.  Fragt einer: &#8222;Schreibst du noch f\u00fcr die Westfalenpost?&#8220;  Antwort: &#8222;Nee, ja  &#8211; keine Zeit , muss zu viel arbeiten, und 7 Euro f\u00fcr 70 Zeilen bei 3 Stunden Arbeit und einer Stunde Schreiben &#8211; nee, w\u00fcrde ja wieder gerne, aber nee, geht nicht mehr, kriege ich in der Familie nicht mehr vermittelt.&#8220;<\/p>\n<p>&#8222;Ich hab&#8216; auch schon das Abo gek\u00fcndigt&#8220;, sagt einer, obwohl es darum gar nicht geht. &#8222;Und da sind noch mehr, der, und der und der, weil&#8230;&#8220;<\/p>\n<p>(Folgt: Lamento \u00fcber Qualit\u00e4t der Lokalberichterstattung &#8230;)<\/p>\n<p>Sage ich: &#8222;Hab&#8216; ja auch immer gemeckert, aber jetzt soll ja anscheinend ein Drittel der Belegschaft entlassen werden, K\u00fcrzungen ohne Ende, Holzhammer, Guillotine &#8230;. Ist ja jetzt schon schlecht, aber was dann&#8230;&#8220;<\/p>\n<p>&#8222;Prost!&#8220;, sagt einer. &#8222;Ich nehm&#8216; &#8217;ne Linie&#8220;, der N\u00e4chste.<\/p>\n<p>Kurz und gut: Niemand der Westfalenpost-Leser hier an der Theke im Ort wusste, was im WAZ Konzern passiert. Es waren und sind nicht die D\u00fcmmsten, die ich dort getroffen habe, aber wenn die schon nichts wissen bzw. die Dramatik nicht so empfinden, wie sie <a href=\"http:\/\/www.medienmoral-nrw.de\/2008\/11\/aus-fur-msg-zum-30-juni-verkundet\/#comment-687\" target=\"_blank\">im WAZ-Protestblog beschworen<\/a> wird, wer dann au\u00dfer den Betroffenen?<\/p>\n<p>In nicht allzu ferner Zukunft werden sich Soziologen und Politologen akademisch mit der &#8222;Zeitungskrise&#8220; besch\u00e4ftigen. Das &#8222;<a href=\"http:\/\/www.medienmoral-nrw.de\/\" target=\"_blank\">Protestblog<\/a>&#8220; wird dabei eine gro\u00dfe Fundgrube f\u00fcr gelehrte Betrachtungen sein.<\/p>\n<p>Bis dahin allerdings geht es bei den Besch\u00e4ftigten &#8222;um die Existenz&#8220;. Und &#8222;die paar Hundert&#8220; Leute  wehren sich stellvertretend f\u00fcr Tausende oder sie wehren sich gar nicht. Und wenn sie Ersteres tun wollen, m\u00fcssten sie dem politischen ABC folgendend den &#8222;Gegner&#8220; klar identifizieren und dar\u00fcber hinaus B\u00fcndnispartner gewinnen.<\/p>\n<p>Bei den Gegnern kenne ich mich als &#8222;Externer&#8220; nicht aus, aber ich wei\u00df, dass ein m\u00f6glicher B\u00fcndnispartner, n\u00e4mlich wir Leser, noch nix (nicht viel) wei\u00df. Die Zeit dr\u00e4ngt. <a href=\"http:\/\/www.schiebener.net\/wordpress\/?p=1183\" target=\"_blank\">Mein Briefkasten jedenfalls wartet<\/a>.<\/p>\n","protected":false},"excerpt":{"rendered":"<p>Freitag abend: Kegeln. Bevor die Bahn ge\u00f6ffnet wird &#8211; oben an der Theke. Fragt einer: &#8222;Schreibst du noch f\u00fcr die Westfalenpost?&#8220; Antwort: &#8222;Nee, ja &#8211; keine Zeit , muss zu &hellip; <a href=\"https:\/\/www.schiebener.net\/wordpress\/gesprache-am-rande-waz-kahlschlag-und-westfalenpost\/\" class=\"more-link\"><span class=\"screen-reader-text\">\u201eGespr\u00e4che am Rande: WAZ-Kahlschlag und Westfalenpost\u201c <\/span>weiterlesen<\/a><\/p>\n","protected":false},"author":3,"featured_media":0,"comment_status":"open","ping_status":"open","sticky":false,"template":"","format":"standard","meta":{"footnotes":""},"categories":[32],"tags":[202,252],"class_list":["post-1236","post","type-post","status-publish","format-standard","hentry","category-medien","tag-waz","tag-zeitungskrise"],"_links":{"self":[{"href":"https:\/\/www.schiebener.net\/wordpress\/wp-json\/wp\/v2\/posts\/1236","targetHints":{"allow":["GET"]}}],"collection":[{"href":"https:\/\/www.schiebener.net\/wordpress\/wp-json\/wp\/v2\/posts"}],"about":[{"href":"https:\/\/www.schiebener.net\/wordpress\/wp-json\/wp\/v2\/types\/post"}],"author":[{"embeddable":true,"href":"https:\/\/www.schiebener.net\/wordpress\/wp-json\/wp\/v2\/users\/3"}],"replies":[{"embeddable":true,"href":"https:\/\/www.schiebener.net\/wordpress\/wp-json\/wp\/v2\/comments?post=1236"}],"version-history":[{"count":0,"href":"https:\/\/www.schiebener.net\/wordpress\/wp-json\/wp\/v2\/posts\/1236\/revisions"}],"wp:attachment":[{"href":"https:\/\/www.schiebener.net\/wordpress\/wp-json\/wp\/v2\/media?parent=1236"}],"wp:term":[{"taxonomy":"category","embeddable":true,"href":"https:\/\/www.schiebener.net\/wordpress\/wp-json\/wp\/v2\/categories?post=1236"},{"taxonomy":"post_tag","embeddable":true,"href":"https:\/\/www.schiebener.net\/wordpress\/wp-json\/wp\/v2\/tags?post=1236"}],"curies":[{"name":"wp","href":"https:\/\/api.w.org\/{rel}","templated":true}]}}