{"id":12277,"date":"2011-05-20T14:33:55","date_gmt":"2011-05-20T13:33:55","guid":{"rendered":"http:\/\/www.schiebener.net\/wordpress\/?p=12277"},"modified":"2011-05-20T18:21:16","modified_gmt":"2011-05-20T17:21:16","slug":"ruckkehr-zum-nationalismus","status":"publish","type":"post","link":"https:\/\/www.schiebener.net\/wordpress\/ruckkehr-zum-nationalismus\/","title":{"rendered":"R\u00fcckkehr zum Nationalismus?"},"content":{"rendered":"<figure id=\"attachment_4965\" aria-describedby=\"caption-attachment-4965\" style=\"width: 249px\" class=\"wp-caption alignleft\"><img loading=\"lazy\" decoding=\"async\" class=\"size-full wp-image-4965 \" title=\"merkel02\" src=\"http:\/\/www.schiebener.net\/wordpress\/wp-content\/uploads\/2009\/09\/merkel02.png\" alt=\"Bye, bye Europa? (foto: archiv)\" width=\"249\" height=\"191\" srcset=\"https:\/\/www.schiebener.net\/wordpress\/wp-content\/uploads\/2009\/09\/merkel02.png 415w, https:\/\/www.schiebener.net\/wordpress\/wp-content\/uploads\/2009\/09\/merkel02-300x229.png 300w\" sizes=\"auto, (max-width: 249px) 85vw, 249px\" \/><figcaption id=\"caption-attachment-4965\" class=\"wp-caption-text\">Bye, bye Europa? (foto: archiv)<\/figcaption><\/figure>\n<p><strong>\u00e2\u20ac\u017ePopulismus\u00e2\u20ac\u0153 als Begriff f\u00fcr Merkels Mescheder Auslassungen kam mir in den Sinn, es liegt in der Luft. Andere waren schneller:<\/strong><\/p>\n<p><pre>\"Populistische \u00c4u\u00dferungen\r\nMerkel erz\u00fcrnt Europa mit\r\nGriechen-Bashing\"<\/pre>\n<\/p>\n<p>titelt die <a href=\"http:\/\/www.ftd.de\/politik\/deutschland\/:populistische-aeusserungen-merkel-erzuernt-europa-mit-griechen-bashing\/60054738.html\" target=\"_blank\">Financial Times Deutschland<\/a> und erinnert daran, dass Merkel in \u00e2\u20ac\u017eder westf\u00e4lischen Provinz\u00e2\u20ac\u0153 nicht zum ersten Mal zu populistischen T\u00f6nen gegriffen hat.<\/p>\n<p>Am Beispiel des kleinen Landes D\u00e4nemark f\u00fchrt die<a href=\"http:\/\/www.sueddeutsche.de\/kultur\/rechtspopulistisches-liedgut-in-daenemark-setz-dich-hin-und-hoer-dir-ein-vaterlaendisches-lied-an-1.1099479\" target=\"_blank\"> S\u00fcddeutsche Zeitung<\/a> vor was es hei\u00dft, wenn etablierte Parteien die Forderungen von Rechtspopulisten in ihren L\u00e4ndern gleich selber durchsetzen. \u00e2\u20ac\u017eAppeasement\u00e2\u20ac\u0153 nennt die Zeitung diese Machenschaften, die im Fall D\u00e4nemark bekanntlich zur Wiedereinf\u00fchrung von Grenzkontrollen f\u00fchren werden.<\/p>\n<p>Die Erosion des europ\u00e4ischen Gedanken wird momentan von den etablierten Parteien und ihren Funktionstr\u00e4gern vorangetrieben. Was soll aber stattdessen kommen? Eine R\u00fcckkehr des Nationalgedanken? Vom \u00e2\u20ac\u017efr\u00f6hlichen Patriotismus\u00e2\u20ac\u0153 zur\u00fcck zu nationaler \u00dcberheblichkeit, Abgrenzung, Abschottung und Feindschaft?<\/p>\n<p>Merkels \u00c4u\u00dferungen enthalten keine positive politische Orientierung. Sie bedienen \u00e2\u20ac\u201c mal wieder &#8211; billige Ressentiments und setzen keine positiven Akzente. Der europ\u00e4ische Gedanke h\u00e4tte Besseres verdient.<\/p>\n","protected":false},"excerpt":{"rendered":"<p>\u00e2\u20ac\u017ePopulismus\u00e2\u20ac\u0153 als Begriff f\u00fcr Merkels Mescheder Auslassungen kam mir in den Sinn, es liegt in der Luft. Andere waren schneller: &#8222;Populistische \u00c4u\u00dferungen Merkel erz\u00fcrnt Europa mit Griechen-Bashing&#8220; titelt die Financial &hellip; <a href=\"https:\/\/www.schiebener.net\/wordpress\/ruckkehr-zum-nationalismus\/\" class=\"more-link\"><span class=\"screen-reader-text\">\u201eR\u00fcckkehr zum Nationalismus?\u201c <\/span>weiterlesen<\/a><\/p>\n","protected":false},"author":21,"featured_media":0,"comment_status":"open","ping_status":"open","sticky":false,"template":"","format":"standard","meta":{"footnotes":""},"categories":[24,524],"tags":[5867,756,2654],"class_list":["post-12277","post","type-post","status-publish","format-standard","hentry","category-politik","category-unirdisches","tag-europa","tag-merkel","tag-nationalismus"],"_links":{"self":[{"href":"https:\/\/www.schiebener.net\/wordpress\/wp-json\/wp\/v2\/posts\/12277","targetHints":{"allow":["GET"]}}],"collection":[{"href":"https:\/\/www.schiebener.net\/wordpress\/wp-json\/wp\/v2\/posts"}],"about":[{"href":"https:\/\/www.schiebener.net\/wordpress\/wp-json\/wp\/v2\/types\/post"}],"author":[{"embeddable":true,"href":"https:\/\/www.schiebener.net\/wordpress\/wp-json\/wp\/v2\/users\/21"}],"replies":[{"embeddable":true,"href":"https:\/\/www.schiebener.net\/wordpress\/wp-json\/wp\/v2\/comments?post=12277"}],"version-history":[{"count":0,"href":"https:\/\/www.schiebener.net\/wordpress\/wp-json\/wp\/v2\/posts\/12277\/revisions"}],"wp:attachment":[{"href":"https:\/\/www.schiebener.net\/wordpress\/wp-json\/wp\/v2\/media?parent=12277"}],"wp:term":[{"taxonomy":"category","embeddable":true,"href":"https:\/\/www.schiebener.net\/wordpress\/wp-json\/wp\/v2\/categories?post=12277"},{"taxonomy":"post_tag","embeddable":true,"href":"https:\/\/www.schiebener.net\/wordpress\/wp-json\/wp\/v2\/tags?post=12277"}],"curies":[{"name":"wp","href":"https:\/\/api.w.org\/{rel}","templated":true}]}}