{"id":12243,"date":"2011-05-17T21:41:42","date_gmt":"2011-05-17T20:41:42","guid":{"rendered":"http:\/\/www.schiebener.net\/wordpress\/?p=12243"},"modified":"2011-05-17T21:41:42","modified_gmt":"2011-05-17T20:41:42","slug":"neheim-kehrt-heim-in-die-gemeinschaft-der-sauerlander-blogs","status":"publish","type":"post","link":"https:\/\/www.schiebener.net\/wordpress\/neheim-kehrt-heim-in-die-gemeinschaft-der-sauerlander-blogs\/","title":{"rendered":"Neheim kehrt heim in die Gemeinschaft der Sauerl\u00e4nder Blogs."},"content":{"rendered":"<figure id=\"attachment_12244\" aria-describedby=\"caption-attachment-12244\" style=\"width: 512px\" class=\"wp-caption aligncenter\"><a href=\"http:\/\/www.neheims-netz.de\/?p=345\" target=\"_blank\"><img loading=\"lazy\" decoding=\"async\" class=\"size-full wp-image-12244\" title=\"neheimsnetz20110517\" src=\"http:\/\/www.schiebener.net\/wordpress\/wp-content\/uploads\/2011\/05\/neheimsnetz20110517.jpg\" alt=\"Zur\u00fcck im Bloggerland an der Ruhr: Neheims-Netz (screenshot: zoom)\" width=\"512\" height=\"410\" srcset=\"https:\/\/www.schiebener.net\/wordpress\/wp-content\/uploads\/2011\/05\/neheimsnetz20110517.jpg 512w, https:\/\/www.schiebener.net\/wordpress\/wp-content\/uploads\/2011\/05\/neheimsnetz20110517-300x240.jpg 300w\" sizes=\"auto, (max-width: 512px) 85vw, 512px\" \/><\/a><figcaption id=\"caption-attachment-12244\" class=\"wp-caption-text\">Zur\u00fcck im Bloggerland an der Ruhr: Neheims-Netz (screenshot: zoom)<\/figcaption><\/figure>\n<p>Die L\u00fccke zwischen dem Hochsauerland und dem Ruhrgebiet ist zwar noch nicht geschlossen, aber Neheim ist wieder am Bloggen.<\/p>\n<p>Nachdem vor einiger Zeit &#8222;ruhrtal-cruising&#8220; vom Netz gegangen war, fehlten die kleinen und zumeist kulturellen aber auch politischen Beobachtungen und Hinweise aus dem Arnsberger Raum. Herausgeber Gerd Pater hat sich Zeit genommen und kehrt mit &#8222;Neheims-Netz&#8220; und einem frischen WordPress Layout zur\u00fcck in die karge Landschaft der Sauerl\u00e4nder B\u00fcrgerblogs.<\/p>\n<p>Wir w\u00fcnschen den Machern und Bloggern ruhrabw\u00e4rts in und um Neheim viel Spa\u00df beim Publizieren.<\/p>\n<p>Welcome back \ud83d\ude42<\/p>\n","protected":false},"excerpt":{"rendered":"<p>Die L\u00fccke zwischen dem Hochsauerland und dem Ruhrgebiet ist zwar noch nicht geschlossen, aber Neheim ist wieder am Bloggen. Nachdem vor einiger Zeit &#8222;ruhrtal-cruising&#8220; vom Netz gegangen war, fehlten die &hellip; <a href=\"https:\/\/www.schiebener.net\/wordpress\/neheim-kehrt-heim-in-die-gemeinschaft-der-sauerlander-blogs\/\" class=\"more-link\"><span class=\"screen-reader-text\">\u201eNeheim kehrt heim in die Gemeinschaft der Sauerl\u00e4nder Blogs.\u201c <\/span>weiterlesen<\/a><\/p>\n","protected":false},"author":3,"featured_media":0,"comment_status":"open","ping_status":"open","sticky":false,"template":"","format":"standard","meta":{"footnotes":""},"categories":[674,80,32],"tags":[250,180,2450],"class_list":["post-12243","post","type-post","status-publish","format-standard","hentry","category-kultur","category-lokales","category-medien","tag-bloggerinnen","tag-blogs","tag-neheim"],"_links":{"self":[{"href":"https:\/\/www.schiebener.net\/wordpress\/wp-json\/wp\/v2\/posts\/12243","targetHints":{"allow":["GET"]}}],"collection":[{"href":"https:\/\/www.schiebener.net\/wordpress\/wp-json\/wp\/v2\/posts"}],"about":[{"href":"https:\/\/www.schiebener.net\/wordpress\/wp-json\/wp\/v2\/types\/post"}],"author":[{"embeddable":true,"href":"https:\/\/www.schiebener.net\/wordpress\/wp-json\/wp\/v2\/users\/3"}],"replies":[{"embeddable":true,"href":"https:\/\/www.schiebener.net\/wordpress\/wp-json\/wp\/v2\/comments?post=12243"}],"version-history":[{"count":0,"href":"https:\/\/www.schiebener.net\/wordpress\/wp-json\/wp\/v2\/posts\/12243\/revisions"}],"wp:attachment":[{"href":"https:\/\/www.schiebener.net\/wordpress\/wp-json\/wp\/v2\/media?parent=12243"}],"wp:term":[{"taxonomy":"category","embeddable":true,"href":"https:\/\/www.schiebener.net\/wordpress\/wp-json\/wp\/v2\/categories?post=12243"},{"taxonomy":"post_tag","embeddable":true,"href":"https:\/\/www.schiebener.net\/wordpress\/wp-json\/wp\/v2\/tags?post=12243"}],"curies":[{"name":"wp","href":"https:\/\/api.w.org\/{rel}","templated":true}]}}