{"id":12191,"date":"2011-05-13T21:02:33","date_gmt":"2011-05-13T20:02:33","guid":{"rendered":"http:\/\/www.schiebener.net\/wordpress\/?p=12191"},"modified":"2011-05-13T21:08:28","modified_gmt":"2011-05-13T20:08:28","slug":"gruner-politiker-memet-kilic-das-land-braucht-waschechte-sozialdemnokraten","status":"publish","type":"post","link":"https:\/\/www.schiebener.net\/wordpress\/gruner-politiker-memet-kilic-das-land-braucht-waschechte-sozialdemnokraten\/","title":{"rendered":"Gr\u00fcner Politiker Memet K\u00c4\u00b1l\u00c4\u00b1\u00e7: das Land braucht waschechte Sozialdemokraten."},"content":{"rendered":"<figure id=\"attachment_12194\" aria-describedby=\"caption-attachment-12194\" style=\"width: 138px\" class=\"wp-caption alignleft\"><img loading=\"lazy\" decoding=\"async\" class=\"size-full wp-image-12194   \" title=\"lt_memet_kilic_pressebild_5\" src=\"http:\/\/www.schiebener.net\/wordpress\/wp-content\/uploads\/2011\/05\/lt_memet_kilic_pressebild_5.jpg\" alt=\"Memet K\u00c4\u00b1l\u00c4\u00b1\u00e7 \u00fcbt Kritik an der SPD (foto: k\u00c4\u00b1l\u00c4\u00b1\u00e7)\" width=\"138\" height=\"208\" srcset=\"https:\/\/www.schiebener.net\/wordpress\/wp-content\/uploads\/2011\/05\/lt_memet_kilic_pressebild_5.jpg 320w, https:\/\/www.schiebener.net\/wordpress\/wp-content\/uploads\/2011\/05\/lt_memet_kilic_pressebild_5-199x300.jpg 199w\" sizes=\"auto, (max-width: 138px) 85vw, 138px\" \/><figcaption id=\"caption-attachment-12194\" class=\"wp-caption-text\">Memet K\u00c4\u00b1l\u00c4\u00b1\u00e7 \u00fcbt Kritik an der SPD (foto: k\u00c4\u00b1l\u00c4\u00b1\u00e7)<\/figcaption><\/figure>\n<p><strong>Der Gr\u00fcne Politiker <a href=\"http:\/\/www.memet-kilic-gruene.de\/persoenliches.html\" target=\"_blank\">Memet K\u00c4\u00b1l\u00c4\u00b1\u00e7<\/a>, Mitglied des Deutschen Bundestages, hat in einer bemerkenswerten Pressemitteilung und einem Newsletter seine Position zur SPD-Diskussion im Parteiausschlussverfahren gegen Thilo Sarrazin dargelegt. <\/strong><\/p>\n<p>Da wir den derzeitigen Niedergang der SPD nicht nur bedauern, sondern dar\u00fcber hinaus\u00a0 f\u00fcr gef\u00e4hrlich halten, ver\u00f6ffentlichen wir zur Diskussion die Beitr\u00e4ge von Memet K\u00c4\u00b1l\u00c4\u00b1\u00e7,\u00a0 Sprecher f\u00fcr Migrations- und Integrationspolitik.<\/p>\n<p><a href=\"http:\/\/www.memet-kilic-gruene.de\/fileadmin\/Medien\/Dokumente\/PM\/PM-Die_SPD_schafft_sich_ab.pdf\" target=\"_blank\">Hier die Pressemitteilung:<\/a><\/p>\n<p><strong>Die SPD schafft sich ab<\/strong><br \/>\nZur anhaltenden Debatte aufgrund des eingestellten Parteiausschlussverfahrens gegen Thilo Sarrazin erkl\u00e4rt Memet Kilic, Sprecher f\u00fcr Migrationspolitik von B\u00dcNDNIS 90\/DIE GR\u00dcNEN:<\/p>\n<p>Die SPD ist weder die Partei der Arbeitnehmerinnen und Arbeitnehmer, noch die Partei der Einwanderinnen und Einwanderer. Sie hat systematisch beide Gruppen verprellt.<\/p>\n<p>Sie ist die Partei einer Elite geworden, die ihre Eltern verleugnet, die als Putzfrauen und Fabrikarbeiter die Familie ern\u00e4hrt haben. Diese Elite glaubt nicht mehr daran, dass Jugendliche, die aus wirtschaftlich prek\u00e4ren Familienverh\u00e4ltnissen kommen, eine Zukunft haben. Zumindest tut sie nichts daf\u00fcr.<\/p>\n<p>Herr Gabriel war es, der schon letztes Jahr auf der Sarrazin-Welle surfte und harte T\u00f6ne gegen Einwanderer gefunden hat. Solche Sch\u00f6nwetterdemokraten brauchen wir nicht. Das Land braucht waschechte Sozialdemokraten.<\/p>\n<p><a href=\"http:\/\/www.memet-kilic-gruene.de\/swm\/browser.php?key=twitter-01-03&amp;rid=01_02_04_0A\" target=\"_blank\">Hier der ausf\u00fchrlichere Newsletter:<\/a><\/p>\n<table border=\"0\" cellspacing=\"15\" cellpadding=\"0\" width=\"580\" align=\"center\" bgcolor=\"#ffffff\">\n<tbody>\n<tr>\n<td style=\"font-family: Verdana,Arial,Helvetica,sans-serif; font-size: 13px; line-height: 18px; font-weight: normal; color: #333333;\" valign=\"top\">\n<p style=\"text-align: justify;\"><span style=\"font-size: 12pt;\"><strong>Sehr geehrte Damen und Herren,<br \/>\nliebe Freundinnen und Freunde,<\/strong><\/span><\/p>\n<p>in den letzten zwei Wochen wurde viel \u00fcber das eingestellte <strong>Parteiausschlussverfahren gegen Thilo Sarrazin<\/strong> berichtet.<\/p>\n<p>Damit hat die SPD gezeigt, dass sie weder die  Partei der Arbeitnehmerinnen und Arbeitnehmer, noch die Partei der  Einwanderinnen und Einwanderer mehr ist. Sie hat systematisch beide  Gruppen verprellt.<\/p>\n<p>Thilo Sarrazin hatte zuerst  den Hartz IV-Empf\u00e4ngern im Winter dicke Pullover zugemutet und ihnen  erkl\u00e4rt wie gut sie sich mit weniger als vier Euro am Tag ern\u00e4hren  k\u00f6nnen. Sp\u00e4ter hat er Stimmung gegen Eingewanderte gemacht.<\/p>\n<p>Sein  Parteivorsitzender Sigmar Gabriel war es, der schon letztes Jahr  auf  der Sarrazin-Welle surfte und &#8222;eine h\u00e4rtere Gangart in der   Integrationspolitik&#8220; gefordert hat. Thilo Sarrazin treibt seinen Unfug  schon lange. Das  hat die F\u00fchrung der SPD nie sonderlich gest\u00f6rt.  Nachdem er in einer  beleidigenden Weise von bestimmten \u00e2\u20ac\u017ej\u00fcdischen  Genen\u00e2\u20ac\u0153 sprach, haben unser  Bundespr\u00e4sident und unsere Bundeskanzlerin  deutliche Worte gegen  Sarrazin gefunden. Erst dann war die F\u00fchrung der  SPD bereit gegen  Sarrazin ein halbherziges Verfahren einzuleiten und  sich sp\u00e4ter mit  einer mehr als halbherzigen Erkl\u00e4rung zufrieden zu  geben.<\/td>\n<\/tr>\n<tr>\n<td style=\"font-family: Verdana,Arial,Helvetica,sans-serif; font-size: 13px; line-height: 18px; font-weight: normal; color: #333333;\" colspan=\"2\" valign=\"top\">\n<div style=\"text-align: justify;\">\n<p>Nach den prominenten Parteiaustritten von  Sergey  Lagodinsky, Gr\u00fcnder des Arbeitskreises j\u00fcdischer  Sozialdemokraten und  Mehmet Tanriverdi Pr\u00e4sident der  Bundesarbeitsgemeinschaft der  Immigrantenverb\u00e4nde (BAGIV), hat die  SPD-F\u00fchrung kalte F\u00fc\u00dfe bekommen und  mit einer <strong>&#8222;<\/strong><strong>Migrantenquote&#8220;<\/strong> versucht die Sarrazin-Trag\u00f6die zu verdecken.<\/p>\n<p>Doch der rote Teufel  steckt im Detail: Die Quote von 15 Prozent soll  f\u00fcr F\u00fchrungsgremien der  Bundespartei &#8211; als Ziel &#8211; dienen; den  Landesverb\u00e4nden &#8211; wird empfohlen  -, sich ebenfalls an diese Quote bei  der Besetzung der Gremien und der  Kandidatenaufstellung zu halten;  Demzufolge hat im 45 k\u00f6pfigen  Bundesvorstand nun auch ein Mensch mit  Migrationsgeschichte einen Platz  erhalten (Kenan Kolat, Vorsitzender der  T\u00fcrkischen Gemeinde in  Deutschland) &#8211; Kolat hat allerdings nur ein  Rederecht, aber kein  Stimmrecht in dem Gremium. Das ist also nur  eine &#8222;Migrantenquote ultra  light&#8220;, auf die die Menschen mit  Migrationsgeschichte sicher nicht  reinfallen werden.<\/p>\n<p>Herzliche Gr\u00fc\u00dfe<br \/>\n<img loading=\"lazy\" decoding=\"async\" src=\"http:\/\/www.memet-kilic-gruene.de\/swm\/userfiles\/2\/image\/MKNewsletter\/mk_newsletter_signature.jpg\" alt=\"\" width=\"208\" height=\"51\" \/><\/div>\n<\/td>\n<\/tr>\n<\/tbody>\n<\/table>\n","protected":false},"excerpt":{"rendered":"<p>Der Gr\u00fcne Politiker Memet K\u00c4\u00b1l\u00c4\u00b1\u00e7, Mitglied des Deutschen Bundestages, hat in einer bemerkenswerten Pressemitteilung und einem Newsletter seine Position zur SPD-Diskussion im Parteiausschlussverfahren gegen Thilo Sarrazin dargelegt. Da wir den &hellip; <a href=\"https:\/\/www.schiebener.net\/wordpress\/gruner-politiker-memet-kilic-das-land-braucht-waschechte-sozialdemnokraten\/\" class=\"more-link\"><span class=\"screen-reader-text\">\u201eGr\u00fcner Politiker Memet K\u00c4\u00b1l\u00c4\u00b1\u00e7: das Land braucht waschechte Sozialdemokraten.\u201c <\/span>weiterlesen<\/a><\/p>\n","protected":false},"author":3,"featured_media":0,"comment_status":"open","ping_status":"open","sticky":false,"template":"","format":"standard","meta":{"footnotes":""},"categories":[303,1043],"tags":[164,1647,13],"class_list":["post-12191","post","type-post","status-publish","format-standard","hentry","category-in-unserem-briefkasten","category-pressemitteilungen","tag-grune","tag-sarrazin","tag-spd"],"_links":{"self":[{"href":"https:\/\/www.schiebener.net\/wordpress\/wp-json\/wp\/v2\/posts\/12191","targetHints":{"allow":["GET"]}}],"collection":[{"href":"https:\/\/www.schiebener.net\/wordpress\/wp-json\/wp\/v2\/posts"}],"about":[{"href":"https:\/\/www.schiebener.net\/wordpress\/wp-json\/wp\/v2\/types\/post"}],"author":[{"embeddable":true,"href":"https:\/\/www.schiebener.net\/wordpress\/wp-json\/wp\/v2\/users\/3"}],"replies":[{"embeddable":true,"href":"https:\/\/www.schiebener.net\/wordpress\/wp-json\/wp\/v2\/comments?post=12191"}],"version-history":[{"count":0,"href":"https:\/\/www.schiebener.net\/wordpress\/wp-json\/wp\/v2\/posts\/12191\/revisions"}],"wp:attachment":[{"href":"https:\/\/www.schiebener.net\/wordpress\/wp-json\/wp\/v2\/media?parent=12191"}],"wp:term":[{"taxonomy":"category","embeddable":true,"href":"https:\/\/www.schiebener.net\/wordpress\/wp-json\/wp\/v2\/categories?post=12191"},{"taxonomy":"post_tag","embeddable":true,"href":"https:\/\/www.schiebener.net\/wordpress\/wp-json\/wp\/v2\/tags?post=12191"}],"curies":[{"name":"wp","href":"https:\/\/api.w.org\/{rel}","templated":true}]}}