{"id":12115,"date":"2011-05-09T20:37:32","date_gmt":"2011-05-09T19:37:32","guid":{"rendered":"http:\/\/www.schiebener.net\/wordpress\/?p=12115"},"modified":"2016-01-05T17:17:13","modified_gmt":"2016-01-05T16:17:13","slug":"erneute-heimsuchung-die-grose-wp-umfrage","status":"publish","type":"post","link":"https:\/\/www.schiebener.net\/wordpress\/erneute-heimsuchung-die-grose-wp-umfrage\/","title":{"rendered":"Erneute Heimsuchung: Die gro\u00dfe WP-Umfrage."},"content":{"rendered":"<p><strong>Ende September 2009, es kommt mir vor wie gestern, <a href=\"http:\/\/www.schiebener.net\/wordpress\/?p=5024\" target=\"_blank\">berichteten wir<\/a> \u00fcber eine Leser-Umfrage der Westfalenpost unter dem damaligen Chefredakteur Bodo Zapp. Wir hatten damals die launige \u00dcberschrift <em>&#8222;WP-Wochen: Wie ich einmal die H\u00e4lfte der Leserschaft verga\u00df und ihr die falschen Fragen stellte&#8220;<\/em> gew\u00e4hlt.<\/strong><\/p>\n<p>Wir urteilten: <strong>Realsatire!<\/strong><\/p>\n<p>Anderthalb Jahre sp\u00e4ter flattert uns erneut eine sogenannte Umfrage der Westfalenpost ins Haus. Wer die sechs Fragen beantworte, bekomme f\u00fcnf Wochen lang die Westfalenpost (WP) f\u00fcr 18,99 Euro, au\u00dferdem entweder einen Geschenkgutschein von Tchibo (10\u00e2\u201a\u00ac) oder ein &#8222;Uhren-Duo&#8220;.<\/p>\n<p>Dar\u00fcber hinaus d\u00fcrfe man noch am gro\u00dfen WP-Gewinnspiel teilnehmen. H\u00f6chstpreis: Verdopplung des Monatsgehalts.<\/p>\n<p>Bevor wir uns h\u00e4mische Gedanken \u00fcber die Qualit\u00e4t des &#8222;Uhren-Duos&#8220; machen, welches das \u00c4quivalent des 10 Euro Tchibo Gutscheins ist, und bevor wir spekulieren, ob nun alle Gesch\u00e4ftsf\u00fchrer\u00a0 oder s\u00e4mtliche Hartz IV Empf\u00e4nger die WP in der Hoffnung auf ein doppeltes Monatsgehalt bestellen werden, wenden wir uns den Fragen zu.<\/p>\n<p><strong>1. Die Lebenshaltungskosten steigen stetig. An welcher Stelle w\u00fcrden Sie am ehesten sparen?<\/strong><\/p>\n<p>Jetzt habe ich f\u00fcnf M\u00f6glichkeiten zum Ankreuzen: Benzin, Strom, Lebensmitteln(!), Freizeitaktivit\u00e4ten, und Urlaub.<\/p>\n<p>Aus welchem Grund steht denn da dieser merkw\u00fcrdige Konjunktiv &#8222;w\u00fcrden&#8220;? Entweder sinken die Realeinkommen oder sie sinken nicht. Gesetzt den Fall, die Realeinkommen s\u00e4nken, dann m\u00fcssten!!! die Menschen notgedrungen sparen. Ich spare mir die Antwort.<\/p>\n<p><strong>2. Sind Sie mit dem Freizeitangebot in und um Winterberg (z. B. Schwimmb\u00e4der, Parks) zufrieden?<\/strong><\/p>\n<p>Antwortm\u00f6glichkeiten: Ja, Nein, Keine Angabe<\/p>\n<p>Ich wiederhole: Ja, Nein, Keine Angabe<\/p>\n<p><strong>3. F\u00fcr welche Bev\u00f6lkerungsgruppe sollte es mehr Freizeitangebote in Winterberg geben?<\/strong><\/p>\n<p>Auswahl: Jugendliche, Familien m. Kindern, Erwachsene,\u00a0 Rentner und keine Angabe.<\/p>\n<p>Aus welchem Grund sollte ich versuchen, mich in eine andere Bev\u00f6lkerungsgruppe hinein zu versetzen und ihr ein Freizeitangebot anzudichten?<\/p>\n<p><strong>4. Nahezu jede Stadt bzw. Gemeinde muss sparen. Sind davon auch Freizeitangebote betroffen, die Sie nutzen?<\/strong><\/p>\n<p>Wahnsinnsauswahl: Ja, Nein, Keine Angabe.<\/p>\n<p>Der Logik der Personalisierung folgend, h\u00e4tte doch wie in Frage 2 hier auch &#8222;Winterberg&#8220; stehen m\u00fcssen.\u00a0 Neutral h\u00e4tte die Frage lauten m\u00fcssen: Die Stadt Winterberg spart laut Haushalt an &#8230; und als Lokalzeitung wei\u00df doch die WP Bescheid, wo im Haushalt gek\u00fcrzt wird.<\/p>\n<p><strong>5. Oft &#8222;vergessen&#8220; Parkbesucher, M\u00fcll und leere Flaschen wieder mitzunehmen oder zu entsorgen. Sollte Ihrer Meinung nach das Grilllen in \u00f6ffentlichen Parkanlagen untersagt werden?<\/strong><\/p>\n<p>Ja, Nein, Keine Antwort.<\/p>\n<p>Wo kommt denn diese Frage her? Hat die Lokalredaktion das Grillen in Parkanlagen schon als Problem recherchiert? Ehrlich gesagt, der meiste M\u00fcll wird doch von Besuchern eines Winterberger Fastfood-Restaurants weitr\u00e4umig an den Stra\u00dfenr\u00e4ndern entsorgt.<\/p>\n<p><strong>6. Wenn unsere Kommunalpolitik schon zu Sparma\u00dfnahmen gezwungen ist, wo sollte Winterberg Ihrer Meinung nach den Rotstift ansetzen?<\/strong><\/p>\n<p>Freie Antwort: &#8230;&#8230;&#8230;&#8230;&#8230;&#8230;&#8230;&#8230;&#8230;&#8230;&#8230;&#8230;&#8230;&#8230;&#8230;&#8230;&#8230;&#8230;&#8230;&#8230;&#8230;&#8230;&#8230;&#8230;&#8230;&#8230;&#8230;&#8230;&#8230;&#8230;&#8230;.. und Keine Angabe<\/p>\n<p>Ehrlich gesagt: mir passt diese ganze suggestive Fragerei nicht, die unterstellt, dass das Sparen gewissermassen ein \u00f6konomisches Gesetz ist.\u00a0 Eine Lokalzeitung sollte transparent machen, wie die Verteilung der Gelder in, an und aus den Kommunen l\u00e4uft.<\/p>\n<p>Ich kann mir \u00fcberhaupt nicht vorstellen, wie die Winterberger Redaktion diese zusammengeschusterten Fragen f\u00fcr ihre journalistische Arbeit nutzen will oder kann. Mein Eindruck ist, dass es sich mehr um eine billige Abo-Werbekampagne, denn um eine ernsthafte Auseinandersetzung mit den Problemen und Verh\u00e4ltnissen in Winterberg handelt.<\/p>\n<p>Diese Werbekampagne ist wahrscheinlich ein Serienbrief, bei dem je nach Wohnort in Frage 2 oder 6 eine andere Gemeinde eingesetzt wird.<\/p>\n<p>Wer es besser wei\u00df, sage Bescheid.<\/p>\n","protected":false},"excerpt":{"rendered":"<p>Ende September 2009, es kommt mir vor wie gestern, berichteten wir \u00fcber eine Leser-Umfrage der Westfalenpost unter dem damaligen Chefredakteur Bodo Zapp. Wir hatten damals die launige \u00dcberschrift &#8222;WP-Wochen: Wie &hellip; <a href=\"https:\/\/www.schiebener.net\/wordpress\/erneute-heimsuchung-die-grose-wp-umfrage\/\" class=\"more-link\"><span class=\"screen-reader-text\">\u201eErneute Heimsuchung: Die gro\u00dfe WP-Umfrage.\u201c <\/span>weiterlesen<\/a><\/p>\n","protected":false},"author":3,"featured_media":0,"comment_status":"open","ping_status":"open","sticky":false,"template":"","format":"standard","meta":{"footnotes":""},"categories":[80,32],"tags":[340],"class_list":["post-12115","post","type-post","status-publish","format-standard","hentry","category-lokales","category-medien","tag-westfalenpost"],"_links":{"self":[{"href":"https:\/\/www.schiebener.net\/wordpress\/wp-json\/wp\/v2\/posts\/12115","targetHints":{"allow":["GET"]}}],"collection":[{"href":"https:\/\/www.schiebener.net\/wordpress\/wp-json\/wp\/v2\/posts"}],"about":[{"href":"https:\/\/www.schiebener.net\/wordpress\/wp-json\/wp\/v2\/types\/post"}],"author":[{"embeddable":true,"href":"https:\/\/www.schiebener.net\/wordpress\/wp-json\/wp\/v2\/users\/3"}],"replies":[{"embeddable":true,"href":"https:\/\/www.schiebener.net\/wordpress\/wp-json\/wp\/v2\/comments?post=12115"}],"version-history":[{"count":0,"href":"https:\/\/www.schiebener.net\/wordpress\/wp-json\/wp\/v2\/posts\/12115\/revisions"}],"wp:attachment":[{"href":"https:\/\/www.schiebener.net\/wordpress\/wp-json\/wp\/v2\/media?parent=12115"}],"wp:term":[{"taxonomy":"category","embeddable":true,"href":"https:\/\/www.schiebener.net\/wordpress\/wp-json\/wp\/v2\/categories?post=12115"},{"taxonomy":"post_tag","embeddable":true,"href":"https:\/\/www.schiebener.net\/wordpress\/wp-json\/wp\/v2\/tags?post=12115"}],"curies":[{"name":"wp","href":"https:\/\/api.w.org\/{rel}","templated":true}]}}